{"id":54034,"date":"2023-06-09T12:25:24","date_gmt":"2023-06-09T16:25:24","guid":{"rendered":"https:\/\/debateplural.com\/inicio\/?p=54034"},"modified":"2023-06-09T12:25:24","modified_gmt":"2023-06-09T16:25:24","slug":"muerte-cruzada-hegemonia-y-tendencias","status":"publish","type":"post","link":"https:\/\/debateplural.net\/site\/2023\/06\/09\/muerte-cruzada-hegemonia-y-tendencias\/","title":{"rendered":"\u00abMuerte cruzada\u00bb, hegemon\u00eda y tendencias"},"content":{"rendered":"<p>Francisco Mu\u00f1oz Jaramillo (Rebelion, 9-6-23)<\/p>\n<p>&nbsp;<\/p>\n<p>La \u00abmuerte cruzada\u201d decretada por el presidente Guillermo Lasso en d\u00edas pasados abre el camino para disputar y, eventualmente,\u00a0 concretar y afianzar la hegemon\u00eda econ\u00f3mica neoliberal y fondomonetarista, que ha tenido dificultades para ser impulsada,\u00a0en los dos a\u00f1os del gobierno de Lasso.<\/p>\n<p>Se da como alternativa constitucional al juicio de censura\u00a0 y destituci\u00f3n del presidente\u00a0 de la Rep\u00fablica, que pendi\u00f3 sobre su cabeza\u00a0 en los \u00faltimos dos meses. Dicho decreto constituye una coartada, para evitar la investigaci\u00f3n fiscal, de la\u00a0denuncia de la existencia de v\u00ednculos\u00a0 de la c\u00fapula gubernamental con la corrupci\u00f3n y el narcolavado.<\/p>\n<p>Se promueve y ensaya\u00a0 este giro pol\u00edtico hegem\u00f3nico, impulsando de acuerdo a la norma constitucional un proceso electoral para elegir presidente y vicepresidente como asamble\u00edstas;\u00a0 en circunstancias\u00a0 en que el gobierno ha asumido como prioridad el combate a la inseguridad, las mafias criminales y el narcotr\u00e1fico; para lo cual ha decidido militarizar el Estado y las instituciones de seguridad incluyendo a importantes personajes, h\u00e9roes del Cenepa, que han prestado sus figuras y prestigio personal para imponer una l\u00ednea autoritaria.<\/p>\n<p>La mencionada norma constitucional decretada por Lasso que corresponde, de manera coherente, al conflicto pol\u00edtico e\u00a0 institucional del Ecuador, y pone de manifiesto la\u00a0 continuidad de los mecanismos del llamado estado de excepci\u00f3n, como son\u00a0 la arbitrariedad y el autoritarismo,\u00a0 de los que Lasso ha hecho uso\u00a0 para suplir su d\u00e9ficit de hegemon\u00eda neoliberal, y su l\u00edmite gubernamental, como el escaso apoyo pol\u00edtico y popular. En este aspecto basta recordar la forma como promovi\u00f3 y protegi\u00f3 a la Presidenta de la\u00a0 Asamblea Nacional, la ex militante del M. Pachacutik, Guadalupe\u00a0 Llori, en el periodo anterior, para zanjar diferencias y, eventualmente, aprobar medidas antipopulares.<\/p>\n<p>En medio del conflicto y crisis pol\u00edtica de las \u00faltimas semanas, la decisi\u00f3n mencionada, ha liberado, de manera urgente e improvisada\u00a0 el campo de la lucha pol\u00edtico electoral, de las fracciones, tendencias y agrupaciones comprometidas con esta actividad. Las mismas que se han lanzado de manera r\u00e1pida,\u00a0 confusa, y dispersa,\u00a0\u00a0 a obtener votos para la elecci\u00f3n de la presidencia y vicepresidencia, y la representaci\u00f3n parlamentaria; donde se ha evidenciado, en algunos casos, capacidades pol\u00edtico electorales y de comunicaci\u00f3n,\u00a0 como la del movimiento Pachacutik, que obtuvo un importante n\u00famero de asamble\u00edstas en\u00a0 2021, y en el 2023 significativas alcald\u00edas como la de la ciudad de Ambato; y UNES o Revoluci\u00f3n Ciudadana, por otro lado, que logro llegar con 46 asamble\u00edstas, obteniendo adicionalmente en el 2023\u00a0 acaldes y prefectos destacados como en el caso de Guayas en que Unes o revoluci\u00f3n ciudadana\u00a0 alcanzo\u00a0 la prefectura, y\u00a0 la alcald\u00eda\u00a0 de Guayaquil, como\u00a0 tambi\u00e9n en forma similar, Pichincha y Quito; poniendo as\u00ed\u00a0 de manifiesto su crecimiento pol\u00edtico -aunque\u00a0 cuantitativamente limitado \u2013 si observamos su votaci\u00f3n efectiva, equivalente a nivel nacional, a un rango de entre 25-30%.<\/p>\n<p>Fue\u00a0 en este contexto electoral, por otro lado, que\u00a0 Guillermo Lasso llega, en la segunda vuelta de las presidenciales de 2021, y\u00a0 derrota al candidato correista Arauz, en medio de situaciones de fraude\u00a0 que se evidenciaron en la primera vuelta, y de un apoyo relativamente ficticio en la segunda vuelta, utilizando la coartada o estrategia de la derecha ecuatoriana consistente en la bipolaridad correismo-anti correismo.<\/p>\n<p>En consecuencia,\u00a0\u00a0la \u201cmuerte cruzada\u201d abre un nuevo momento electoral-<em>sui generis<\/em>\u2013 de medio periodo- que pone a prueba la existencia y continuidad de los actores y tendencias del pasado inmediato, en presencia -como ya ocurri\u00f3 y ahora tiende a ocurrir en la escena pol\u00edtica electoral- de dos rasgos contradictorios concretos: la dispersi\u00f3n y la polarizaci\u00f3n.<\/p>\n<p>Examinar\u00e9 en este art\u00edculo algunas caracter\u00edsticas de\u00a0c\u00f3mo se manifiestan\u00a0 estos rasgos y su posible desenlace en los resultados electorales de primera vuelta en el mes de agosto y de segunda\u00a0 vuelta en octubre, de acuerdo al calendario electoral\u00a0 propuesto por el CNE. Proceso electoral, de otro lado, en el que se ha decidido incluir la consulta popular sobre la no explotaci\u00f3n del petr\u00f3leo en\u00a0 el Yasuni, y el\u00a0 NO a la miner\u00eda en la zona del Choco en Quito-Pichincha.<\/p>\n<p><strong>II<\/strong><\/p>\n<p>La pregunta\u2013como se suele decir del mill\u00f3n-\u00a0 que nos hacemos los ecuatorianos es\u00a0 \u00bfqu\u00e9 es lo que expresa esta situaci\u00f3n y conflicto electoral urgente,\u00a0 disperso y confuso, que estamos y vamos a vivir\u00a0 en las pr\u00f3ximas semanas?<\/p>\n<p>\u00bfSe trata tan solo de un conflicto pol\u00edtico en escena? \u00bfDepender\u00e1 su interpretaci\u00f3n\u00a0 tan solo de los \u201clugares comunes\u201d que analizan el conflicto?, o \u00bfaquello que nos pueda decir la inteligencia artificial (IA) y los m\u00e9todos virtuales?,\u00a0 o, m\u00e1s bien \u00bfhay un trasfondo propio de la din\u00e1mica del bloque dominante o bloque en el poder, el mismo que genera conflictos espec\u00edficos en la escena, que influyen en la representaci\u00f3n, la comunicaci\u00f3n y la participaci\u00f3n electoral, y en consecuencia inciden en el proceso y desenlace\u00a0 pol\u00edtico en ciernes?,<\/p>\n<p>Trasfondo\u00a0 que debe observarse, principalmente, en la din\u00e1mica actual de la econom\u00eda ecuatoriana, y en el comportamiento de determinados sectores, donde se encuentran\u00a0 importantes productores y exportadores, que han manifestado su contrariedad, y se han\u00a0 enfrentado al predominio de banqueros y financistas, ligados al presidente Lasso, del cual han obtenido beneficios importantes (como muestran los indicadores financieros) resultado de la tarea ejecutiva del gobierno como es el caso de un\u00a0 decreto emitido, a favor de los banqueros hace unos meses atr\u00e1s.<\/p>\n<p>Desde esta constataci\u00f3n u observaci\u00f3n emp\u00edrica, (que requiere de una investigaci\u00f3n de mayor nivel y\u00a0 profundidad por parte de profesionales de la econom\u00eda) sostener \u2013como hacen algunos analistas- que entre los sectores en conflicto habr\u00eda una acuerdo encaminado al reparto econ\u00f3mico y pol\u00edtico, como de los integrantes de la asamblea nacional, pr\u00f3xima a constituirse,\u00a0 sosteniendo-dicen- que existe un pacto\u201c (el lado oscuro del proceso) que\u00a0 muestra\u00a0 la gobernanza tripartita, de tres agrupaciones o sectores: Creo-Psc-Unes, las mismas que buscan ordenar y organizar el poder pol\u00edtico. Dicha postura\u00a0 cae en\u00a0 una interpretaci\u00f3n subjetiva carente de percepci\u00f3n pol\u00edtica y econ\u00f3mica\u00a0 de la realidad en ciernes,\u00a0 y de los distintos niveles de la disputa del poder.<\/p>\n<p>Dichos sectores econ\u00f3micos y sociales, que obviamente, han chantajeado\u00a0 y tensionado en el contexto del conflicto pol\u00edtico; tratando de disputar el proceso y su desenlace hacia sus intereses pecuniarios. M\u00e1s all\u00e1 de\u00a0 la descripci\u00f3n de los \u201clugares comunes\u201d, aqu\u00ed est\u00e1 la raz\u00f3n de ser del conflicto principal de la coyuntura,\u00a0 y del proceso electoral en ciernes en el contexto de la \u201cmuerte cruzada\u201d. Es aqu\u00ed donde nuestra interpretaci\u00f3n advierte-como se ha advertido en otros art\u00edculos-\u00a0 la necesidad de utilizar el ejercicio del poder para imponer medidas neoliberales, como el caso de las zonas francas -como decreto urgente- entregado por el ejecutivo a la Corte Constitucional (CC), as\u00ed como la realizaci\u00f3n de determinadas\u00a0 privatizaciones pendientes como Telecomunicaciones, el Seguro Social, el Banco del Pacifico, etc. al mismo tiempo que se prepara un decreto fiscal que eventualmente aliviar\u00eda el pago de impuestos a la poblaci\u00f3n.<\/p>\n<p>Dichos analistas, por otro lado, que justifican\u00a0 una posici\u00f3n pol\u00edtica (en principio\u00a0 cercana de Lasso),\u00a0 no alcanzan a ver las fisuras circunstanciales (no exactamente estructurales) propias de la din\u00e1mica econ\u00f3mica actual y del modo en que se benefician de manera particular banqueros y financistas, en el proceso de configuraci\u00f3n hegem\u00f3nica, tensi\u00f3n y forcejeo, del bloque dominante; que se encuentra \u00a0adicionalmente atravesado por un marco de inversi\u00f3n proveniente del narcotr\u00e1fico, todav\u00eda oculto y no suficiente investigado y revelado.<\/p>\n<p>Sin duda Lasso y sus amigos se aprestan a esta orientaci\u00f3n\u00a0 y buscan y han buscado la hegemon\u00eda, en el contexto de los compromisos contra\u00eddos con el FMI, de esta manera apuntan a dirimir la escena actual a su favor con las elecciones de presidente y asamble\u00edstas para consolidar esta l\u00ednea.<\/p>\n<p><strong>III<\/strong><\/p>\n<p>Teniendo en cuenta lo antes mencionado, y el intento por concretar el\u00a0 giro y afianzamiento hegem\u00f3nico,\u00a0 se puede observar la correlaci\u00f3n de fuerzas, vale decir, la existencia, -conforme a la clasificaci\u00f3n que proponemos- de dos campos o conjuntos electorales confrontados. Y cuya fortaleza de cada una de las agrupaciones depender\u00e1\u00a0 de la fuerza estructurada, del nivel de representaci\u00f3n pol\u00edtico- ideol\u00f3gica, y de la\u00a0 capacidad de comunicaci\u00f3n, hoy claramente ligada al uso (y abuso) de las llamadas redes sociales y la inteligencia artificial(IA); como tambi\u00e9n depender\u00e1 de los recursos econ\u00f3micos.<\/p>\n<p>Uno de los campos agrupa a las organizaciones de la\u00a0 postura de la derecha ecuatoriana, donde han comenzado a manifestarse candidatos algunos\u00a0 con perfiles, especialmente de outsiders, (vale decir, indefinidos pol\u00edticamente, ambiguos ideol\u00f3gicos, y apol\u00edticos -anti pol\u00edtica);\u00a0 como son los casos, del propuesto por los socialcristianos, el empresario Jan Topic, en quien se espera encontrar\u00a0 el\u00a0\u00a0 reflejo de una\u00a0 figura y proyecto \u201crambo\u201d que enfrente la in seguridad; de otto Sonnenholsner, ex vicepresidente de la rep\u00fablica que cuenta con organizaciones que han decidido apoyarlo; y\u00a0 otros, de menor nivel, como Villavicencio vinculado a la\u00a0 representaci\u00f3n anticorrupci\u00f3n y el gobierno de Lasso. En este campo se encuentra tambi\u00e9n el candidato Noboa, hijo del millonario Alvaro Noboa,\u00a0 etc En el \u00faltimo momento se ha sumado a este proceso electoral el caso de Hervas, candidato en 2021 de Izquierda Democr\u00e1tica.<\/p>\n<p>En el otro campo pol\u00edtico electoral \u2013 que he clasificado- de confronta miento,\u00a0 en la escena,\u00a0 se\u00a0 encuentran organizaciones y candidatos que podr\u00edan ubicarse en\u00a0 la llamada Centro Izquierda e izquierda:\u00a0 por caso,\u00a0\u00a0 Yaku Perez, que surgi\u00f3 y se origin\u00f3, en forma individual, en la importante fuerza del movimiento ind\u00edgena, Conaie y\u00a0 Pachacutik, en el 2021, y que en la actualidad se encuentra aliado con fuerzas tradicionales de la centro izquierda,\u00a0 los viejos partidos Socialista y la Unidad Popular, por una parte; y por otra, el candidato del movimiento Pachacutik, que ha decidido, en medio del conflicto interno,\u00a0 con el importante movimiento social, la CONAIE,\u00a0 deponer la candidatura a la presidencia de Le\u00f3nidas Iza. Controvertido personaje,\u00a0 que\u00a0 ha puesto el \u00e9nfasis en la misi\u00f3n de avanzar en el fortalecimiento, depuraci\u00f3n y firmeza ideol\u00f3gica de este movimiento pol\u00edtico. Quien ha demandado, por otra parte, correcci\u00f3n en las condiciones establecidas, como es el caso del rechazo a los candidatos de la lista nacional encabezada por un advenedizo, ligado\u00a0 al presidente Lasso; e impulsar desde la base decisiones colectivas para definir\u00a0 candidatos provinciales a la Asamblea abriendo un abanico de posibilidades a la presidencia, aun no resuelto, como la candidatura\u00a0 de Salvador Qhishpe, o finalmente la decisi\u00f3n de no presentar candidato a la presidencia, incertidumbres que se combinan\u00a0 con una \u00faltima decisi\u00f3n de apoyo a Yaku P\u00e9rez.<\/p>\n<p>En este mismo campo, se ubica, aunque con diferencias- algunas de tinte \u00e9tico-\u00a0\u00a0con las otras tendencias mencionadas la del populismo -del correismo- , donde uno de los\u00a0 candidatos, Arauz, quien particip\u00f3 en el 2021, al parecer ser\u00eda tambi\u00e9n candidato en esta ocasi\u00f3n (aunque a la vicepresidencia),\u00a0 mostrando-como reconocen algunos analistas- una estructura org\u00e1nica importante, representaci\u00f3n popular y manifiesta capacidad de comunicaci\u00f3n. De todas maneras a su interior se ha discutido la conveniencia de participar en la contienda de agosto de 2023, como expresi\u00f3n ganadora, y proyectarse en perspectiva\u00a0 en forma m\u00e1s eficaz hacia el 2025.<\/p>\n<p>En el curso de los \u00faltimos dos a\u00f1os en este espacio se han observado cuatro momentos o conductas pol\u00edtico t\u00e1cticas, de enfrentamiento al presidente neoliberal Lasso y su representaci\u00f3n financiero-bancaria: el voto nulo de la segunda vuelta para rechazar la candidatura de Lasso; la importante movilizaci\u00f3n nacional ind\u00edgena de junio de 2021;\u00a0 la postura en torno al\u00a0 NO de la consulta en las elecciones de febrero de 2021; como la decisi\u00f3n y compromiso en la Asamblea Nacional, con el juicio pol\u00edtico de censura y destituci\u00f3n del Presidente de la Republica.<\/p>\n<p>Acumulado de conducta pol\u00edtica que con diferencias y coincidencias entre las distintas agrupaciones de este campo\u00a0\u00a0 en la escena inmediata de agosto de 2023, disputaran entre ellas el predominio y la ventaja electoral. \u00a0\u00a0Constituyendo un momento opuesto a la voracidad del capitalismo financiero, el extractivismo as\u00ed como la arbitrariedad y el autoritarismo de la gesti\u00f3n gubernamental, en pos de las reivindicaciones sociales, ecol\u00f3gicas propuesto en este periodo.<\/p>\n<p>Dimensiones mencionadas, por otra parte, que ponen en tensi\u00f3n dos visiones y posiciones pol\u00edtico-ideol\u00f3gicas de la sociedad ecuatoriana,\u00a0 sobre distintos aspectos, como la importancia de la intervenci\u00f3n y de la participaci\u00f3n del Estado para impulsar el desarrollo y definir la pol\u00edtica p\u00fablica, como tambi\u00e9n la\u00a0 social, al igual que los acuerdos con el FMI. En este nivel reconocemos,\u00a0 por una parte, aquella\u00a0 que representa la postura neoliberal,\u00a0 que busca prescindir y desmantelar el estado, y favorecer unilateralmente la acumulaci\u00f3n privada empresarial; ligada especialmente al estractivismo minero y la determinaci\u00f3n financiera;\u00a0 y de otra reconocemos la del campo de la llamada centro izquierda e izquierda, que promueve una activa participaci\u00f3n estatal, que conduzca a la\u00a0 \u201crevoluci\u00f3n pasiva\u201d -como sol\u00eda decir\u00a0 Gramsci- en el marco del llamado progresismo latinoamericano, tales como son los\u00a0 casos, especialmente, de los presidentes Petro en Colombia y Lula en Brasil, en el contexto de una situaci\u00f3n geopol\u00edtica conflictiva y en crisis en la regi\u00f3n. Ambito donde se expresan adem\u00e1s las posiciones contrarias al estractivismo minero (aunque no suficientemente),\u00a0 y\u00a0 apoyan en firme, en la consulta\u00a0 en ciernes del Ecuador, la\u00a0\u00a0 no extracci\u00f3n del petr\u00f3leo, que ha sido planteado por el grupo de los Yasunidos, as\u00ed como la NO miner\u00eda en la zona del Choco\u00a0 Andino en Quito-Pichincha<\/p>\n<p>Esta es la efectiva\u00a0 correlaci\u00f3n de fuerzas, que expresa\u00a0 el confrontamiento pol\u00edtico-ideol\u00f3gico de los dos campos mencionados, que disputar\u00e1n las elecciones en estos pr\u00f3ximos meses, y desde la centro izquierda e izquierda, se aprestan\u00a0 a contribuir a la configuraci\u00f3n de la hegemon\u00eda \u2013 vale decir seg\u00fan Gramsci \u2013 el consenso activo , de corte valorativo y de principios, principalmente anti-neoliberales, en oposici\u00f3n y tensi\u00f3n con el conservadorismo ecuatoriano, el mismo que se\u00a0 expresa en\u00a0 la disputa a la presidencia\u00a0 en el pr\u00f3ximo periodo, m\u00e1s all\u00e1 de la corta coyuntura de a\u00f1o y medio, que vivir\u00e1 el Ecuador hasta el 2025.<\/p>\n<p>Momento singular\u00a0<em>\u2013sui generis-<\/em>\u00a0que nunca ha vivido el Ecuador en su historia, y que a nivel de la escena, se coloca como elemento principal en la soluci\u00f3n del desenlace pol\u00edtico, la coartada y\/o estrategia de la derecha ligada a promover la bipolaridad correismo\/ anticorreismo, y que tiende a expresarse bajo distintas formas y protagonistas. (L\u00f3gica estrat\u00e9gica que puede incidir en el NO de la consulta sobre el Yasuni). En su discurso de no aceptaci\u00f3n a la reelecci\u00f3n, el Presidente Lasso, puso por delante esta estrategia derechista, buscando polarizar desde sus intereses, una vez m\u00e1s la escena, en los t\u00e9rminos planteados.<\/p>\n<p>Lo cierto es que junto a la dispersi\u00f3n e incertidumbre, se expresa esta polarizaci\u00f3n, donde en medio de la confusi\u00f3n reinante no se \u201catina\u201d (por parte de los analistas) a ubicar en que terreno efectivamente se pisa en la coyuntura.<\/p>\n<p>Al parecer-y formulo\u00a0 como una problem\u00e1tica- \u00a0hay fuerzas presentes en el escenario actual que\u00a0 advierten que un gobierno de apenas a\u00f1o y medio (noviembre 2023 a Mayo 2025) ser\u00e1 en la pr\u00e1ctica inviable econ\u00f3mica y pol\u00edticamente, que colocara las condiciones para una participaci\u00f3n efectiva ganadora a la presidencia en las elecciones del 2025. Importante punto de vista a discutirse en medio de la confusi\u00f3n en ciernes\u00a0 que calibra la observaci\u00f3n y an\u00e1lisis planteado.<\/p>\n<p><strong>IV<\/strong><\/p>\n<p>Al concluir este art\u00edculo, se vuelve necesario comentar, desde aquellas posiciones que proponen la necesidad de la\u00a0 autonom\u00eda pol\u00edtica, y la disposici\u00f3n\u00a0 al combate\u00a0 desde abajo,\u00a0 atender estas condiciones del momento tomando en cuenta\u00a0 m\u00ednimas garant\u00edas de independencia y continuidad de la lucha que demanda el movimiento social. Por esto, en plan de enfrentar la nueva situaci\u00f3n creada, con la muerte cruzada y\u00a0 las elecciones adelantadas, se debe\u00a0 definir un programa m\u00ednimo\u00a0 que enfrente esta situaci\u00f3n:<\/p>\n<ul>\n<li>La reforma a la seguridad social, descartando la postura neoliberal privatizadora<\/li>\n<li>El cumplimiento de los principales puntos pendientes que quedaron sin resolverse en las mesas de dialogo , entre movimiento ind\u00edgena y gobierno y que duraron 3 meses,<\/li>\n<li>La promoci\u00f3n de la agricultura y la aprobaci\u00f3n del c\u00f3digo\u00a0 agrario<\/li>\n<li>El anti estractivismo protegiendo, principalmente, las fuentes de agua,\u00a0 y defendiendo la consulta por la no explotaci\u00f3n del petr\u00f3leo en el Yasuni, y la NO miner\u00eda en la zona del Choco, en Quito y Pichincha.<\/li>\n<li>Un mayor presupuesto a las universidades p\u00fablicas que permita ampliar la oferta de carreas y tecnolog\u00edas.<\/li>\n<li>Una postura pol\u00edtica clara y transparente\u00a0 para combatir la corrupci\u00f3n y el narcotr\u00e1fico inserto en la acci\u00f3n p\u00fablica del estado<\/li>\n<li>Un plan concreto de seguridad por parte del estado, opuesto a la privatizaci\u00f3n de la seguridad ciudadana.<\/li>\n<\/ul>\n<p>Sobre esta base program\u00e1tica\u00a0 debe concretarse el llamado a la unidad del movimiento social, y la apertura a un nuevo momento, de movilizaci\u00f3n y resistencia, como al electoral e institucional, en que se exprese, la tendencia social ind\u00edgena y ecologista democr\u00e1tica, presente en el campo de la izquierda y centro izquierda, opuesta a la derecha reaccionaria, neoliberal.<\/p>\n<p>Conducta pol\u00edtica sugerida, que debe estar atenta al desenlace del proceso pol\u00edtico, bajo cualquiera de las formas o f\u00f3rmulas que pueda darse,\u00a0 que permita la organizaci\u00f3n y acci\u00f3n de resistencia y movilizaci\u00f3n en la coyuntura pos muerte cruzada.<\/p>\n","protected":false},"excerpt":{"rendered":"<p>Francisco Mu\u00f1oz Jaramillo (Rebelion, 9-6-23) &nbsp; La \u00abmuerte cruzada\u201d decretada por el presidente Guillermo Lasso en d\u00edas pasados abre el camino para disputar y, eventualmente,\u00a0 concretar y afianzar la hegemon\u00eda econ\u00f3mica neoliberal y fondomonetarista, que ha tenido dificultades para ser impulsada,\u00a0en los dos a\u00f1os del gobierno de Lasso. Se da como alternativa constitucional al juicio [&hellip;]<\/p>\n","protected":false},"author":1,"featured_media":53865,"comment_status":"open","ping_status":"open","sticky":false,"template":"","format":"standard","meta":{"footnotes":""},"categories":[14,12],"tags":[],"class_list":["post-54034","post","type-post","status-publish","format-standard","has-post-thumbnail","hentry","category-internacionales","category-politica-3"],"_links":{"self":[{"href":"https:\/\/debateplural.net\/site\/wp-json\/wp\/v2\/posts\/54034"}],"collection":[{"href":"https:\/\/debateplural.net\/site\/wp-json\/wp\/v2\/posts"}],"about":[{"href":"https:\/\/debateplural.net\/site\/wp-json\/wp\/v2\/types\/post"}],"author":[{"embeddable":true,"href":"https:\/\/debateplural.net\/site\/wp-json\/wp\/v2\/users\/1"}],"replies":[{"embeddable":true,"href":"https:\/\/debateplural.net\/site\/wp-json\/wp\/v2\/comments?post=54034"}],"version-history":[{"count":1,"href":"https:\/\/debateplural.net\/site\/wp-json\/wp\/v2\/posts\/54034\/revisions"}],"predecessor-version":[{"id":54035,"href":"https:\/\/debateplural.net\/site\/wp-json\/wp\/v2\/posts\/54034\/revisions\/54035"}],"wp:featuredmedia":[{"embeddable":true,"href":"https:\/\/debateplural.net\/site\/wp-json\/wp\/v2\/media\/53865"}],"wp:attachment":[{"href":"https:\/\/debateplural.net\/site\/wp-json\/wp\/v2\/media?parent=54034"}],"wp:term":[{"taxonomy":"category","embeddable":true,"href":"https:\/\/debateplural.net\/site\/wp-json\/wp\/v2\/categories?post=54034"},{"taxonomy":"post_tag","embeddable":true,"href":"https:\/\/debateplural.net\/site\/wp-json\/wp\/v2\/tags?post=54034"}],"curies":[{"name":"wp","href":"https:\/\/api.w.org\/{rel}","templated":true}]}}