{"id":54295,"date":"2023-07-05T13:43:50","date_gmt":"2023-07-05T17:43:50","guid":{"rendered":"https:\/\/debateplural.com\/inicio\/?p=54295"},"modified":"2023-07-05T13:43:50","modified_gmt":"2023-07-05T17:43:50","slug":"inhabilitacion","status":"publish","type":"post","link":"https:\/\/debateplural.net\/site\/2023\/07\/05\/inhabilitacion\/","title":{"rendered":"Inhabilitacion"},"content":{"rendered":"<p>Francisco Medina (Aporrea, 5-7-23)<\/p>\n<p>&nbsp;<\/p>\n<p>Por que fue inhabilitada, cundo fue inahabilitada. La corporaciones mediticas al servicio del capital y contrarias al Chavismo, tergiversan y desinforma la realidad, es el caso de una informacion dada por la Contraloria General de la Republica, relacionada con la parcipacion de una cantidatas a las elecciones primarias de la oposicion venezolana.<\/p>\n<p>A Mar\u00eda Machado, titular de la Cedula de Identidad N\u2019 6.914.799, fue inhabilitada por la Contralor\u00eda General de la Republica, que le impuso una sanci\u00f3n de inhabilitaci\u00f3n para el ejercicio de cualquier cargo mediante la Resoluci\u00f3n N\u00b0 01-oo-000-396, en fecha 13 de julio, del a\u00f1o 2015, por un periodo m\u00e1ximo previsto en el Numeral 2 del art\u00edculo 39 del decreto con Rango, Valor y Fuerza de Ley Contra la Corrupci\u00f3n, el cual mantiene su vigencia en el numeral 2 del art\u00edculo 44 de la vigente Ley contra la Corrupci\u00f3n en el marco de la autoridad patrimonial sustanciada por la Direcci\u00f3n de Declaraci\u00f3n Jurada de Patrimonio de la Direcci\u00f3n General de Procedimientos Especiales de este M\u00e1ximo \u00d3rgano de Control Fiscal. La esperanza imperial Mar\u00eda Machado, esta inhabilitada desde el a\u00f1o 2015, no es \u00e9tico ni moral mentir, es totalmente falso que Mar\u00eda Machado, fue inhabilitada el 27 de junio de este a\u00f1o, por el Chavismo, miente ellas y sus seguidores.<\/p>\n<p>La Contralor\u00eda General de la Republica, confirman que la coordinadora del partido opositor terrorista Vente Venezuela,<a href=\"https:\/\/www.laiguana.tv\/articulos\/1149237-maria-corina-machado-juzgada-intervencion-militar-eeuu\/\">\u00a0Mar\u00eda Machado,<\/a>\u00a0est\u00e1 inhabilitada por 15 a\u00f1os. As\u00ed lo inform\u00f3 el diputado a la Asamblea Nacional Jos\u00e9 Brito al dar lectura a una carta que recibi\u00f3 de la Contralor\u00eda General de la Rep\u00fablica. La inhabilitaci\u00f3n termina en el a\u00f1o 2030, debido que fue aplicada el 13 de julio el a\u00f1o 2015. \"Se continu\u00f3 con la investigaci\u00f3n patrimonial y se encontr\u00f3 que la ciudadana Mar\u00eda Machado est\u00e1 inhabilitada para el ejercicio de cualquier cargo p\u00fablico por el per\u00edodo de 15 a\u00f1os, de conformidad con lo establecido en el art\u00edculo 105 de la Ley Org\u00e1nica de la Contralor\u00eda General de la Rep\u00fablica y del Sistema Nacional de Control Fiscal, y el numeral 2 del art\u00edculo 44 de la Ley Contra la Corrupci\u00f3n\", se\u00f1al\u00f3 Brito ante medios de comunicaci\u00f3n.<\/p>\n<p>El parlamentario Jose Brito, lo \u00fanico que ha hecho es solicitar a la Contralor\u00eda General de la Republica, si la Ciudadana Mar\u00eda Machado esta inhabilitada, por el ente contralor de la Rep\u00fablica Bolivariana de Venezuela, la pregunta del diputado Brito y la respuesta del ente de Control Fiscal, coloca al descubierto la mentira de la candidata Mar\u00eda Machado y de su seguidores, cuando dicen que la inhabilitaci\u00f3n, es de fecha reciente. Hasta ahora la Casa Blanca, no ha podido enga\u00f1ar al pueblo venezolano, ni la oposici\u00f3n antichavista tampoco.<\/p>\n<p>La candidata hoy inhabilitada desde el a\u00f1o 13 de julio 2015, siempre mantuvo dos posturas: con los terroristas Juan Guido y con el pr\u00f3fugo de la Justicia venezolana, Leopoldo L\u00f3pez, P\u00fablicamente los cuestionaba, pero a escondida ten\u00edan y compart\u00edan el mismo plan para la entrega del petr\u00f3leo a su jefe pol\u00edtico Donald Trump, pero ahora nos llega la noticia, de La reuni\u00f3n de Mar\u00eda Machado, Leopoldo L\u00f3pez y Juan Guaid\u00f3, con lo m\u00e1s granado de la ultraderecha espa\u00f1ola y latinoamericana es reflejo del empe\u00f1o de este sector extremista por recuperar influencia en la regi\u00f3n, tras la derrota del demente Donald Trump, estas reuniones de comparaci\u00f3n en contra del pueblo venezolano, tambi\u00e9n constituye un delito. La fuente de la informaci\u00f3n que comento es confiable.<\/p>\n<p>Cu\u00e1l ser\u00e1 el destino del pueblo venezolano, con un Gobierno de la candidata Mar\u00eda Machado bajo la asesor\u00eda de: Mario Vargas Llosa, Mauricio Macri, Sebasti\u00e1n Pi\u00f1era, Leopoldo L\u00f3pez, Iv\u00e1n Duque y Jair Bolsonaro<\/p>\n","protected":false},"excerpt":{"rendered":"<p>Francisco Medina (Aporrea, 5-7-23) &nbsp; Por que fue inhabilitada, cundo fue inahabilitada. La corporaciones mediticas al servicio del capital y contrarias al Chavismo, tergiversan y desinforma la realidad, es el caso de una informacion dada por la Contraloria General de la Republica, relacionada con la parcipacion de una cantidatas a las elecciones primarias de la [&hellip;]<\/p>\n","protected":false},"author":1,"featured_media":54272,"comment_status":"open","ping_status":"open","sticky":false,"template":"","format":"standard","meta":{"footnotes":""},"categories":[14,12],"tags":[],"class_list":["post-54295","post","type-post","status-publish","format-standard","has-post-thumbnail","hentry","category-internacionales","category-politica-3"],"_links":{"self":[{"href":"https:\/\/debateplural.net\/site\/wp-json\/wp\/v2\/posts\/54295"}],"collection":[{"href":"https:\/\/debateplural.net\/site\/wp-json\/wp\/v2\/posts"}],"about":[{"href":"https:\/\/debateplural.net\/site\/wp-json\/wp\/v2\/types\/post"}],"author":[{"embeddable":true,"href":"https:\/\/debateplural.net\/site\/wp-json\/wp\/v2\/users\/1"}],"replies":[{"embeddable":true,"href":"https:\/\/debateplural.net\/site\/wp-json\/wp\/v2\/comments?post=54295"}],"version-history":[{"count":1,"href":"https:\/\/debateplural.net\/site\/wp-json\/wp\/v2\/posts\/54295\/revisions"}],"predecessor-version":[{"id":54296,"href":"https:\/\/debateplural.net\/site\/wp-json\/wp\/v2\/posts\/54295\/revisions\/54296"}],"wp:featuredmedia":[{"embeddable":true,"href":"https:\/\/debateplural.net\/site\/wp-json\/wp\/v2\/media\/54272"}],"wp:attachment":[{"href":"https:\/\/debateplural.net\/site\/wp-json\/wp\/v2\/media?parent=54295"}],"wp:term":[{"taxonomy":"category","embeddable":true,"href":"https:\/\/debateplural.net\/site\/wp-json\/wp\/v2\/categories?post=54295"},{"taxonomy":"post_tag","embeddable":true,"href":"https:\/\/debateplural.net\/site\/wp-json\/wp\/v2\/tags?post=54295"}],"curies":[{"name":"wp","href":"https:\/\/api.w.org\/{rel}","templated":true}]}}