{"id":54435,"date":"2023-07-17T11:39:36","date_gmt":"2023-07-17T15:39:36","guid":{"rendered":"http:\/\/debateplural.com\/inicio\/?p=54435"},"modified":"2023-07-17T11:39:36","modified_gmt":"2023-07-17T15:39:36","slug":"co2m-el-centinela-de-la-esa-para-vigilar-las-emisiones-de-todos-los-paises-del-mundo","status":"publish","type":"post","link":"https:\/\/debateplural.net\/site\/2023\/07\/17\/co2m-el-centinela-de-la-esa-para-vigilar-las-emisiones-de-todos-los-paises-del-mundo\/","title":{"rendered":"CO2M, el centinela de la ESA para vigilar las emisiones de todos los pa\u00edses del mundo"},"content":{"rendered":"<div class=\"entradilla\">\n<p>Juan F. Samaniego (La marea clim\u00e1tica, 17-3-23)<\/p>\n<p>&nbsp;<\/p>\n<p>La Agencia Espacial Europea est\u00e1 desarrollando un sistema satelital que podr\u00e1 medir las emisiones sin depender de la capacidad de los pa\u00edses para elaborar sus estad\u00edsticas.<\/p>\n<\/div>\n<div id=\"cols\">\n<p>Sobre el papel, en las mesas de negociaciones y en los esl\u00f3ganes publicitarios de muchas empresas, el mundo est\u00e1 comprometido con la lucha contra el cambio clim\u00e1tico. Pero los planes de reducci\u00f3n de emisiones, las contribuciones determinadas a nivel nacional (las NDC que obliga a publicar el Acuerdo de Par\u00eds) y la mayor\u00eda de acuerdos clim\u00e1ticos\u00a0<strong>tienen un punto d\u00e9bil<\/strong>: las emisiones de gases de efecto invernadero son, casi siempre, estimaciones (m\u00e1s o menos precisas, pero nunca exactas).<\/p>\n<p>Tenemos una idea bastante buena de cu\u00e1nto CO<sub>2<\/sub>, metano y compa\u00f1\u00eda estamos bombeando a la atm\u00f3sfera, pero no lo sabemos a ciencia cierta. Como consecuencia, tampoco sabemos con exactitud hasta qu\u00e9 punto\u00a0<strong>est\u00e1n funcionando las medidas de mitigaci\u00f3n<\/strong>\u00a0puestas en marcha. Para acabar con este escenario de datos difusos, la Agencia Espacial Europea (ESA, por sus siglas en ingl\u00e9s) est\u00e1 desarrollando un sistema satelital que podr\u00e1 medir las emisiones directamente a escala local, regional y nacional. La idea es lanzarlo ya en 2026 (aunque es probable que haya retrasos).<\/p>\n<p><strong>\u00bfC\u00f3mo se miden las emisiones de gases de efecto invernadero?<\/strong><\/p>\n<p>En la primavera de 2020, mientras todos los pa\u00edses del mundo se proteg\u00edan como pod\u00edan de una nueva enfermedad emergente, pas\u00f3 algo m\u00e1s que ya no cre\u00edamos posible. En aquellos meses, el cielo de Nueva Delhi se volvi\u00f3 azul, los habitantes de Los \u00c1ngeles pudieron volver a ver las monta\u00f1as de San Gabriel y\u00a0<strong>Madrid perdi\u00f3 su boina<\/strong>. Est\u00e1bamos en casa encerrados, apenas hab\u00eda tr\u00e1fico y muchas industrias hab\u00edan parado, lo que redujo\u00a0<a href=\"https:\/\/www.climatica.lamarea.com\/el-mundo-respira-contaminacion-atmosferica\/\" target=\"_blank\" rel=\"noreferrer noopener\">los niveles de contaminaci\u00f3n<\/a>\u00a0(y de emisiones de gases de efecto invernadero) por primera vez en d\u00e9cadas. Pero fue un espejismo.<\/p>\n<p>Aquel 2020 se despidi\u00f3 con unas emisiones totales de 33,4 gigatoneladas de CO<sub>2<\/sub>, casi 2000 millones de toneladas menos que en 2019, seg\u00fan\u00a0<a href=\"https:\/\/www.nature.com\/articles\/s43017-023-00406-z\" target=\"_blank\" rel=\"noreferrer noopener\">los datos de la Agencia Internacional de la Energ\u00eda<\/a>. Afortunadamente, la situaci\u00f3n sanitaria empez\u00f3 a mejorar en seguida y los pa\u00edses fueron recuperando su actividad a lo largo de 2021. Pero\u00a0<strong>las noticias para el clima no fueron tan positivas<\/strong>. Las emisiones de 2021 ascendieron a 35,5 gigatoneladas, superando no solo las cifras de 2020, sino tambi\u00e9n las de 2019. En 2022, siguieron aumentando hasta los 36.100 millones de toneladas.<\/p>\n<p>Observando esos datos, parece claro que seguimos en un rumbo muy equivocado si queremos frenar el cambio clim\u00e1tico y evitar sus peores efectos.\u00a0<strong>Pero, \u00bfc\u00f3mo lo sabemos?<\/strong><\/p>\n<p><a href=\"https:\/\/www.unep.org\/news-and-stories\/story\/how-do-countries-measure-greenhouse-gas-emissions\" target=\"_blank\" rel=\"noreferrer noopener\">Tal como explican desde la UNEP<\/a>, los pa\u00edses calculan sus emisiones totales a partir de las emisiones asociadas a su actividad econ\u00f3mica y su consumo de combustibles f\u00f3siles. As\u00ed, partiendo de las estad\u00edsticas oficiales de cada pa\u00eds,\u00a0<strong>se estima cu\u00e1nto ha emitido cada sector<\/strong>. Por ejemplo, si se sabe que para producir un coche hace falta acero (que necesita carb\u00f3n), pl\u00e1stico (que necesita petr\u00f3leo), vidrio y electricidad, se sabe cu\u00e1ntas emisiones de CO<sub>2<\/sub>\u00a0genera cada uno de esos procesos y se sabe cu\u00e1ntos coches se han fabricado, se pueden calcular las emisiones de la industria automotriz. El proceso se repite de la misma manera para todos los sectores.<\/p>\n<p>Este modelo de c\u00e1lculo, conocido como\u00a0<em>input-output<\/em>\u00a0es s\u00f3lido y se ha utilizado y perfeccionado durante a\u00f1os. Sin embargo, depende de la capacidad de los pa\u00edses para elaborar estad\u00edsticas nacionales detalladas, estad\u00edsticas que a veces tambi\u00e9n\u00a0<strong>pueden ser dif\u00edciles de verificar de forma externa<\/strong>. Esto se vuelve especialmente importante a la hora de\u00a0<a href=\"https:\/\/www.climatica.lamarea.com\/asi-maquillan-datos-de-contaminacion\/\" target=\"_blank\" rel=\"noreferrer noopener\">comprobar que los pa\u00edses est\u00e1n cumpliendo con sus compromisos de reducci\u00f3n de emisiones<\/a>\u00a0y que sus acciones est\u00e1n surtiendo efecto. Ah\u00ed es donde tiene sentido la misi\u00f3n de la ESA.<\/p>\n<p>\u201cLas estimaciones de emisiones que se hacen en la actualidad son bastante precisas, sobre todo, en los pa\u00edses desarrollados. Se basan en datos de actividad y otros indicadores, incluido el consumo de combustibles f\u00f3siles. Sin embargo,\u00a0<strong>pueden contener errores<\/strong>\u00a0y no reflejar realmente la cantidad de gases de efecto invernadero que se queda en la atm\u00f3sfera\u201d, explica\u00a0<strong>Yasjka Meijer<\/strong>, cient\u00edfico de la misi\u00f3n Copernicus Anthropogenic Carbon Dioxide Monitoring, abreviada como CO2M. \u201cLa nueva misi\u00f3n apoyar\u00e1 este proceso con mediciones independientes y comparables con las estimaciones de los pa\u00edses\u201d.<\/p>\n<p><strong>Un centinela para el Acuerdo de Par\u00eds<\/strong><\/p>\n<p>CO2M ser\u00e1 la octava misi\u00f3n Sentinel de Copernicus, el programa de observaci\u00f3n de la Tierra de la ESA y la Uni\u00f3n Europea. Ser\u00e1, tambi\u00e9n la primera de las nuevas seis misiones llamadas a expandir el alcance de Copernicus. Tal como est\u00e1 dise\u00f1ada, CO2M\u00a0<strong>estar\u00e1 compuesta por dos sat\u00e9lites<\/strong>\u00a0equipados cada uno con un espectr\u00f3metro de infrarrojo cercano e infrarrojo de onda corta para medir el di\u00f3xido de carbono y otros gases en la atm\u00f3sfera desde el espacio.<\/p>\n<p>\u201cLos instrumentos ser\u00e1n muy precisos y tendr\u00e1n un rango de resoluci\u00f3n muy amplio, lo que permitir\u00e1 medir\u00a0<strong>desde las emisiones de una ciudad hasta las de todo el planeta<\/strong>\u201d, se\u00f1ala Valerie Fern\u00e1ndez, gerente de proyecto de la misi\u00f3n. \u201cUtilizan la luz solar reflejada en el CO<sub>2<\/sub>\u00a0para observar la huella que deja en el espectro electromagn\u00e9tico. Adem\u00e1s del CO<sub>2<\/sub>, tambi\u00e9n se har\u00e1n mediciones de metano, di\u00f3xido de nitr\u00f3geno, aerosoles y nubes\u201d.<\/p>\n<p>Tal como explica la experta de la ESA, el desarrollo de cualquier sat\u00e9lite sigue tres grandes fases: una en la que se traducen las necesidades cient\u00edficas en un concepto, otra en la que se consolida un dise\u00f1o y una \u00faltima en la que se monta y se hacen las pruebas previas al lanzamiento. Los sat\u00e9lites del CO2M est\u00e1n actualmente al final de la segunda fase y\u00a0<strong>se espera que el montaje empiece a finales de este a\u00f1o<\/strong>. \u201cDesarrollar una misi\u00f3n satelital de esta complejidad en tan poco tiempo es un desaf\u00edo. El objetivo actual es completar el lanzamiento en 2026\u201d, a\u00f1ade Valeria Fernandez.<\/p>\n<p>El objetivo final de la misi\u00f3n CO2M es contribuir a la toma de mejores decisiones en la lucha contra el cambio clim\u00e1tico y poder medir la efectividad real de dichas decisiones, contribuyendo tambi\u00e9n a\u00a0<strong>ser m\u00e1s transparentes en el cumplimiento del Acuerdo de Par\u00eds<\/strong>. \u201cLa observaci\u00f3n de la Tierra es una herramienta poderosa para entender el estado del medioambiente y el clima. Pero la observaci\u00f3n por s\u00ed sola no ser\u00e1 suficiente\u201d, concluye Yasjka Meijer. \u201cTodos tenemos un papel que desempe\u00f1ar. Solo podemos luchar contra esta si lo hacemos juntos\u201d.<\/p>\n<\/div>\n","protected":false},"excerpt":{"rendered":"<p>Juan F. Samaniego (La marea clim\u00e1tica, 17-3-23) &nbsp; La Agencia Espacial Europea est\u00e1 desarrollando un sistema satelital que podr\u00e1 medir las emisiones sin depender de la capacidad de los pa\u00edses para elaborar sus estad\u00edsticas. Sobre el papel, en las mesas de negociaciones y en los esl\u00f3ganes publicitarios de muchas empresas, el mundo est\u00e1 comprometido con [&hellip;]<\/p>\n","protected":false},"author":1,"featured_media":54436,"comment_status":"open","ping_status":"open","sticky":false,"template":"","format":"standard","meta":{"footnotes":""},"categories":[14,12],"tags":[],"class_list":["post-54435","post","type-post","status-publish","format-standard","has-post-thumbnail","hentry","category-internacionales","category-politica-3"],"_links":{"self":[{"href":"https:\/\/debateplural.net\/site\/wp-json\/wp\/v2\/posts\/54435"}],"collection":[{"href":"https:\/\/debateplural.net\/site\/wp-json\/wp\/v2\/posts"}],"about":[{"href":"https:\/\/debateplural.net\/site\/wp-json\/wp\/v2\/types\/post"}],"author":[{"embeddable":true,"href":"https:\/\/debateplural.net\/site\/wp-json\/wp\/v2\/users\/1"}],"replies":[{"embeddable":true,"href":"https:\/\/debateplural.net\/site\/wp-json\/wp\/v2\/comments?post=54435"}],"version-history":[{"count":1,"href":"https:\/\/debateplural.net\/site\/wp-json\/wp\/v2\/posts\/54435\/revisions"}],"predecessor-version":[{"id":54437,"href":"https:\/\/debateplural.net\/site\/wp-json\/wp\/v2\/posts\/54435\/revisions\/54437"}],"wp:featuredmedia":[{"embeddable":true,"href":"https:\/\/debateplural.net\/site\/wp-json\/wp\/v2\/media\/54436"}],"wp:attachment":[{"href":"https:\/\/debateplural.net\/site\/wp-json\/wp\/v2\/media?parent=54435"}],"wp:term":[{"taxonomy":"category","embeddable":true,"href":"https:\/\/debateplural.net\/site\/wp-json\/wp\/v2\/categories?post=54435"},{"taxonomy":"post_tag","embeddable":true,"href":"https:\/\/debateplural.net\/site\/wp-json\/wp\/v2\/tags?post=54435"}],"curies":[{"name":"wp","href":"https:\/\/api.w.org\/{rel}","templated":true}]}}