{"id":54442,"date":"2023-07-17T12:25:45","date_gmt":"2023-07-17T16:25:45","guid":{"rendered":"http:\/\/debateplural.com\/inicio\/?p=54442"},"modified":"2023-07-17T12:25:45","modified_gmt":"2023-07-17T16:25:45","slug":"la-cumbre-de-la-otan-y-sus-paradojas","status":"publish","type":"post","link":"https:\/\/debateplural.net\/site\/2023\/07\/17\/la-cumbre-de-la-otan-y-sus-paradojas\/","title":{"rendered":"La cumbre de la OTAN y sus paradojas"},"content":{"rendered":"<p>Ociel Al\u00ed L\u00f3pez (Russia Today, 14-7-23)<\/p>\n<p>&nbsp;<\/p>\n<p>Uno de los eventos de esta semana m\u00e1s esperados por los medios fue la cumbre de la OTAN en la capital lituana, la ciudad de Vilna. El lugar del evento elegido es una de las capitales de la alianza m\u00e1s cercanas a Mosc\u00fa, una clara se\u00f1al para Rusia.<\/p>\n<p>La prensa mundial cada vez m\u00e1s democr\u00e1tica e independiente, la que suele informar poco o nada sobre la sistem\u00e1tica discriminaci\u00f3n institucionalizada de la minor\u00eda rusa en Lituania y las otras dos exrep\u00fablicas sovi\u00e9ticas del B\u00e1ltico, tuvo que esforzarse mucho para fingir las noticias desde un evento internacional que no present\u00f3 ninguna novedad o sorpresa para nadie y fue m\u00e1s que nada una declaraci\u00f3n de lo mismo de antes.<\/p>\n<blockquote><p>En general, hablando del futuro de Europa, ser\u00eda mucho mejor revisar las situaciones reales que la dividen y que, siendo ignoradas, con los a\u00f1os se convierten en las bombas de tiempo que tienden a explotar<\/p><\/blockquote>\n<p>En\u00a0<strong>Letonia, Estonia y Lituania la lucha de los Estados contra el idioma y la cultura de sus habitantes rusos se ha convertido en una constante<\/strong>\u00a0que va en aumento y siempre acompa\u00f1ada, cada vez m\u00e1s, con el discurso oficial surrealista de la 'tolerancia' y la 'no discriminaci\u00f3n', refiri\u00e9ndose seguramente al fascismo que renace y crece.\u00a0<strong>Los Gobiernos de Lituania y de sus vecinos que ahora son parte de la OTAN siguen desmontando y demoliendo los monumentos y las tumbas de los soldados sovi\u00e9ticos que liberaron Europa del nazismo<\/strong>, para reemplazarlos con el cuento hitleriano de la 'amenaza de los salvajes asi\u00e1ticos'. Parece que nadie se dio cuenta que justo 79 a\u00f1os antes de la cumbre de la OTAN en Vilna, el 13 de julio de 1944, la capital lituana fue liberada por el Ej\u00e9rcito Rojo de los fascistas.<\/p>\n<p>Obviamente, el tema central de la cumbre fue Ucrania, una excusa perfecta que ahora sirve a todos y para todo, pr\u00e1cticamente.<\/p>\n<blockquote><p>Mientras su presidente, Vlad\u00edmir Zelenski, buscaba, como de costumbre, las c\u00e1maras y el dinero, los anfitriones repet\u00edan sus promesas de amor eterno al pueblo ucraniano, dejando muy en claro que la masacre bajo su plan y con su mando debe continuar<\/p><\/blockquote>\n<p>En estos d\u00edas, al final de la cumbre, varios patriotas ucranianos volvieron a plantearse una pregunta incomprensible para la mente humana (las malas lenguas lo llamar\u00edan ret\u00f3rica): \u00bfpor qu\u00e9 los finlandeses y hasta los suecos son admitidos tan f\u00e1cilmente en la OTAN, mientras que los ucranianos que derramaron sangre por los valores europeos son excluidos de la organizaci\u00f3n? Si en estas mentes indignadas no se hubiera roto la relaci\u00f3n causa-efecto, esta pregunta tan acertada se habr\u00eda convertido en la salida a la guerra y se habr\u00edan salvado muchas vidas.<\/p>\n<p><strong>Pero en esta nueva Ucrania que parece una eterna aspirante a la OTAN, bajo el bombardeo medi\u00e1tico sin cesar desde hace m\u00e1s de una d\u00e9cada, nos encontramos con una forma de pensar totalmente diferente: la que implica creerse todo, excepto lo obvio<\/strong>. Los defensores del r\u00e9gimen de Zelenski siguen viendo la causa de esta injusticia de no recibir a Ucrania en la OTAN solo en las 'deficiencias' de su propio sistema democr\u00e1tico y en el fracaso de su 'lucha contra la corrupci\u00f3n'. Cualquier otra mirada son intolerables 'narrativas rusas'. Durante varios a\u00f1os repetimos como loros que no hab\u00eda nada m\u00e1s justo y l\u00f3gico que la exigencia rusa de que la OTAN volviera a sus fronteras de 1997.<\/p>\n<p>Adem\u00e1s, tras la autoliquidaci\u00f3n del Pacto de Varsovia y del campo socialista europeo, la OTAN deber\u00eda haberse disuelto a s\u00ed misma, canalizando los enormes fondos liberados hacia las necesidades sociales, transfiriendo la competencia entre pa\u00edses al campo de la mejora en el bienestar de los ciudadanos. Pero debido a la propia naturaleza del capitalismo neoliberal, esto era imposible.<\/p>\n<p>El verdadero inter\u00e9s siempre ha sido otro. La guerra es una lluvia de oro en tiempos de crisis econ\u00f3micas que tambi\u00e9n son productos de la avaricia del sistema.\u00a0<strong>La guerra es una perfecta distracci\u00f3n para que la plebe no reconozca ni vea los problemas pol\u00edticos internos no resueltos<\/strong>. La guerra y este actual balanc\u00edn al borde de una cat\u00e1strofe nuclear universal es una oportunidad de 'rating' para los gerentes del sistema.<\/p>\n<p>Lamentablemente, los movimientos pacifistas occidentales, que antes eran capaces de influir en las decisiones gubernamentales (en tiempos casi prehist\u00f3ricos, cuando la OTAN segu\u00eda dentro de sus fronteras anteriores a 1997), han sido destruidos por el brusco cambio de agenda en los 'pa\u00edses desarrollados', su audaz jugada con el secuestro de las luchas y los lemas de la izquierda y una ca\u00edda general de la calidad de la educaci\u00f3n en el mundo, que fue otro 'aporte' de las reformas neoliberales.<\/p>\n<p>Y como la guinda de la torta, al final de la cumbre de la OTAN, desde Kiev nos llega otra noticia: la calle Theodore Dreiser fue renombrada como Ronald Reagan.<\/p>\n<p>Es una decisi\u00f3n totalmente coherente.<\/p>\n<p>Theodore Dreiser fue uno de los m\u00e1s grandes humanistas estadounidenses y uno de los mejores escritores cr\u00edticos del monstruo capitalista mundial, monstruo que a\u00fan se constru\u00eda hace un siglo con la sangre y el sudor de todo el mundo. Herbert Wells calific\u00f3 el libro de Dreiser 'Una tragedia americana' como una de las mejores novelas del siglo XX. Dreiser viaj\u00f3 a la Uni\u00f3n Sovi\u00e9tica, pas\u00f3 por Kiev, comparti\u00f3 con Mayakovski y Eisenstein. Sus libros entraron a las listas para la quema en la Alemania nazi. Amaba su patria, los Estados Unidos, y por eso fue un enemigo consciente y declarado de sus gobiernos. Y la m\u00e1s imperdonable de las tantas ofensas de Dreiser para con las autoridades de Kiev: era comunista.<\/p>\n<p>En cambio, Ronald Reagan hubiera sido, sin duda, un amigo y un gran defensor de las actuales autoridades ucranianas. Seguramente, les hubiera entregado m\u00e1s armas. \u00c9l era a quien le gustaba bromear con que iba a dar\u00a0la orden de apretar el bot\u00f3n nuclear y llamaba a la URSS imperio del mal.\u00a0<strong>En Afganist\u00e1n, Angola y Nicaragua, su gobierno libr\u00f3 las peores 'guerras h\u00edbridas' contra las autoridades leg\u00edtimas a manos de mercenarios, con cientos de miles de v\u00edctimas civiles<\/strong>.\u00a0<strong>Apoy\u00f3 activamente reg\u00edmenes fascistas en Am\u00e9rica Latina<\/strong>, con el resultado de un gran n\u00famero de muertos y 'desaparecidos'. El inicio del fomento del terrorismo islamista por parte de los servicios especiales estadounidenses y su principal obra, Osama Bin Laden, son tambi\u00e9n iniciativas de la pol\u00edtica internacional de Reagan. La base de su doctrina es la imposici\u00f3n de los intereses estadounidenses en el mundo y del derecho de este pa\u00eds a desempe\u00f1ar el papel de gendarme mundial con total desprecio por cualquier ley internacional y por la soberan\u00eda de cualquiera.<\/p>\n<p>Es muy impresionante c\u00f3mo la realidad, que siempre hemos considerado compleja y contradictoria, ahora pierde cada vez m\u00e1s sus medias tintas y se convierte en una caricatura.<\/p>\n","protected":false},"excerpt":{"rendered":"<p>Ociel Al\u00ed L\u00f3pez (Russia Today, 14-7-23) &nbsp; Uno de los eventos de esta semana m\u00e1s esperados por los medios fue la cumbre de la OTAN en la capital lituana, la ciudad de Vilna. El lugar del evento elegido es una de las capitales de la alianza m\u00e1s cercanas a Mosc\u00fa, una clara se\u00f1al para Rusia. [&hellip;]<\/p>\n","protected":false},"author":1,"featured_media":24417,"comment_status":"open","ping_status":"open","sticky":false,"template":"","format":"standard","meta":{"footnotes":""},"categories":[14,12],"tags":[],"class_list":["post-54442","post","type-post","status-publish","format-standard","has-post-thumbnail","hentry","category-internacionales","category-politica-3"],"_links":{"self":[{"href":"https:\/\/debateplural.net\/site\/wp-json\/wp\/v2\/posts\/54442"}],"collection":[{"href":"https:\/\/debateplural.net\/site\/wp-json\/wp\/v2\/posts"}],"about":[{"href":"https:\/\/debateplural.net\/site\/wp-json\/wp\/v2\/types\/post"}],"author":[{"embeddable":true,"href":"https:\/\/debateplural.net\/site\/wp-json\/wp\/v2\/users\/1"}],"replies":[{"embeddable":true,"href":"https:\/\/debateplural.net\/site\/wp-json\/wp\/v2\/comments?post=54442"}],"version-history":[{"count":1,"href":"https:\/\/debateplural.net\/site\/wp-json\/wp\/v2\/posts\/54442\/revisions"}],"predecessor-version":[{"id":54443,"href":"https:\/\/debateplural.net\/site\/wp-json\/wp\/v2\/posts\/54442\/revisions\/54443"}],"wp:featuredmedia":[{"embeddable":true,"href":"https:\/\/debateplural.net\/site\/wp-json\/wp\/v2\/media\/24417"}],"wp:attachment":[{"href":"https:\/\/debateplural.net\/site\/wp-json\/wp\/v2\/media?parent=54442"}],"wp:term":[{"taxonomy":"category","embeddable":true,"href":"https:\/\/debateplural.net\/site\/wp-json\/wp\/v2\/categories?post=54442"},{"taxonomy":"post_tag","embeddable":true,"href":"https:\/\/debateplural.net\/site\/wp-json\/wp\/v2\/tags?post=54442"}],"curies":[{"name":"wp","href":"https:\/\/api.w.org\/{rel}","templated":true}]}}