{"id":54455,"date":"2023-07-18T14:09:04","date_gmt":"2023-07-18T18:09:04","guid":{"rendered":"http:\/\/debateplural.com\/inicio\/?p=54455"},"modified":"2023-07-18T14:09:04","modified_gmt":"2023-07-18T18:09:04","slug":"amenazas-sanciones-y-letras-pequenas-la-celac-ue-mostrara-si-europa-supero-su-vision-colonial","status":"publish","type":"post","link":"https:\/\/debateplural.net\/site\/2023\/07\/18\/amenazas-sanciones-y-letras-pequenas-la-celac-ue-mostrara-si-europa-supero-su-vision-colonial\/","title":{"rendered":"\u00bfAmenazas, sanciones y letras peque\u00f1as? La Celac-UE mostrar\u00e1 si Europa super\u00f3 su visi\u00f3n colonial"},"content":{"rendered":"<p>Ociel Al\u00ed L\u00f3pez (Rusia Today, 17-7-23)<\/p>\n<p>&nbsp;<\/p>\n<p>Este lunes y martes,\u00a0los l\u00edderes de la Uni\u00f3n Europea (UE) y de la Comunidad de Estados Latinoamericanos y Caribe\u00f1os (Celac) vuelven\u00a0a verse las caras despu\u00e9s de ocho a\u00f1os de par\u00e1lisis en los acuerdos comerciales predise\u00f1ados.<\/p>\n<p>El inter\u00e9s de Bruselas es evidente. Ya lo ha dicho\u00a0el jefe de la diplomacia europea,\u00a0Josep Borrell: \"En el nuevo contexto geopol\u00edtico,\u00a0<strong>necesitamos un salto cualitativo hacia adelante<\/strong>. Para ello, la cumbre UE-<a href=\"https:\/\/celacinternational.org\/\" target=\"_blank\" rel=\"noopener noreferrer\">Celac<\/a>\u00a0del pr\u00f3ximo mes ser\u00e1 crucial\".<\/p>\n<p>En la medida en que los europeos se han ido alejando, por diversos motivos, de Latinoam\u00e9rica, esta regi\u00f3n se ha hecho de nuevos socios. Tambi\u00e9n la crisis energ\u00e9tica mundial encuentra nuevas opciones en el litio y el hidr\u00f3geno verde, elementos en que varios pa\u00edses de Suram\u00e9rica se proyectan como potencias.<\/p>\n<p>Suram\u00e9rica contiene m\u00e1s de la mitad del litio del mundo y, si Europa no act\u00faa r\u00e1pido, ser\u00e1n otros pa\u00edses los interesados en industrializar las energ\u00edas emergentes, en momentos en los que les urge una \"transici\u00f3n\" en la materia.<\/p>\n<p>China, que\u00a0est\u00e1 superando a Europa en las balanzas comerciales de casi todos los pa\u00edses de Latinoam\u00e9rica, es la principal preocupaci\u00f3n en las mentes de los gobernantes cuando tratan de retomar las negociaciones con Am\u00e9rica Latina. Pero no la \u00fanica. Recientemente, en Argentina, inversiones australianas tambi\u00e9n han intervenido con inusitada fuerza.\u00a0<strong>El mundo est\u00e1 viendo un nuevo mapa geoestrat\u00e9gico y la regi\u00f3n cobra otro sentido en la disputa<\/strong>.<\/p>\n<p>Para poder ingresar con mayor m\u00fasculo en la contienda por Am\u00e9rica Latina, Europa ha planteado su gran proyecto 'Global Gateway', en el que busca invertir unos 10.000 millones de euros con fondos p\u00fablicos y privados, durante los pr\u00f3ximos a\u00f1os en la regi\u00f3n, como competencia a la Nueva Ruta de la Seda, que ya se posiciona al otro lado del Atl\u00e1ntico.<\/p>\n<p>Pero a Bruselas aun se le ven las costuras coloniales en la organizaci\u00f3n del evento y esto puede obstaculizar los acuerdos.<\/p>\n<p>En el primer borrador propuesto por los 27, como documento oficial de la Cumbre, el conflicto en Ucrania ocupaba un lugar privilegiado. Esto ha generado un ruido que puede llevar al traste todo intento europeo de conseguir frutos del evento.<\/p>\n<blockquote><p>A\u00a0Bruselas aun se le ven las costuras coloniales en la organizaci\u00f3n del evento y esto puede obstaculizar los acuerdos.<\/p><\/blockquote>\n<p><a href=\"https:\/\/euroefe.euractiv.es\/section\/latinoamerica\/news\/latinoamerica-y-el-caribe-reacios-a-apoyar-a-ucrania-en-la-cumbre-de-la-ue-celac\/\" target=\"_blank\" rel=\"noopener noreferrer\">Seg\u00fan<\/a>\u00a0el medio Euroactive, la Celac intervino el comunicado, borrando toda solidaridad autom\u00e1tica con Ucrania, proponiendo que ambos bloques: \"Abogar\u00edan por soluciones diplom\u00e1ticas serias y constructivas al conflicto actual en Europa, por medios pac\u00edficos\".<\/p>\n<p>Es decir, la Celac desconoce la \"salida europea\" al conflicto ucraniano, y\u00a0<strong>no se considera un aliado autom\u00e1tico de Bruselas<\/strong>\u00a0al respecto. Para avanzar en los acuerdos comerciales, tambi\u00e9n quiere bajar preponderancia de este tema durante la cumbre.<\/p>\n<p>Como respuesta, en el borrador de vuelta, el bloque latinoamericano habr\u00eda recordado\u00a0los episodios m\u00e1s vergonzosos de la relaci\u00f3n entre ambos continentes e incluy\u00f3, (todo esto seg\u00fan el medio europeo), sendos p\u00e1rrafos en el documento final de la cumbre, que debe divulgarse el martes:<\/p>\n<p>\"Reconocemos y lamentamos profundamente el sufrimiento incalculable infligido a millones de hombres, mujeres y ni\u00f1os como resultado de la trata transatl\u00e1ntica de esclavos africanos (\u2026) Reconocemos la\u00a0<strong>necesidad de que se tomen medidas apropiadas<\/strong>\u00a0para restaurar la dignidad de las v\u00edctimas, incluidas reparaciones y compensaciones para ayudar a sanar nuestra memoria colectiva y revertir los legados del subdesarrollo\".<\/p>\n<p>Los p\u00e1rrafos son toda una afrenta a la prestancia que trata de lucir Bruselas.\u00a0Europa puede que est\u00e9 llegando tarde a Am\u00e9rica Latina, si lo que est\u00e1 buscando es una alineaci\u00f3n geopol\u00edtica. De todas, esta Cumbre representar\u00e1 el sentido que conlleva el nuevo ciclo progresista latinoamericano.<\/p>\n<h3><strong>Varios escarceos anteriores<\/strong><\/h3>\n<p>En la reciente\u00a0<a href=\"https:\/\/actualidad-rt.com\/actualidad\/472218-compromisos-lula-presidencia-protempore-brasil-mersocur\" target=\"_blank\" rel=\"noopener noreferrer\">cumbre<\/a>\u00a0de Mercosur \u2013quiz\u00e1 el bloque m\u00e1s cercano a Europa de toda la regi\u00f3n, compuesto por Argentina, Uruguay, Paraguay y Brasil\u2013, se evidenci\u00f3 el grado de malestar con la UE, o bien por las \"amenazas\" de sanciones por parte de Bruselas, con pretextos medio ambientales que no estaban en el acuerdo original entre ambos, o por lo lento que llevan las negociaciones comerciales.<\/p>\n<p>El presidente uruguayo, Luis Lacalle Pou, quiz\u00e1 uno de los m\u00e1s cercanos aliados de los europeos por su posici\u00f3n ideol\u00f3gica conservadora, manifest\u00f3 en la cumbre su \"pesimismo\" sobre el acuerdo con la UE, debido a sus \"25 a\u00f1os\" de par\u00e1lisis, considerando que \"no es l\u00f3gico en el mundo moderno\".<\/p>\n<blockquote><p>Durante el periplo de Von der Leyen, varios discursos tensaron los agasajos y dijeron mucho sobre la dificultad para calibrar posiciones en com\u00fan.<\/p><\/blockquote>\n<p>Ya las cosas ven\u00edan mal durante la gira de preparaci\u00f3n de la Cumbre que hizo hace un mes la presidenta de la Comisi\u00f3n Europea, Ursula Von der Leyen por Brasil, Argentina, Chile y M\u00e9xico, con el fin de reactivar diversas negociaciones y garantizar el \u00e9xito del evento que comenz\u00f3 hoy.<\/p>\n<p>Durante el periplo, varios discursos tensaron los agasajos y dijeron mucho sobre la dificultad para calibrar posiciones en com\u00fan.<\/p>\n<p>En aquel momento, Luiz In\u00e1cio Lula da Silva\u00a0<a href=\"https:\/\/actualidad.rt.com\/actualidad\/472194-lula-acuerdo-mercosur-ue-ganar-perder\" target=\"_blank\" rel=\"noopener noreferrer\">expres\u00f3<\/a>\u00a0abiertamente sus cuestionamientos sobre el acuerdo presentado por la Uni\u00f3n Europea \"que ampl\u00eda obligaciones de Brasil y act\u00faa con sanciones en caso de incumplimiento\". Para el mandatario brasile\u00f1o, \"la premisa que debe existir entre socios estrat\u00e9gicos es la de confianza mutua, no la desconfianza y sanciones\".<\/p>\n<p>En Argentina, el presidente Alberto Fern\u00e1ndez tambi\u00e9n sum\u00f3 sus puntos de cr\u00edtica a la forma en que\u00a0est\u00e1 dise\u00f1ado el acuerdo comercial con la UE: \"Nosotros queremos definitivamente un acuerdo con la Uni\u00f3n Europea, pero que balancee las econom\u00edas de cada una de las regiones. Y\u00a0<strong>que tenga en cuenta esas asimetr\u00edas<\/strong>\u00a0porque, de otro modo, podr\u00eda ocurrir lo que nosotros vislumbramos en un comienzo: que sea un acuerdo que beneficie claramente a la UE y no beneficie tanto, para no decir perjudique, al Mercosur\".<\/p>\n<p>En M\u00e9xico, la visita sirvi\u00f3 para que el presidente Andr\u00e9s Manuel L\u00f3pez Obrador recordara la par\u00e1lisis que sufre el acuerdo comercial entre el pa\u00eds y el bloque europeo, que se empez\u00f3 a discutir en 2016, pero que se ha ralentizado\u00a0por varias razones, sin una ruta clara ni tiempos definidos para reactivar las negociaciones.<\/p>\n<blockquote><p>Entre el dise\u00f1o de sanciones\u00a0dentro de los acuerdos comerciales, y el intento de apegar a los gobiernos de Latinoam\u00e9rica y el Caribe al relato prooccidental en la coyuntura geopol\u00edtica actual, Bruselas ha esparcido malestares.<\/p><\/blockquote>\n<p>Por sus propias razones, m\u00e1s recientemente, los gobiernos de Cuba y Venezuela han\u00a0<a href=\"https:\/\/actualidad.rt.com\/actualidad\/472914-venezuela-falta-transparencia-ue-celac\" target=\"_blank\" rel=\"noopener noreferrer\">criticado<\/a>\u00a0la falta de transparencia y la \"conducta manipuladora\" de la UE que, seg\u00fan expresan, ponen en \"serio riesgo el \u00e9xito\" de la cita.<\/p>\n<p>En definitiva, la cumbre que hoy comenz\u00f3 puede convertirse en un acto est\u00e9ril\u00a0<strong>si Europa sigue empecinada en tutelar los designios comerciales<\/strong>\u00a0y pol\u00edticos de Am\u00e9rica Latina.<strong>\u00a0<\/strong><\/p>\n<h3><strong>Unilateralismo y sanciones: \u00bfd\u00f3nde est\u00e1 la mano zurda?<\/strong><\/h3>\n<p>Entre el dise\u00f1o sancionatorio de los acuerdos comerciales y el intento de apegar a los gobiernos de Latinoam\u00e9rica y el Caribe al relato prooccidental en la coyuntura geopol\u00edtica actual, Bruselas ha esparcido malestares. Veremos si en la cumbre, que finaliza el martes, los puede recoger, utilizando la mano zurda y entendiendo los procesos pol\u00edticos que se llevan a cabo en la regi\u00f3n.<\/p>\n<p>En el subcontinente actualmente se vive un ciclo de gobiernos de izquierdas, sus principales econom\u00edas ya juegan sus cartas en otros tableros, (especialmente en los Brics en el que Brasil es protagonista pero otros pa\u00edses aspiran su incorporaci\u00f3n), y el<strong>\u00a0crecimiento del flujo comercial con China en la \u00faltima d\u00e9cada<\/strong>\u00a0ha reducido el impacto comercial que tuvieron las relaciones con Europa en tiempos anteriores.<\/p>\n<p>El fondo propuesto (&#8217;Global Gateway') puede no ser suficiente para modificar la<strong>\u00a0apuesta latinoamericana por nuevas relaciones geopol\u00edticas con el Sur global emergente<\/strong>, con el cual Europa ha generado relaciones belicosas. Adem\u00e1s, si Bruselas mantiene la amenaza de sanciones en la letra peque\u00f1a de los acuerdos comerciales, es dif\u00edcil que las grandes econom\u00edas procuren adherirse a los mecanismos de acuerdo comercial.<\/p>\n<p>Esta cumbre permitir\u00e1 conocer c\u00f3mo han cambiado las relaciones entre estos bloques y si definitivamente puede superarse la visi\u00f3n colonial que trata de imponerse nuevamente desde Europa.<\/p>\n","protected":false},"excerpt":{"rendered":"<p>Ociel Al\u00ed L\u00f3pez (Rusia Today, 17-7-23) &nbsp; Este lunes y martes,\u00a0los l\u00edderes de la Uni\u00f3n Europea (UE) y de la Comunidad de Estados Latinoamericanos y Caribe\u00f1os (Celac) vuelven\u00a0a verse las caras despu\u00e9s de ocho a\u00f1os de par\u00e1lisis en los acuerdos comerciales predise\u00f1ados. El inter\u00e9s de Bruselas es evidente. Ya lo ha dicho\u00a0el jefe de la [&hellip;]<\/p>\n","protected":false},"author":1,"featured_media":47842,"comment_status":"open","ping_status":"open","sticky":false,"template":"","format":"standard","meta":{"footnotes":""},"categories":[14,12],"tags":[],"class_list":["post-54455","post","type-post","status-publish","format-standard","has-post-thumbnail","hentry","category-internacionales","category-politica-3"],"_links":{"self":[{"href":"https:\/\/debateplural.net\/site\/wp-json\/wp\/v2\/posts\/54455"}],"collection":[{"href":"https:\/\/debateplural.net\/site\/wp-json\/wp\/v2\/posts"}],"about":[{"href":"https:\/\/debateplural.net\/site\/wp-json\/wp\/v2\/types\/post"}],"author":[{"embeddable":true,"href":"https:\/\/debateplural.net\/site\/wp-json\/wp\/v2\/users\/1"}],"replies":[{"embeddable":true,"href":"https:\/\/debateplural.net\/site\/wp-json\/wp\/v2\/comments?post=54455"}],"version-history":[{"count":1,"href":"https:\/\/debateplural.net\/site\/wp-json\/wp\/v2\/posts\/54455\/revisions"}],"predecessor-version":[{"id":54456,"href":"https:\/\/debateplural.net\/site\/wp-json\/wp\/v2\/posts\/54455\/revisions\/54456"}],"wp:featuredmedia":[{"embeddable":true,"href":"https:\/\/debateplural.net\/site\/wp-json\/wp\/v2\/media\/47842"}],"wp:attachment":[{"href":"https:\/\/debateplural.net\/site\/wp-json\/wp\/v2\/media?parent=54455"}],"wp:term":[{"taxonomy":"category","embeddable":true,"href":"https:\/\/debateplural.net\/site\/wp-json\/wp\/v2\/categories?post=54455"},{"taxonomy":"post_tag","embeddable":true,"href":"https:\/\/debateplural.net\/site\/wp-json\/wp\/v2\/tags?post=54455"}],"curies":[{"name":"wp","href":"https:\/\/api.w.org\/{rel}","templated":true}]}}