{"id":54579,"date":"2023-08-09T12:47:14","date_gmt":"2023-08-09T16:47:14","guid":{"rendered":"http:\/\/debateplural.com\/inicio\/?p=54579"},"modified":"2023-08-09T12:47:15","modified_gmt":"2023-08-09T16:47:15","slug":"el-caso-petro-drama-o-tragedia","status":"publish","type":"post","link":"https:\/\/debateplural.net\/site\/2023\/08\/09\/el-caso-petro-drama-o-tragedia\/","title":{"rendered":"El caso Petro, \u00bfdrama o tragedia?"},"content":{"rendered":"\n<p>Alberto Pinz\u00f3n S\u00e1nchez (Rebelion, 9-8-23)<\/p>\n\n\n\n<p><\/p>\n\n\n\n<p>El barullo producido en Colombia por lo que se ha dado en denominar simplemente como \u201cel caso Petro\u201d, adem\u00e1s de muchas otras cosas, tambi\u00e9n ha puesto en evidencia las falencias literarias de los comentaristas que en su af\u00e1n calificativo, no han sabido encontrar una palabra conmovedora de fuerte contenido retorico-intelectual que de cuenta de la escena pintada por la revista Semana.com, en su&nbsp;\u00faltima&nbsp;edici\u00f3n, donde publica la larga entrevista dada por Nicol\u00e1s, el joven hijo del presidente Petro, una vez que un majestuoso juez de la rep\u00fablica le diera \u201ccasa por c\u00e1rcel\u201d, y quien muy seguramente antes de dar tal entrevista, atormentado por el \u201color podrido de Dinamarca\u201d, en las fr\u00edas mazmorras de la Fiscal\u00eda y en medio de un quemante insomnio reivindicativo, debi\u00f3 hacerse la terrible pregunta que se hizo el joven pr\u00edncipe dan\u00e9s Hamlet en la cl\u00e1sica tragedia de Shakespeare frente al cr\u00e1neo vac\u00edo de la muerte : \u00bfmi padre o mi dinero? . La que seg\u00fan lo dicho, tuvo una respuesta m\u00e1s bien prosaica y un tanto caribe\u00f1a, es decir mamagallista: \u201c<em>Todo lo hago es por mi hijo futuro, que a\u00fan est\u00e1 en el vientre de su madre\u201d (1)<\/em>.<\/p>\n\n\n\n<p><strong>La tragedia,<\/strong>&nbsp;seg\u00fan mi bastante resumida visi\u00f3n, es una variedad del g\u00e9nero dram\u00e1tico surgida en la Grecia antigua, que con un emotivo y elocuente lenguaje representa un suceso contradictorio de una vida humana con sus emociones m\u00e1s b\u00e1sicas como amor, odio, tristeza, venganza, ira irreflexiva, asco, miedo o incluso verg\u00fcenza, y que termina, siempre, con un final lamentable o luctuoso, que provoca compasi\u00f3n.<\/p>\n\n\n\n<p><strong>El drama,&nbsp;<\/strong>para decirlo en breve, es un proceso p\u00fablico complejo (incluso a nivel de la sociedad en conjunto) de contextualizaci\u00f3n surgido y desarrollado por la civilizaci\u00f3n humana, donde se representan en lenguaje serio diversas contradicciones y conflictos entre seres humanos en su accionar vital, que puede tener varios desenlaces, y que busca generar en el espectador o lector, una reflexi\u00f3n \u00e9tica o moral, y si me lo permiten, tambi\u00e9n Pol\u00edtica (con may\u00fascula que no politiquera.)<\/p>\n\n\n\n<p>Con esto podemos decir que el llamado caso Petro al no haberse concluido (al momento de escribir esta opini\u00f3n) y por el contrario,&nbsp;<em>haber abierto una grave crisis de Estado con diversas posibilidades de finalizaci\u00f3n, en todos los casos, determinadas por los intereses de Washington que actuar\u00e1 como \u00faltimo determinador<\/em><em>:<\/em>&nbsp;En lo singular, puede tener tintes tr\u00e1gicos en la relaci\u00f3n familiar padre-hijo-nieto en gestaci\u00f3n, pero en cambio, en lo general, si puede ser considerado parte del drama-sin-fin de Colombia, iniciado en el momento que la oligarqu\u00eda liberal-conservadora de la \u00e9poca (Lleras Camargo y Laureano G\u00f3mez) aupados por el \u201cpanamericanismo imperialista de la guerra fr\u00eda\u201d, decidieron en Bogot\u00e1, ordenar la muerte de J E Gait\u00e1n aquel fat\u00eddico 9 de abril de 1948.<\/p>\n\n\n\n<p>Los dos bloques pol\u00edticos del nuevo bipartidismo en consolidaci\u00f3n en Colombia,&nbsp;<em>el Antipetrismo y el Petrismo<\/em>&nbsp;dentro de los cuales (como en todas las cosas) hay contradicciones objetivas; marcar\u00e1n el rumbo de la finalizaci\u00f3n del caso seg\u00fan sus intereses. Veamos su fracciones:<\/p>\n\n\n\n<p>1- La fracci\u00f3n extremista, anticomunista y nazi del bloque de poder dominante, representado en el partido Centro Democr\u00e1tico, cuyos adalides (no es necesario mentar aqu\u00ed por ser suficientemente conocidos) intentar\u00e1n por todos los medios posibles&nbsp;<em>arrasar<\/em>&nbsp;con todo lo que representa el gobierno Petro, su programa reformista, los intentos de realizar acuerdos con grupos armados dentro del plan de Paz Total; como tambi\u00e9n buscar\u00e1 que con el hundimiento de Petro se vaya a pique todo el proyecto progresista denominado Pacto Hist\u00f3rico, sus sostenes pol\u00edticos y populares, as\u00ed como la destrucci\u00f3n en una c\u00e1rcel del Joven Nicol\u00e1s.<\/p>\n\n\n\n<p>2- La fracci\u00f3n \u201cmoderada\u201d de tal bloque dominante, tal y como ya lo han expresado varios de los dirigentes gremiales y pol\u00edticos colombianos que se autodenominan \u201cde Centro\u201d, buscar\u00e1n alargar lo m\u00e1s que se pueda la resoluci\u00f3n del caso, ganar tiempo defendiendo la democracia en peligro, Maestro, y propinar una derrota electoral al Petrismo utilizando todo el enorme aparataje corrupto y millonario de ganar elecciones por medio de la compra de votos. Maquinaria bastante bien descrita por el profesor de ciencias pol\u00edticas y columnista del Tiempo.com Gustavo Duncan, en su ultima columna (02.08.23) de la siguiente manera :<\/p>\n\n\n\n<p>\u2026\u201d<em>No hay que ser muy suspicaz para preguntarse si los 15.000 millones de los que habl\u00f3 Benedetti est\u00e1n relacionados con el mismo origen de ese dinero\u2026Est\u00e1 el hecho de que la corrupci\u00f3n no es un problema tan simple como que una gran cantidad de pol\u00edticos y contratistas corruptos aprovechen el acceso al poder para enriquecerse.<\/em><\/p>\n\n\n\n<p><em>El problema es m\u00e1s complejo: se ha llegado a un punto en que para poder participar en las elecciones con probabilidades de \u00e9xito es necesario recurrir al apoyo de una clase pol\u00edtica muy comprometida con la corrupci\u00f3n y a la financiaci\u00f3n de contratistas que aspiran a pasar la cuenta de cobro si el candidato es elegido. Salvo algunos pocos l\u00edderes que logran romper los votos cautivos de las maquinarias, el resto de la clase pol\u00edtica apela en menor o mayor grado a un sistema fundado en arreglos econ\u00f3micos con los recursos del Estado.<\/em><\/p>\n\n\n\n<p><em>En Colombia existe toda una econom\u00eda basada en la distribuci\u00f3n de los recursos del Estado a cambio de respaldo pol\u00edtico y, a la vez, en la protecci\u00f3n que pol\u00edticos corruptos les venden a los organizadores de econom\u00edas subterr\u00e1neas (contratistas, lavadores, contrabandistas, narcotraficantes, evasores, etc.). La corrupci\u00f3n como pr\u00e1ctica masiva es, en gran parte, una expresi\u00f3n de la defensa de esta econom\u00eda paralela desde las instituciones del Estado.<\/em><\/p>\n\n\n\n<p><em>\u2026 Ni la de Samper fue la \u00fanica campa\u00f1a en recibir dineros del narcotr\u00e1fico, ni la de Zuluaga fue la \u00fanica beneficiaria de Odebrecht, ni Uribe fue el \u00fanico que ofreci\u00f3 participaci\u00f3n en cargos para incidir en las votaciones del Congreso, por solo poner tres de los ejemplos m\u00e1s conocidos de justicia selectiva. Es de sobra conocido que pol\u00edticos de distintas vertientes, quienes en su momento los acusaron, estaban tan o m\u00e1s envueltos en pr\u00e1cticas similares. El propio Samper trina hoy lecciones de moral contra la corrupci\u00f3n como si el proceso 8.000 hubiera sido una fantas\u00eda.<\/em><\/p>\n\n\n\n<p><em>La detenci\u00f3n de Nicol\u00e1s Petro contiene estos dos elementos. Los dineros por los que lo acusa la Fiscal\u00eda son t\u00edpicos en la financiaci\u00f3n de las campa\u00f1as pol\u00edticas, al tiempo que su detenci\u00f3n, innecesaria seg\u00fan varios juristas y art\u00edculos de prensa, es m\u00e1s un acto pol\u00edtico de la justicia en contra del gobierno Petro que una decisi\u00f3n basada en estricto derecho. Las pruebas en su contra son muy delicadas, pero el hijo del Presidente no pareciera ser un potencial pr\u00f3fugo\u201d (2)<\/em><\/p>\n\n\n\n<p>3- Por su parte la \u201cfracci\u00f3n dura del Petrismo\u201d (tambi\u00e9n ya muy conocida) pretender\u00e1 seguir gobernado como si no hubiera pasado nada, llamado a sus bases populares a defender el gobierno y al gobernante, en las calles,&nbsp; o lo m\u00e1s probable, en los escenarios legales y judiciales que se les vayan presentando, incluso en el parlamento, llegado el caso, de que se proceda a un juicio pol\u00edtico del presidente. Ya no hay posibilidades pol\u00edticas de radicalizar las reformas frustradas del proyecto gobernante y,&nbsp; se aceptar\u00e1 la derrota electoral con la justificaci\u00f3n de que esas son las reglas de la democracia.<\/p>\n\n\n\n<p>4 \u2013 Pero tambi\u00e9n, en este bloque pol\u00edtico hay un amplio sector \u201cmoderado\u201d, por ejemplo algunos dirigentes del partido Verde, as\u00ed como otras agrupaciones menores que se unieron al programa gobernante por claro oportunismo pol\u00edtico, o para limpiar su pasado guerrillero, quienes ya empiezan a saltar del barco escorado y a llamar a una soluci\u00f3n de compromiso \u201cjusta y democr\u00e1tica\u201d del caso, invocando \u201cla imparcialidad y neutralidad\u201d del fetiche mitol\u00f3gico de la diosa de la Justicia, cuyas tres alienaciones se pueden visualizar en esta imagen<\/p>\n\n\n\n<figure class=\"wp-block-image\"><img decoding=\"async\" src=\"https:\/\/mail.google.com\/mail\/u\/0?ui=2&amp;ik=18ecb15ae8&amp;attid=0.2&amp;permmsgid=msg-f:1773546948141654611&amp;th=189ce78d7c762253&amp;view=fimg&amp;fur=ip&amp;sz=s0-l75-ft&amp;attbid=ANGjdJ-vuFKemcVZddZMlA8phstffc8OQMZb1X31TaDl6_Ewxv7erfH0vO0wlfE8jedgFNjkjuygVQVaQjfe1JJFZqflpNcLpf5Ea7DzaFqjpqt7Hp8yNyOOuqB5Uls&amp;disp=emb&amp;realattid=ii_lkzhyqvi1\" alt=\"image.png\"\/><\/figure>\n\n\n\n<p>5-Por \u00faltimo, est\u00e1 la palabra determinante que vendr\u00e1 desde Washington, pero que seg\u00fan la opini\u00f3n del influyente diario Washington Post, en el seguimiento que viene haciendo al \u201cdescarrilamiento del gobierno Petro\u201d; al informar sobre la detenci\u00f3n del hijo del presidente se apresur\u00f3 a sugerir (como lo destaca la revista Semana en grandes titulares) que: \u201c<em>Las acusaciones podr\u00edan sentar las bases para una investigaci\u00f3n de juicio pol\u00edtico\u201d&nbsp;<\/em>(3).<\/p>\n\n\n\n<p>Estrategia coincidente con la fracci\u00f3n moderada del Bloque de poder dominante en Colombia, que busca defender la institucionalidad colombiana (democracia genocida) ganando tiempo con la enredadera de un&nbsp;<em>posible<\/em>&nbsp;juicio pol\u00edtico al presidente, mientras se aprovecha de su desgaste, y del el agotamiento y carencia de liderazgos cre\u00edbles dentro de la izquierda gobernante y ex guerrillera; para recuperar la iniciativa electoral y propinarle al izquierdismo y al comunismo, una contundente derrota en las urnas, contando con el enorme y corrupto aparato electoral (descrito arriba por Duncan) que no controla el presidente. El comunismo ( por lo menos el verdadero) no tiene nada que ver en todo esto, sin embargo, es el objetivo final a destruir<\/p>\n\n\n\n<p>Estrategia prudente que tambi\u00e9n coincide con los intereses del gobierno estadounidense, por un lado ad portas de un cambio electoral de su presidente que desde ya se visualiza un tanto convulso e incierto, y por otro, con las dificultades reales que est\u00e1 teniendo el brazo armado del sistema global del Imperialismo la OTAN, en la guerra contra Rusia en Ucrania y en Sahara africano, donde los recientes acontecimientos anti coloniales en N\u00edger, ha implicado a todo el grupo de pa\u00edses que conforman la regi\u00f3n llamada \u201cSahel\u201d, demostrando que el colonialismo, era un castillo en la arena.<\/p>\n\n\n\n<p>As\u00ed las cosas, la soluci\u00f3n realmente democr\u00e1tica y popular de la nueva crisis dram\u00e1tica y posiblemente tr\u00e1gica abierta con la detenci\u00f3n del hijo del presidente, no parece estar en ninguno de los intereses de las fracciones arriba analizadas; las que en ning\u00fan momento consideran la parte fundamental y mayoritaria de Colombia que es su Pueblo Trabajador, el que en campos y ciudades contin\u00faa siendo masacrado, violentado, saqueado, menospreciado, sometido y sobre todo explotado&nbsp;violentamente. Ese pueblo Trabajador que ya no cree en mes\u00edas salvadores, as\u00ed se vistan de progresistas o incluso de Marxistas; sino que est\u00e1 en la tarea paciente y persistente de construir un fuerte, seguro y cre\u00edble liderazgo pol\u00edtico en la forma de una&nbsp;Vanguardia Colectiva,&nbsp;que lleve a feliz t\u00e9rmino el&nbsp;<em>Proceso Constituyente,&nbsp;<\/em>con el que seconcluya el drama-sin-fin de Colombia iniciado aquel luctuoso 9 de abril de 1948, y abra las amplias alamedas de la construcci\u00f3n colectiva de una Colombia con justicia social, democracia verdadera y soberan\u00eda patria.<\/p>\n\n\n\n<p><strong>NOTAS<\/strong><\/p>\n\n\n\n<ol class=\"wp-block-list\">\n<li>No me voy a inmolar ni por mi pap\u00e1 ni por nadie . Solo por mi hijo Nicol\u00e1s Petro en entrevista exclusiva en Semana&nbsp;<a href=\"https:\/\/www.youtube.com\/watch?v=k9dynSD6URQ\" target=\"_blank\" rel=\"noreferrer noopener\">https:\/\/www.youtube.com\/watch?v=k9dynSD6URQ<\/a><\/li>\n\n\n\n<li><a href=\"https:\/\/www.eltiempo.com\/opinion\/columnistas\/gustavo-duncan\/sintomas-permanentes-columna-de-gustavo-duncan-791954\" target=\"_blank\" rel=\"noreferrer noopener\">https:\/\/www.eltiempo.com\/opinion\/columnistas\/gustavo-duncan\/sintomas-permanentes-columna-de-gustavo-duncan-791954<\/a><\/li>\n\n\n\n<li><a href=\"https:\/\/www.semana.com\/mundo\/noticias-estados-unidos\/articulo\/the-washington-post-sobre-escandalo-que-sacude-a-gustavo-petro-las-acusaciones-podrian-sentar-las-bases-para-una-investigacion-de-juicio-politico\/202339\/\" target=\"_blank\" rel=\"noreferrer noopener\">https:\/\/www.semana.com\/mundo\/noticias-estados-unidos\/articulo\/the-washington-post-sobre-escandalo-que-sacude-a-gustavo-petro-las-acusaciones-podrian-sentar-las-bases-para-una-investigacion-de-juicio-politico\/202339\/<\/a><\/li>\n<\/ol>\n","protected":false},"excerpt":{"rendered":"<p>Alberto Pinz\u00f3n S\u00e1nchez (Rebelion, 9-8-23) El barullo producido en Colombia por lo que se ha dado en denominar simplemente como \u201cel caso Petro\u201d, adem\u00e1s de muchas otras cosas, tambi\u00e9n ha puesto en evidencia las falencias literarias de los comentaristas que en su af\u00e1n calificativo, no han sabido encontrar una palabra conmovedora de fuerte contenido retorico-intelectual [&hellip;]<\/p>\n","protected":false},"author":1,"featured_media":54557,"comment_status":"open","ping_status":"open","sticky":false,"template":"","format":"standard","meta":{"footnotes":""},"categories":[14,12],"tags":[],"class_list":["post-54579","post","type-post","status-publish","format-standard","has-post-thumbnail","hentry","category-internacionales","category-politica-3"],"_links":{"self":[{"href":"https:\/\/debateplural.net\/site\/wp-json\/wp\/v2\/posts\/54579"}],"collection":[{"href":"https:\/\/debateplural.net\/site\/wp-json\/wp\/v2\/posts"}],"about":[{"href":"https:\/\/debateplural.net\/site\/wp-json\/wp\/v2\/types\/post"}],"author":[{"embeddable":true,"href":"https:\/\/debateplural.net\/site\/wp-json\/wp\/v2\/users\/1"}],"replies":[{"embeddable":true,"href":"https:\/\/debateplural.net\/site\/wp-json\/wp\/v2\/comments?post=54579"}],"version-history":[{"count":1,"href":"https:\/\/debateplural.net\/site\/wp-json\/wp\/v2\/posts\/54579\/revisions"}],"predecessor-version":[{"id":54580,"href":"https:\/\/debateplural.net\/site\/wp-json\/wp\/v2\/posts\/54579\/revisions\/54580"}],"wp:featuredmedia":[{"embeddable":true,"href":"https:\/\/debateplural.net\/site\/wp-json\/wp\/v2\/media\/54557"}],"wp:attachment":[{"href":"https:\/\/debateplural.net\/site\/wp-json\/wp\/v2\/media?parent=54579"}],"wp:term":[{"taxonomy":"category","embeddable":true,"href":"https:\/\/debateplural.net\/site\/wp-json\/wp\/v2\/categories?post=54579"},{"taxonomy":"post_tag","embeddable":true,"href":"https:\/\/debateplural.net\/site\/wp-json\/wp\/v2\/tags?post=54579"}],"curies":[{"name":"wp","href":"https:\/\/api.w.org\/{rel}","templated":true}]}}