{"id":54620,"date":"2023-08-14T10:41:33","date_gmt":"2023-08-14T14:41:33","guid":{"rendered":"http:\/\/debateplural.com\/inicio\/?p=54620"},"modified":"2023-08-14T10:41:34","modified_gmt":"2023-08-14T14:41:34","slug":"otra-embestida-mediatico-judicial-en-la-region-ahora-en-colombia-contra-petro","status":"publish","type":"post","link":"https:\/\/debateplural.net\/site\/2023\/08\/14\/otra-embestida-mediatico-judicial-en-la-region-ahora-en-colombia-contra-petro\/","title":{"rendered":"Otra embestida medi\u00e1tico-judicial en la regi\u00f3n, ahora en Colombia contra Petro"},"content":{"rendered":"\n<p>Paula Gim\u00e9nez, Mat\u00edas Caciabue (CLAE, 14-8-23)<\/p>\n\n\n\n<p>El tema reverber\u00f3 en los medios colombianos con mucha fuerza. Es que todo esto sucedi\u00f3 a poco de cumplirse un a\u00f1o del gobierno del&nbsp;Pacto Hist\u00f3rico, la amplia coalici\u00f3n pol\u00edtica y social que puso a&nbsp;Gustavo Petro&nbsp;y Francia M\u00e1rquez en la Casa de Nari\u00f1o, la sede del Poder Ejecutivo colombiano.<\/p>\n\n\n\n<p>La revista Semana, de tendencia conservadora, emiti\u00f3 en directo el 5 de agosto, una dram\u00e1tica entrevista al hijo del presidente, tres d\u00edas despu\u00e9s de la importante instalaci\u00f3n del Comit\u00e9 Nacional de Participaci\u00f3n de los Di\u00e1logos de Paz, entre el Gobierno Nacional y las insurgencias del Ej\u00e9rcito de Liberaci\u00f3n Nacional (ELN), un gran logro de Petro en su apuesta por cumplir con su promesa de \u201cPaz total\u201d.<\/p>\n\n\n\n<p>Las acusaciones se basan en que supuestamente recibi\u00f3 dinero para la campa\u00f1a electoral por encima de los l\u00edmites legalmente establecidos, y, seg\u00fan agregan algunos medios, proveniente de \u201cexnarcos y empresarios cuestionados\u201d.<\/p>\n\n\n\n<p>El mismo presidente Petro fue quien solicit\u00f3 la investigaci\u00f3n judicial cuando se conocieron las acusaciones.&nbsp;En sus declaraciones, dijo que \u201ccomo persona y padre me duele mucho tanta autodestrucci\u00f3n y que uno de mis hijos pase por la c\u00e1rcel. Como presidente de la Rep\u00fablica asegur\u00f3 que la Fiscal\u00eda tiene todas las garant\u00edas de mi parte para proceder de acuerdo a la ley\u201d, y agreg\u00f3 que no intervendr\u00e1 y dejar\u00e1 que el derecho gu\u00ede libremente el proceso.<\/p>\n\n\n\n<p>La entrevista difundida por la revista&nbsp;<em>Semana&nbsp;<\/em>no escatim\u00f3 en condimentos para presentar los hechos como una telenovela de desamor entre el padre y el hijo:<strong>&nbsp;\u201c\u00bfUsted siente que \u00e9l no lo quiere?\u201d,&nbsp;<\/strong>pregunt\u00f3 la entrevistadora.<strong>&nbsp;\u201cEs muy duro decirlo, pero s\u00ed. As\u00ed es.\u201d,&nbsp;<\/strong>respondi\u00f3 Nicol\u00e1s Petro, quien tambi\u00e9n afirm\u00f3 en esa emisi\u00f3n que Petro no sab\u00eda de aquellos fondos. Sin embargo, los titulares medi\u00e1ticos fueron impregnados por los hechos que animan m\u00e1s a pensar no s\u00f3lo que Gustavo Petro (y su gobierno) es corrupto, sino que es un mal padre.<\/p>\n\n\n\n<p>Lo cierto es que las acusaciones y la posterior detenci\u00f3n se dan apenas un mes despu\u00e9s de las operaciones medi\u00e1ticas tras la filtraci\u00f3n de audios de Armando Benedetti en los que afirmaba tener informaci\u00f3n sobre delitos cometidos en torno a la financiaci\u00f3n de la campa\u00f1a que llev\u00f3 a Petro a ser electo presidente.<\/p>\n\n\n\n<p>En ese contexto,&nbsp;l\u00edderes de todo el mundo advert\u00edan ya sobre \u201cun golpe blando en marcha en Colombia\u201d. Las decisiones judiciales precedidas de operaciones medi\u00e1ticas han sido una receta clave de este tipo de golpes en Latinoam\u00e9rica en el siglo XXI, y Colombia no parece ser la excepci\u00f3n.<\/p>\n\n\n\n<p>A un a\u00f1o de su asunci\u00f3n, Petro denunci\u00f3 que \u201chan intentado utilizar todas las debilidades y errores\u201d para intentar derrotar \u201cel primer gobierno popular de Colombia\u201d, que, pese a todo, ha puesto en agenda el reparto de tierras, reformas en salud, trabajo y tributaria y una propuesta para avanzar en el malogrado proceso de Paz.<\/p>\n\n\n\n<p><strong>El proyecto de gobierno popular y de paz total, el blanco de los golpes<\/strong><strong><\/strong><\/p>\n\n\n\n<p>El gobierno colombiano ha impulsado durante su primer a\u00f1o una serie de transformaciones que sin dudas generan incomodidad en el poder real del pa\u00eds. Entre ellas podemos contar el lanzamiento del programa para la protecci\u00f3n de la Amazon\u00eda, el proyecto para la creaci\u00f3n del Ministerio de la Igualdad, el programa de mejoramiento de&nbsp;<strong>v<\/strong>ivienda para 18 mil hogares&nbsp;con el objetivo de 100 mil por a\u00f1o,&nbsp;la ley de la paz total y los procesos de di\u00e1logo con el ELN, la&nbsp;reforma tributaria,&nbsp;el&nbsp;restablecimiento de las relaciones entre Venezuela y Colombia.<\/p>\n\n\n\n<p>Asimismo, las transferencias de 500 mil pesos mensuales a madres cabeza de hogar con ni\u00f1os menores de 18 a\u00f1os, la condonaci\u00f3n de la deuda a m\u00e1s de 4.000 personas del ICETEX (Programa de financiamiento para estudios), la<strong>&nbsp;<\/strong>regularizaci\u00f3n de 807 mil hect\u00e1reas gracias a la titulaci\u00f3n masiva de predios,&nbsp;la declaraci\u00f3n de las dos primeras zonas de reserva campesina en Meta y Cundinamarca en las que se entregaron 74 mil hect\u00e1reas, la prohibici\u00f3n del fracking, adem\u00e1s de las reformas de salud y educaci\u00f3n impulsadas y que se debaten en el Congreso.<\/p>\n\n\n\n<p>Este proyecto de pa\u00eds, traducido en acciones y medidas concretas, le ha costado fuertes tensiones al gobierno. Tras los conflictos que gener\u00f3 el tratamiento de la reforma de salud, Petro dio por concluida la alianza con los partidos tradicionales declarando que \u201cla coalici\u00f3n pol\u00edtica pactada como mayor\u00eda ha terminado en el d\u00eda de hoy por decisi\u00f3n de unos presidentes de partido\u201d.<\/p>\n\n\n\n<p>Tras esto, pidi\u00f3 la renuncia a todos sus ministros, y finalmente salieron del gobierno los representantes de los Partidos Liberal, de la U (Santismo) y Conservador.<\/p>\n\n\n\n<p>Este proceso de profundizaci\u00f3n del proyecto de gobierno, vino acompa\u00f1ado de una enorme movilizaci\u00f3n popular como estrategia para sostener el poder, aunque tambi\u00e9n, claro est\u00e1, trajo consigo una embestida medi\u00e1tica y judicial que parece haber llegado para quedarse.&nbsp;<\/p>\n\n\n\n<p>En una entrevista que pudimos realizarle para el portal&nbsp;<em>Nodal&nbsp;<\/em>a Olimpo C\u00e1rdenas, miembro del Equipo de Paz del Congreso de los Pueblos y Director del Peri\u00f3dico Periferia de Colombia, consider\u00f3 que el gobierno de Petro, el primero de representaci\u00f3n popular en la historia de Colombia, inici\u00f3 con el vigor que le brind\u00f3 la esperanza de aquellos y aquellas que se movilizaron desde los lugares m\u00e1s rec\u00f3nditos del pa\u00eds para votar al Pacto Hist\u00f3rico.<\/p>\n\n\n\n<p>As\u00ed mismo evalu\u00f3 que actualmente<strong>&nbsp;<\/strong>\u201cesa esperanza inicial, que ha logrado traducirse en el primer a\u00f1o en un conjunto de acciones importantes, como la reforma tributaria, la reforma de salud, el restablecimiento de las relaciones con Colombia, la reactivaci\u00f3n de las conversaciones del proceso de paz, hoy se ti\u00f1e de incertidumbre, no s\u00f3lo por las exigencias de quienes piden profundizar las acciones en favor del pueblo sino por el fantasma de los golpes blandos que recorre latinoam\u00e9rica\u201d.<\/p>\n\n\n\n<p>La din\u00e1mica de las embestidas medi\u00e1ticas y judiciales contra la militancia popular y sus liderazgos pol\u00edticos, tan comunes en toda Am\u00e9rica Latina, empez\u00f3 a sumar un nuevo cap\u00edtulo: Colombia. Este obsceno accionar de la derecha colombiana reafirma que en la regi\u00f3n act\u00faa una estrategia pol\u00edtica en curso, instrumentando las mismas pol\u00edticas y enlazando actores similares. El tri\u00e1ngulo de derecha pol\u00edtica, medios de comunicaci\u00f3n y poder judicial corrompido han parido una nueva \u201cdoctrina de seguridad nacional\u201d: el&nbsp;Lawfare.<\/p>\n","protected":false},"excerpt":{"rendered":"<p>Paula Gim\u00e9nez, Mat\u00edas Caciabue (CLAE, 14-8-23) El tema reverber\u00f3 en los medios colombianos con mucha fuerza. Es que todo esto sucedi\u00f3 a poco de cumplirse un a\u00f1o del gobierno del&nbsp;Pacto Hist\u00f3rico, la amplia coalici\u00f3n pol\u00edtica y social que puso a&nbsp;Gustavo Petro&nbsp;y Francia M\u00e1rquez en la Casa de Nari\u00f1o, la sede del Poder Ejecutivo colombiano. La [&hellip;]<\/p>\n","protected":false},"author":1,"featured_media":54557,"comment_status":"open","ping_status":"open","sticky":false,"template":"","format":"standard","meta":{"footnotes":""},"categories":[14,12],"tags":[],"class_list":["post-54620","post","type-post","status-publish","format-standard","has-post-thumbnail","hentry","category-internacionales","category-politica-3"],"_links":{"self":[{"href":"https:\/\/debateplural.net\/site\/wp-json\/wp\/v2\/posts\/54620"}],"collection":[{"href":"https:\/\/debateplural.net\/site\/wp-json\/wp\/v2\/posts"}],"about":[{"href":"https:\/\/debateplural.net\/site\/wp-json\/wp\/v2\/types\/post"}],"author":[{"embeddable":true,"href":"https:\/\/debateplural.net\/site\/wp-json\/wp\/v2\/users\/1"}],"replies":[{"embeddable":true,"href":"https:\/\/debateplural.net\/site\/wp-json\/wp\/v2\/comments?post=54620"}],"version-history":[{"count":1,"href":"https:\/\/debateplural.net\/site\/wp-json\/wp\/v2\/posts\/54620\/revisions"}],"predecessor-version":[{"id":54621,"href":"https:\/\/debateplural.net\/site\/wp-json\/wp\/v2\/posts\/54620\/revisions\/54621"}],"wp:featuredmedia":[{"embeddable":true,"href":"https:\/\/debateplural.net\/site\/wp-json\/wp\/v2\/media\/54557"}],"wp:attachment":[{"href":"https:\/\/debateplural.net\/site\/wp-json\/wp\/v2\/media?parent=54620"}],"wp:term":[{"taxonomy":"category","embeddable":true,"href":"https:\/\/debateplural.net\/site\/wp-json\/wp\/v2\/categories?post=54620"},{"taxonomy":"post_tag","embeddable":true,"href":"https:\/\/debateplural.net\/site\/wp-json\/wp\/v2\/tags?post=54620"}],"curies":[{"name":"wp","href":"https:\/\/api.w.org\/{rel}","templated":true}]}}