{"id":5464,"date":"2016-05-18T10:21:03","date_gmt":"2016-05-18T14:21:03","guid":{"rendered":"http:\/\/debateplural.com\/?p=5464"},"modified":"2016-06-23T13:39:43","modified_gmt":"2016-06-23T13:39:43","slug":"el-vicepresidente-venezolano-a-chavez-le-asesinaron-por-querer-acabar-con-la-dictadura-del-dolar","status":"publish","type":"post","link":"https:\/\/debateplural.net\/site\/2016\/05\/18\/el-vicepresidente-venezolano-a-chavez-le-asesinaron-por-querer-acabar-con-la-dictadura-del-dolar\/","title":{"rendered":"El vicepresidente venezolano: A Ch\u00e1vez le asesinaron por querer acabar con la dictadura del d\u00f3lar"},"content":{"rendered":"<div id=\"attachment_3400\" style=\"width: 610px\" class=\"wp-caption aligncenter\"><img loading=\"lazy\" decoding=\"async\" aria-describedby=\"caption-attachment-3400\" class=\"size-full wp-image-3400\" src=\"http:\/\/tripletecnologia.com\/website\/debateplural\/wp-content\/uploads\/2016\/05\/aristc3b3bulo-istc3bariz-vicepresidente-de-venezuela-1.jpg\" alt=\"Arist\u00f3bulo Ist\u00fariz, vicepresidente de Venezuela\" width=\"600\" height=\"340\" \/><p id=\"caption-attachment-3400\" class=\"wp-caption-text\">Arist\u00f3bulo Ist\u00fariz, vicepresidente de Venezuela<\/p><\/div>\n<p style=\"text-align:justify;\">Arist\u00f3bulo Ist\u00fariz sostiene que Hugo Ch\u00e1vez no muri\u00f3 de manera natural y que el c\u00e1ncer que padeci\u00f3 el exmandatario venezolano fue inducido con el fin de acabar con su pol\u00edtica.<!--more--><\/p>\n<p style=\"text-align:justify;\">Pese a no tener pruebas definitivas que podr\u00edan apoyar su teor\u00eda, el vicepresidente de <a href=\"http:\/\/localhost\/debateplural\/tag\/venezuela\">Venezuela<\/a>, Arist\u00f3bulo Ist\u00fariz, cree que el l\u00edder de la revoluci\u00f3n bolivariana <a href=\"http:\/\/localhost\/debateplural\/tag\/hugo-chavez\">Hugo Ch\u00e1vez<\/a> fue asesinado por querer acabar con la \"dictadura del d\u00f3lar\". Seg\u00fan Ist\u00fariz, el c\u00e1ncer que puso fin a la vida del exjefe de Estado \u2015que por su parte, se hab\u00eda convertido en el \"blanco fundamental\" y el \"enemigo n\u00famero uno de los grandes centros financieros del mundo\"\u2015 fue inducido.<\/p>\n<p style=\"text-align:justify;\">\"Se nos va Ch\u00e1vez en el momento de mayor esplendor de la revoluci\u00f3n\", coment\u00f3 Ist\u00fariz en declaraciones recogidas por\u00a0'El Universal'. \"Ch\u00e1vez estaba realizando el planteamiento m\u00e1s importante de este proceso, que era la ruptura con uno de los lazos de mayor dominaci\u00f3n de los pueblos: el sistema monetario internacional, la dictadura del d\u00f3lar\", agreg\u00f3.<\/p>\n<p style=\"text-align:justify;\">El vicepresidente venezolano se\u00f1al\u00f3 que varios l\u00edderes de Am\u00e9rica Latina fueron diagnosticados de la misma enfermedad oncol\u00f3gica, entre ellos, el expresidente de Paraguay Fernando Lugo, la exmandataria de <a href=\"http:\/\/localhost\/debateplural\/tag\/argentina\">Argentina<\/a> Cristina Fern\u00e1ndez de Kirchner, la presidenta de <a href=\"http:\/\/localhost\/debateplural\/tag\/brasil\">Brasil<\/a>\u00a0<a href=\"http:\/\/localhost\/debateplural\/tag\/dilma-rousseff\">Dilma Rousseff<\/a>, destituida temporalmente de su cargo, y el expresidente brasile\u00f1o Lula da Silva.<\/p>\n","protected":false},"excerpt":{"rendered":"<p>Arist\u00f3bulo Ist\u00fariz sostiene que Hugo Ch\u00e1vez no muri\u00f3 de manera natural y que el c\u00e1ncer que padeci\u00f3 el exmandatario venezolano fue inducido con el fin de acabar con su pol\u00edtica.<\/p>\n","protected":false},"author":1,"featured_media":6533,"comment_status":"open","ping_status":"open","sticky":false,"template":"","format":"standard","meta":{"footnotes":""},"categories":[14,12],"tags":[63,22,32,23,10],"class_list":["post-5464","post","type-post","status-publish","format-standard","has-post-thumbnail","hentry","category-internacionales","category-politica-3","tag-argentina","tag-brasil","tag-dilma-rousseff","tag-hugo-chavez","tag-venezuela"],"_links":{"self":[{"href":"https:\/\/debateplural.net\/site\/wp-json\/wp\/v2\/posts\/5464"}],"collection":[{"href":"https:\/\/debateplural.net\/site\/wp-json\/wp\/v2\/posts"}],"about":[{"href":"https:\/\/debateplural.net\/site\/wp-json\/wp\/v2\/types\/post"}],"author":[{"embeddable":true,"href":"https:\/\/debateplural.net\/site\/wp-json\/wp\/v2\/users\/1"}],"replies":[{"embeddable":true,"href":"https:\/\/debateplural.net\/site\/wp-json\/wp\/v2\/comments?post=5464"}],"version-history":[{"count":1,"href":"https:\/\/debateplural.net\/site\/wp-json\/wp\/v2\/posts\/5464\/revisions"}],"predecessor-version":[{"id":6534,"href":"https:\/\/debateplural.net\/site\/wp-json\/wp\/v2\/posts\/5464\/revisions\/6534"}],"wp:featuredmedia":[{"embeddable":true,"href":"https:\/\/debateplural.net\/site\/wp-json\/wp\/v2\/media\/6533"}],"wp:attachment":[{"href":"https:\/\/debateplural.net\/site\/wp-json\/wp\/v2\/media?parent=5464"}],"wp:term":[{"taxonomy":"category","embeddable":true,"href":"https:\/\/debateplural.net\/site\/wp-json\/wp\/v2\/categories?post=5464"},{"taxonomy":"post_tag","embeddable":true,"href":"https:\/\/debateplural.net\/site\/wp-json\/wp\/v2\/tags?post=5464"}],"curies":[{"name":"wp","href":"https:\/\/api.w.org\/{rel}","templated":true}]}}