{"id":54736,"date":"2023-08-28T13:19:57","date_gmt":"2023-08-28T17:19:57","guid":{"rendered":"http:\/\/debateplural.com\/inicio\/?p=54736"},"modified":"2023-08-28T13:19:58","modified_gmt":"2023-08-28T17:19:58","slug":"puede-ecuador-volver-a-la-gloria-de-la-decada-ganada","status":"publish","type":"post","link":"https:\/\/debateplural.net\/site\/2023\/08\/28\/puede-ecuador-volver-a-la-gloria-de-la-decada-ganada\/","title":{"rendered":"\u00bfPuede Ecuador volver a la gloria de la 'D\u00e9cada Ganada'?"},"content":{"rendered":"\n<p>Denis Rogatyuk (Russia Today, 26-8-23)<\/p>\n\n\n\n<p>Ecuador fue una vez el&nbsp;<a href=\"https:\/\/www.ministeriodegobierno.gob.ec\/ecuador-es-el-segundo-pais-mas-seguro-de-la-region\/\" target=\"_blank\" rel=\"noreferrer noopener\">segundo pa\u00eds m\u00e1s seguro<\/a>&nbsp;de Am\u00e9rica Latina y uno de los de m\u00e1s r\u00e1pido crecimiento. Hoy mira hacia un abismo lleno de cr\u00edmenes.<\/p>\n\n\n\n<p>Un informe reciente del Centro de Investigaci\u00f3n y Pol\u00edtica Econ\u00f3mica (CEPR)&nbsp;<a href=\"https:\/\/cepr.net\/wp-content\/uploads\/2023\/08\/Ecuador-Brief-Final-PDF-8.15.2023.pdf\" target=\"_blank\" rel=\"noreferrer noopener\">ilustr\u00f3<\/a>&nbsp;el dram\u00e1tico declive de Ecuador desde el 2017 en casi todas las \u00e1reas socioecon\u00f3micas clave, incluida la pobreza, la seguridad, la desigualdad y el empleo. Mientras el pa\u00eds se preparaba para las cruciales elecciones presidenciales del 20 de agosto, existi\u00f3 una creciente expectativa de que el nuevo gobierno pueda&nbsp;<strong>revertir la tendencia<\/strong>&nbsp;y sacar a Ecuador del borde de una cat\u00e1strofe. Los&nbsp;<a href=\"https:\/\/elecciones2023.cne.gob.ec\/\" target=\"_blank\" rel=\"noreferrer noopener\">resultados<\/a>&nbsp;reflejaron esta incertidumbre, con la candidata de izquierda de Revoluci\u00f3n Ciudadana, Luisa Gonz\u00e1lez, obteniendo el 33,61% de los votos, seguida por el empresario Daniel Noboa con el 23,47%.<\/p>\n\n\n\n<h3 class=\"wp-block-heading\"><strong>La ca\u00edda<\/strong><\/h3>\n\n\n\n<p>Entre los presidentes Len\u00edn Moreno y Guillermo Lasso, el pa\u00eds hab\u00eda vuelto a la norma neoliberal de los a\u00f1os 80, con&nbsp;<strong>privatizaciones del sector p\u00fablico, obediencia a los intereses de EE.UU. y un aumento masivo del narcotr\u00e1fico y la delincuencia<\/strong>, en particular los homicidios. Mientras que en el \u00faltimo a\u00f1o de la presidencia de Rafael Correa (1997-2007) Ecuador registr\u00f3 970 asesinatos, esta cifra aument\u00f3 a 4.500 al cierre del 2022, quintuplic\u00e1ndose en 5 a\u00f1os.<\/p>\n\n\n\n<p>Lo mismo puede decirse de la tasa de pobreza y desigualdad de Ecuador. Mientras que en diciembre del 2017 las tasas de pobreza y pobreza extrema\u00a0<a rel=\"noreferrer noopener\" href=\"https:\/\/www.ecuadorencifras.gob.ec\/documentos\/web-inec\/POBREZA\/2017\/Diciembre\/Reporte%20pobreza%20y%20desigualdad%20_dic17.pdf\" target=\"_blank\">eran<\/a>\u00a0del 21,5% y 7,9% respectivamente, para el 2022 estas cifras alcanzaron el 25,2% y 8,2% respectivamente, con un pico de pobreza del 32% durante la pandemia del covid-19. El\u00a0<a rel=\"noreferrer noopener\" href=\"https:\/\/datosmacro.expansion.com\/demografia\/indice-gini\/ecuador\" target=\"_blank\">\u00edndice de Gini<\/a>, com\u00fanmente utilizado para medir la desigualdad econ\u00f3mica, hab\u00eda aumentado de manera similar del 44,7 al 45,8 entre los a\u00f1os 2017 y 2021. Todos estos problemas hab\u00edan generado un gran descontento contra ambos presidentes neoliberales, lo que result\u00f3 en levantamientos liderados por grupos ind\u00edgenas en 2019 y 2022, siendo ambos reprimidos con decenas de v\u00edctimas y algunos destacados l\u00edderes de la Revoluci\u00f3n Ciudadana tambi\u00e9n encarcelados o exiliados. El FMI, considerado durante mucho tiempo un culpable clave de los problemas econ\u00f3micos de Ecuador de finales de los 90 y principios de la d\u00e9cada del 2000,\u00a0<a rel=\"noreferrer noopener\" href=\"https:\/\/actualidad.rt.com\/actualidad\/451944-fmi-desembolsa-700-millones-dolares-ecuador\" target=\"_blank\">hizo un dram\u00e1tico regreso<\/a>\u00a0durante los mandatos de Moreno, y particularmente en el de Lasso. El actual presidente aprob\u00f3 un nuevo acuerdo en mayo del 2022, en el que se comprometi\u00f3 a continuar reduciendo el gasto social y abriendo Ecuador a la propiedad e inversi\u00f3n extranjera.<\/p>\n\n\n\n<h3 class=\"wp-block-heading\"><strong>La campa\u00f1a<\/strong><\/h3>\n\n\n\n<p>Las \u00faltimas semanas de la actual campa\u00f1a presidencial estuvieron marcadas por el asesinato de un candidato conservador clave, Fernando Villavicencio, as\u00ed como del candidato de izquierda a la Asamblea Nacional, Pedro Briones. El debate presidencial del 13 de agosto tambi\u00e9n dej\u00f3 mucho que desear. Las fallas t\u00e9cnicas, las interrupciones, la falta de comunicaci\u00f3n entre los moderadores y los oradores, y un marcado sesgo en contra de algunos de los candidatos, solo se han sumado a la incertidumbre y confusi\u00f3n existente entre los votantes. Sin embargo, del caos surgieron dos candidatos claros que disputaron la victoria: los izquierdistas Luisa Gonz\u00e1lez y Andr\u00e9s Arauz del movimiento Revoluci\u00f3n Ciudadana y el empresario conservador Daniel Noboa, heredero de la fortuna del conglomerado bananero encabezado por su padre, el empresario y pol\u00edtico \u00c1lvaro Noboa, quien forma binomio con Ver\u00f3nica Abad.<\/p>\n\n\n\n<h3 class=\"wp-block-heading\"><strong>La candidatura de la Revoluci\u00f3n Ciudadana<\/strong><\/h3>\n\n\n\n<p>La campa\u00f1a de Gonz\u00e1lez se ha centrado fuertemente en el legado de la administraci\u00f3n y los logros de Rafael Correa, as\u00ed como en nuevas pol\u00edticas e iniciativas que ayuden a abordar los problemas de pobreza e inseguridad. Gonz\u00e1lez era exdiputada a la Asamblea Nacional y secretaria de administraci\u00f3n presidencial durante el gobierno de Rafael Correa. Sus pol\u00edticas han sido consideradas como una versi\u00f3n mejorada de las reformas de Correa. Estas incluyen la restauraci\u00f3n de los impuestos sobre las ganancias extraordinarias en las exportaciones de hidrocarburos (principalmente gas y petr\u00f3leo), la introducci\u00f3n de un nuevo sistema de microcr\u00e9ditos para ayudar al sector privado, la reconstrucci\u00f3n y mejora de la infraestructura del pa\u00eds, la inversi\u00f3n en el debilitado sector de la salud y la seguridad, as\u00ed como la lucha contra el narcotr\u00e1fico y la creaci\u00f3n de una nueva agencia para combatir los delitos cibern\u00e9ticos.<\/p>\n\n\n\n<p>La campa\u00f1a de Gonz\u00e1lez encontr\u00f3 muchos obst\u00e1culos en su camino. Entre ellos est\u00e1n la campa\u00f1a medi\u00e1tica dirigida contra ella con acusaciones de que est\u00e1 planeando \"desdolarizar\" la econom\u00eda ecuatoriana, supuestos v\u00ednculos financieros entre c\u00e1rteles colombianos y mexicanos y varios informes que implican la participaci\u00f3n de Correa en el asesinato de Villavicencio. Ninguno hab\u00eda presentado evidencia concreta, y se podr\u00eda argumentar que estos ataques son parte de un intento de difamaci\u00f3n para evitar su victoria absoluta en la primera ronda. Por otro lado, la promesa del regreso de la administraci\u00f3n que sac\u00f3 a millones de la pobreza y redujo la tasa de homicidios y criminalidad a una de las m\u00e1s bajas de Am\u00e9rica Latina cosech\u00f3 suficiente atractivo para colocarla en el primer lugar de las encuestas. Su oposici\u00f3n personal a la legalizaci\u00f3n del aborto tambi\u00e9n ha sido popular en Ecuador, un pa\u00eds socialmente conservador y mayoritariamente cat\u00f3lico.<\/p>\n\n\n\n<h3 class=\"wp-block-heading\"><strong>La batalla campal de la derecha<\/strong><\/h3>\n\n\n\n<p>Antes del 20 de agosto, varios l\u00edderes pol\u00edticos conservadores y de derecha compet\u00edan por el segundo lugar en la carrera presidencial. Muchos cre\u00edan que el puesto ser\u00eda ganado por Jan Topic, un exsoldado que aspiraba a emular a Nayib Bukele de El Salvador y convertirse en una especie de 'Rambo ecuatoriano' en la lucha contra el crimen organizado y la corrupci\u00f3n. Una de sus propuestas clave en este \u00e1mbito fue la creaci\u00f3n de una nueva fuerza policial de 10.000 personas armadas con equipos importados de EE.UU. Sin embargo, sus t\u00e1cticas de \"amor duro\" solo le dieron alrededor del 14%.<\/p>\n\n\n\n<p>Christian Zurita, periodista que reemplaz\u00f3 al asesinado Fernando Villavicencio, obtuvo el 16,37% del voto de simpat\u00eda por el fallecido excandidato. Otros candidatos dignos de menci\u00f3n fueron Otto Sonnenholzner con el 7%, el exvicepresidente de Ecuador bajo Len\u00edn Moreno, mejor conocido por su renuncia despu\u00e9s de la cat\u00e1strofe del covid-19 y por ayudar a organizar la represi\u00f3n de las protestas de octubre del 2019. Carlos Yaku P\u00e9rez, un exl\u00edder ind\u00edgena y contendiente en las elecciones del 2021,&nbsp;<a href=\"https:\/\/misionverdad.com\/traducciones\/yaku-perez-el-candidato-ecosocialista-de-ecuador-respaldado-por-eeuu\" target=\"_blank\" rel=\"noreferrer noopener\">acusado<\/a>&nbsp;de tener v\u00ednculos con ONGs estadounidenses como la NED, fue uno de los mayores perdedores, con casi el 4%.<\/p>\n\n\n\n<p>Sin embargo, fue&nbsp;<a href=\"https:\/\/actualidad.rt.com\/actualidad\/477269-daniel-noboa-claves-resultado-elecciones-ecuador\" target=\"_blank\" rel=\"noreferrer noopener\">Daniel Noboa<\/a>, el hijo del bar\u00f3n bananero m\u00e1s notorio de Ecuador, quien reclam\u00f3 el preciado segundo lugar el 20 de agosto y se enfrentar\u00e1 a Luisa Gonz\u00e1lez en la segunda vuelta, que tendr\u00e1 lugar el 15 de octubre. Su inesperado \u00e9xito se debe en gran medida a la notoriedad de su apellido en Ecuador (similar a Trump en Estados Unidos), y a su memorable actuaci\u00f3n durante el debate presidencial del 13 de agosto.<\/p>\n\n\n\n<p>Una sensaci\u00f3n de 'd\u00e9j\u00e0 vu' ahora se cierne sobre Ecuador. Al igual que en el 2021, el pa\u00eds ser\u00e1 obligado a elegir entre los herederos de la Revoluci\u00f3n Ciudadana de Rafael Correa y un empresario corporativo conservador con cuentas bancarias en para\u00edsos fiscales en el extranjero. Confucio dijo una vez que \"no se puede entrar dos veces en el mismo r\u00edo\". El 15 de octubre veremos si su l\u00f3gica es v\u00e1lida para el futuro pol\u00edtico de Ecuador.<\/p>\n","protected":false},"excerpt":{"rendered":"<p>Denis Rogatyuk (Russia Today, 26-8-23) Ecuador fue una vez el&nbsp;segundo pa\u00eds m\u00e1s seguro&nbsp;de Am\u00e9rica Latina y uno de los de m\u00e1s r\u00e1pido crecimiento. Hoy mira hacia un abismo lleno de cr\u00edmenes. Un informe reciente del Centro de Investigaci\u00f3n y Pol\u00edtica Econ\u00f3mica (CEPR)&nbsp;ilustr\u00f3&nbsp;el dram\u00e1tico declive de Ecuador desde el 2017 en casi todas las \u00e1reas socioecon\u00f3micas [&hellip;]<\/p>\n","protected":false},"author":1,"featured_media":22453,"comment_status":"open","ping_status":"open","sticky":false,"template":"","format":"standard","meta":{"footnotes":""},"categories":[14,12],"tags":[],"class_list":["post-54736","post","type-post","status-publish","format-standard","has-post-thumbnail","hentry","category-internacionales","category-politica-3"],"_links":{"self":[{"href":"https:\/\/debateplural.net\/site\/wp-json\/wp\/v2\/posts\/54736"}],"collection":[{"href":"https:\/\/debateplural.net\/site\/wp-json\/wp\/v2\/posts"}],"about":[{"href":"https:\/\/debateplural.net\/site\/wp-json\/wp\/v2\/types\/post"}],"author":[{"embeddable":true,"href":"https:\/\/debateplural.net\/site\/wp-json\/wp\/v2\/users\/1"}],"replies":[{"embeddable":true,"href":"https:\/\/debateplural.net\/site\/wp-json\/wp\/v2\/comments?post=54736"}],"version-history":[{"count":1,"href":"https:\/\/debateplural.net\/site\/wp-json\/wp\/v2\/posts\/54736\/revisions"}],"predecessor-version":[{"id":54737,"href":"https:\/\/debateplural.net\/site\/wp-json\/wp\/v2\/posts\/54736\/revisions\/54737"}],"wp:featuredmedia":[{"embeddable":true,"href":"https:\/\/debateplural.net\/site\/wp-json\/wp\/v2\/media\/22453"}],"wp:attachment":[{"href":"https:\/\/debateplural.net\/site\/wp-json\/wp\/v2\/media?parent=54736"}],"wp:term":[{"taxonomy":"category","embeddable":true,"href":"https:\/\/debateplural.net\/site\/wp-json\/wp\/v2\/categories?post=54736"},{"taxonomy":"post_tag","embeddable":true,"href":"https:\/\/debateplural.net\/site\/wp-json\/wp\/v2\/tags?post=54736"}],"curies":[{"name":"wp","href":"https:\/\/api.w.org\/{rel}","templated":true}]}}