{"id":55058,"date":"2023-10-03T16:48:49","date_gmt":"2023-10-03T20:48:49","guid":{"rendered":"http:\/\/debateplural.com\/inicio\/?p=55058"},"modified":"2023-10-03T16:48:50","modified_gmt":"2023-10-03T20:48:50","slug":"los-nuevos-colonialismos-en-africa-no-existen-los-paises-del-sahel-le-responden-a-occidente","status":"publish","type":"post","link":"https:\/\/debateplural.net\/site\/2023\/10\/03\/los-nuevos-colonialismos-en-africa-no-existen-los-paises-del-sahel-le-responden-a-occidente\/","title":{"rendered":"Los \"nuevos colonialismos\" en \u00c1frica no existen: los pa\u00edses del Sahel le responden a Occidente"},"content":{"rendered":"\n<p>Mar\u00eda Fe Celi Reyna (Russia Today, 3-10-23)<\/p>\n\n\n\n<p>Hace unos d\u00edas, un programa televisivo de una cadena espa\u00f1ola se dedic\u00f3 a hablar de los \"nuevos colonialismos\" en \u00c1frica y, de paso, le limpiaron la cara al colonialismo occidental ejercido hasta el d\u00eda de hoy en el continente, diciendo que era algo del pasado.<\/p>\n\n\n\n<p>Coincidentemente, en los \u00faltimos diez d\u00edas de septiembre se&nbsp;encadenaron una serie de hechos relacionados con algunos pa\u00edses del Sahel que, si se analizan en su conjunto, son una respuesta contundente a las&nbsp;<strong>narrativas occidentales racistas y paternalistas<\/strong>&nbsp;que recaen sobre el continente africano, como aquella de los \"nuevos colonialismos\".<\/p>\n\n\n\n<h3 class=\"wp-block-heading\"><strong>La nueva narrativa<\/strong><\/h3>\n\n\n\n<p>La narrativa de los \"nuevos colonialismos\" consiste en quitarle agencia a los africanos frente al inter\u00e9s cada vez mayor en el continente por parte de pa\u00edses no occidentales. Si los africanos prefieren, cada vez m\u00e1s, relacionarse con otros pa\u00edses no occidentales es porque han comprado sus voluntades; si apoyan a esos pa\u00edses en los foros internacionales es porque est\u00e1n endeudados.<\/p>\n\n\n\n<p>Por otra parte, en esta narrativa las empresas no occidentales en \u00c1frica no hacen negocios, expolian recursos.&nbsp;<\/p>\n\n\n\n<p>Es decir, los africanos, o son corruptos o no saben lo que es mejor para ellos. Lo \u00fanico que hacen es \"cambiar un colonizador por otro\".<\/p>\n\n\n\n<p>Con esto, se cumple la norma de que todo lo que se diga en Occidente sobre el mundo no occidental no es m\u00e1s que una proyecci\u00f3n de sus propias acciones. O como se dice popularmente: \"el ladr\u00f3n cree que todos son de su condici\u00f3n\". Por cierto, si hablamos de los&nbsp;<a href=\"https:\/\/actualidad.rt.com\/actualidad\/479346-junta-militar-niger-acusa-francia-desplegar-fuerzas-cedeao-intervencion\" target=\"_blank\" rel=\"noreferrer noopener\">colonizadores occidentales<\/a>, podemos tomar ese dicho literalmente.<\/p>\n\n\n\n<h3 class=\"wp-block-heading\"><strong>El progresismo occidental racista<\/strong><\/h3>\n\n\n\n<p>Muchas de las narrativas sobre los pa\u00edses no occidentales (incluyendo los pa\u00edses gobernados por partidos comunistas) se transmiten a trav\u00e9s del llamado progresismo, que levanta las banderas de causas muy justas, pero que, al mismo tiempo, normaliza t\u00f3picos racistas sobre pa\u00edses culturalmente distintos.<\/p>\n\n\n\n<p><strong>Es la misma discriminaci\u00f3n, pero \"endulzada\" con una capa de \"inclusi\u00f3n\"<\/strong>&nbsp;que la hace v\u00e1lida frente a sectores que jam\u00e1s creer\u00edan en los conservadurismos de derecha, incluyendo movimientos sociales.<\/p>\n\n\n\n<p>Tanto para los conservadores como progresistas occidentales, los cambios tect\u00f3nicos en el continente son por obra de la influencia del&nbsp;<a href=\"https:\/\/actualidad.rt.com\/actualidad\/478095-jefe-grupo-wagner-yevgueni-prigozhin\" target=\"_blank\" rel=\"noreferrer noopener\">grupo Wagner<\/a>&nbsp;y no por el&nbsp;<strong>hartazgo de la situaci\u00f3n neocolonial<\/strong>. Es imposible pensar que, en \u00c1frica, hayan decidido tomar el control de su propio destino.<\/p>\n\n\n\n<blockquote class=\"wp-block-quote is-layout-flow wp-block-quote-is-layout-flow\">\n<p>Muchas de las narrativas sobre los pa\u00edses no occidentales se transmiten a trav\u00e9s del llamado progresismo, que levanta las banderas de causas muy justas, pero que, al mismo tiempo, normaliza t\u00f3picos racistas sobre pa\u00edses culturalmente distintos.<\/p>\n<\/blockquote>\n\n\n\n<p>As\u00ed, enajenan a los sectores m\u00e1s desfavorecidos de las experiencias revolucionarias m\u00e1s exitosas, tanto actuales como pasadas.<\/p>\n\n\n\n<p>Los refritos enunciados en ese programa televisivo espa\u00f1ol no son novedad. No fueron los primeros, ni ser\u00e1n los \u00faltimos.<\/p>\n\n\n\n<p>Este mes, en Beijing, se relanzar\u00e1 la Iniciativa de la Franja y la Ruta en el marco de su d\u00e9cimo aniversario. En este nuevo inicio, se espera que la ruta que&nbsp;<a href=\"https:\/\/actualidad.rt.com\/actualidad\/469040-china-inyecciones-millones-dolares-proyectos-infraestructura-argentina\" target=\"_blank\" rel=\"noreferrer noopener\">conecta<\/a>&nbsp;China con Am\u00e9rica Latina cobre mayor importancia.<\/p>\n\n\n\n<p>As\u00ed que no se sorprendan si encuentran m\u00e1s seguido, en los medios hispanohablantes, estas narrativas sobre \u00c1frica.&nbsp;<strong>Van a buscar, como sea, infundir miedo en nuestros pa\u00edses<\/strong>, aprovechando la desconexi\u00f3n informativa entre ambos lados del Oc\u00e9ano Atl\u00e1ntico.<\/p>\n\n\n\n<h3 class=\"wp-block-heading\"><strong>\"Golpe\" al statu quo en la ONU<\/strong><\/h3>\n\n\n\n<p>Una de las pr\u00e1cticas m\u00e1s comunes para ningunear los procesos pol\u00edticos africanos es simplificarlos. El mejor ejemplo es que&nbsp;<strong>ponen todos los golpes de Estado<\/strong>&nbsp;ocurridos en los \u00faltimos a\u00f1os<strong>&nbsp;como si fuesen parte del mismo proceso<\/strong>, pero basta con consultar algunos medios africanos para saber que no es as\u00ed.<\/p>\n\n\n\n<p>Los&nbsp;<a href=\"https:\/\/actualidad.rt.com\/actualidad\/478175-africa-golpes-paises-continente-tendencia\" target=\"_blank\" rel=\"noreferrer noopener\">ocurridos<\/a>&nbsp;en Guinea, Mal\u00ed, Burkina Faso y N\u00edger son muy distintos al resto. Estos fueron liderados por los llamados \"militares patriotas\", que tienen una agenda nacionalista y antimperialista. De ah\u00ed que sean los m\u00e1s vilipendiados por los occidentales, mientras que,&nbsp;<strong>frente al golpe en Gab\u00f3n, que cuenta con la venia de los franceses, hay un silencio casi absoluto<\/strong>.<\/p>\n\n\n\n<blockquote class=\"wp-block-quote is-layout-flow wp-block-quote-is-layout-flow\">\n<p>Los golpes en Guinea, Mal\u00ed, Burkina Faso y N\u00edger son muy distintos al resto. Fueron liderados por los llamados \"militares patriotas\", que tienen una agenda nacionalista y antimperialista.&nbsp;<\/p>\n<\/blockquote>\n\n\n\n<p>Como dice Sogouyou Keguewe, exembajador y periodista togol\u00e9s, el cerco informativo que pesa sobre estos pa\u00edses ha convertido a la Asamblea General de la ONU en una plataforma que les permite expresar su posici\u00f3n.<\/p>\n\n\n\n<p>Efectivamente, este a\u00f1o la aprovecharon bien dando tres discursos que quedar\u00e1n en la historia de las luchas anticolonialistas. Digo tres porque los representantes de&nbsp;<strong>N\u00edger<\/strong>&nbsp;fueron<strong>&nbsp;impedidos de ejercer su derecho a exponer en la Asamblea<\/strong>.<\/p>\n\n\n\n<p>Cada uno a su estilo, critic\u00f3 ferozmente la actitud de pa\u00edses occidentales que tildan sus procesos de antidemocr\u00e1ticos sin analizar la ra\u00edz de los problemas sociales, que el sistema de gobernanza impuesto sobre ellos, el de la democracia liberal, no ha podido solucionar. Dejaron en claro que, de ahora en adelante, ellos desarrollar\u00edan su propio sistema y priorizar\u00e1n los problemas sociales y econ\u00f3micos.<\/p>\n\n\n\n<p>Asimismo, criticaron los discursos paternalistas hacia sus pa\u00edses que colocan a los africanos siempre bajo la sombra de otro pa\u00eds. El mismo\u00a0<a rel=\"noreferrer noopener\" href=\"https:\/\/actualidad.rt.com\/actualidad\/403249-mamady-doumbouya-jefe-fuerzas-especiales\" target=\"_blank\">Mamady Doumbouya<\/a>, presidente de Guinea, los calific\u00f3 de insultantes y racistas.<\/p>\n\n\n\n<p>Bassolma Bazi\u00e9, ministro de Estado de Burkina Faso, fue m\u00e1s directo cuando dijo que su pa\u00eds establecer\u00e1 alianzas estrat\u00e9gicas \"con quien quiera y comprar\u00e1 sus medios de defensa con quien quiera\", y que har\u00e1 negocios directos y sin intermediarios con cualquier pa\u00eds, \"as\u00ed se llame Rusia o Corea del Norte\".<\/p>\n\n\n\n<blockquote class=\"wp-block-quote is-layout-flow wp-block-quote-is-layout-flow\">\n<p>Criticaron los discursos paternalistas hacia sus pa\u00edses que colocan a los africanos siempre bajo la sombra de otro pa\u00eds.<\/p>\n<\/blockquote>\n\n\n\n<p>El tercer punto importante en los tres discursos fue el de seguridad. En palabras de Abdoulaye Diop, ministro de Relaciones Exteriores de Mal\u00ed, el apoyo occidental \"no estuvo a la altura\" para vencer al terrorismo, cuyo origen es la guerra de la OTAN contra Libia. Esa misma \"diplomacia de la hipocres\u00eda\", en palabras de Bazi\u00e9, es la que quieren aplicar con N\u00edger y ellos no lo van a permitir.<\/p>\n\n\n\n<h3 class=\"wp-block-heading\"><strong>Francia, al fin, se va de N\u00edger<\/strong><\/h3>\n\n\n\n<p>Unos d\u00edas despu\u00e9s, el presidente de Francia, Emmanuel Macron, anunci\u00f3 que retirar\u00eda la presencia&nbsp;de su pa\u00eds de N\u00edger,&nbsp;lo que implicaba coordinarse&nbsp;con la junta militar la salida ordenada de las tropas francesas antes de diciembre de este a\u00f1o. En tanto, su embajador&nbsp;<a href=\"https:\/\/actualidad.rt.com\/actualidad\/481318-embajador-francia-niger-abandona-pais-africano\">parti\u00f3<\/a>&nbsp;inmediatamente.<\/p>\n\n\n\n<p>Ante esta derrota pol\u00edtica, y en el colmo de la arrogancia, para justificarse agreg\u00f3 que, en N\u00edger, \"ya no quieren luchar contra el terrorismo\".<\/p>\n\n\n\n<p>Desde el 26 de julio, cuando ocurri\u00f3 el golpe de Estado, los nigerinos han estado en las calles protestando frente a la embajada francesa y sus bases militares, demandando su partida. Esta vez, volvieron a salir, pero para celebrar. En las calles se escuch\u00f3 la canci\u00f3n del grupo Goumb\u00e9 Star llamada 'Necesitamos a Tchiani', en referencia al presidente de la junta militar.&nbsp;<\/p>\n\n\n\n<h3 class=\"wp-block-heading\"><strong>Intentona golpista en Burkina Faso<\/strong><\/h3>\n\n\n\n<p>El 27 de septiembre, el gobierno de la transici\u00f3n de Burkina Faso anunci\u00f3 que se hab\u00eda desbaratado un intento de golpe de Estado que buscaba atentar contra la vida del presidente, el capit\u00e1n Ibrahim Traor\u00e9, y que miembros de las Fuerzas de Defensa estaban involucrados.<\/p>\n\n\n\n<p>En respuesta, miles de ciudadanos salieron a las calles en apoyo al presidente. Los videos en redes sociales mostraron congregaciones espont\u00e1neas con j\u00f3venes haciendo vivas a IB, como han apodado a Traor\u00e9, as\u00ed como gritando consignas como \"patria o muerte, venceremos\".<\/p>\n\n\n\n<p>El 30 de septiembre, volvieron a salir, pero esta vez para celebrar el primer a\u00f1o del gobierno de transici\u00f3n.<\/p>\n\n\n\n<h3 class=\"wp-block-heading\"><strong>Los tent\u00e1culos del colonialismo<\/strong><\/h3>\n\n\n\n<p>La crisis en el Sahel occidental empez\u00f3 por la guerra de la OTAN contra Libia. Por diez a\u00f1os, los pa\u00edses occidentales dijeron estar luchando contra el terrorismo, pero solo lo hicieron m\u00e1s fuerte.<\/p>\n\n\n\n<p>Al mismo tiempo, son d\u00e9cadas de condicionar con \"cooperaci\u00f3n para el desarrollo\", que solo genera dependencia y&nbsp;que siempre se sujeta a las \"elecciones democr\u00e1ticas\" que siempre terminaban ganando \u00e9lites corruptas y serviles a los intereses occidentales.<\/p>\n\n\n\n<p>Hartos de la situaci\u00f3n, cuando tomaron el poder por las armas, los sancionaron y, ahora,&nbsp;<strong>buscan ahogarlos con una guerra econ\u00f3mica<\/strong>.<\/p>\n\n\n\n<p>En cambio, las acciones de los pa\u00edses no occidentales muestran otra actitud. El 22 de septiembre, en su mensaje a la naci\u00f3n, Assimi Goita, presidente de Mal\u00ed,&nbsp;<a href=\"https:\/\/actualidad.rt.com\/actualidad\/479519-presidente-interino-mali-agradece-putin\" target=\"_blank\" rel=\"noreferrer noopener\">agradeci\u00f3<\/a>&nbsp;a Rusia por el apoyo en seguridad. Ir\u00e1n ha anunciado su voluntad de construir una refiner\u00eda en Burkina Faso. Mientras que el embajador chino en N\u00edger se ha ofrecido como mediador entre este pa\u00eds y la&nbsp;Comunidad Econ\u00f3mica de Estados de \u00c1frica Occidental (CEDEAO) para que levanten las sanciones y paren las amenazas de guerra.<\/p>\n\n\n\n<p>Hoy en d\u00eda, los pa\u00edses africanos tienen opciones. El mundo multipolar est\u00e1 permitiendo a las naciones que luchan por su soberan\u00eda poder diversificar sus socios y as\u00ed, poder construir su propio destino.<\/p>\n\n\n\n<p>En lugar de entender,&nbsp;<strong>los pa\u00edses occidentales han diversificado sus formas de dominaci\u00f3n<\/strong>. Una de ellas consiste en usar su aparato medi\u00e1tico para desprestigiar, ridiculizar y obstruir cualquier intento de liberaci\u00f3n de los pueblos.&nbsp;<\/p>\n\n\n\n<p>El colonialismo ha sido y sigue siendo uno solo. No perdamos de perspectiva de d\u00f3nde viene.<\/p>\n","protected":false},"excerpt":{"rendered":"<p>Mar\u00eda Fe Celi Reyna (Russia Today, 3-10-23) Hace unos d\u00edas, un programa televisivo de una cadena espa\u00f1ola se dedic\u00f3 a hablar de los \"nuevos colonialismos\" en \u00c1frica y, de paso, le limpiaron la cara al colonialismo occidental ejercido hasta el d\u00eda de hoy en el continente, diciendo que era algo del pasado. Coincidentemente, en los [&hellip;]<\/p>\n","protected":false},"author":1,"featured_media":55059,"comment_status":"open","ping_status":"open","sticky":false,"template":"","format":"standard","meta":{"footnotes":""},"categories":[14,12],"tags":[],"class_list":["post-55058","post","type-post","status-publish","format-standard","has-post-thumbnail","hentry","category-internacionales","category-politica-3"],"_links":{"self":[{"href":"https:\/\/debateplural.net\/site\/wp-json\/wp\/v2\/posts\/55058"}],"collection":[{"href":"https:\/\/debateplural.net\/site\/wp-json\/wp\/v2\/posts"}],"about":[{"href":"https:\/\/debateplural.net\/site\/wp-json\/wp\/v2\/types\/post"}],"author":[{"embeddable":true,"href":"https:\/\/debateplural.net\/site\/wp-json\/wp\/v2\/users\/1"}],"replies":[{"embeddable":true,"href":"https:\/\/debateplural.net\/site\/wp-json\/wp\/v2\/comments?post=55058"}],"version-history":[{"count":1,"href":"https:\/\/debateplural.net\/site\/wp-json\/wp\/v2\/posts\/55058\/revisions"}],"predecessor-version":[{"id":55060,"href":"https:\/\/debateplural.net\/site\/wp-json\/wp\/v2\/posts\/55058\/revisions\/55060"}],"wp:featuredmedia":[{"embeddable":true,"href":"https:\/\/debateplural.net\/site\/wp-json\/wp\/v2\/media\/55059"}],"wp:attachment":[{"href":"https:\/\/debateplural.net\/site\/wp-json\/wp\/v2\/media?parent=55058"}],"wp:term":[{"taxonomy":"category","embeddable":true,"href":"https:\/\/debateplural.net\/site\/wp-json\/wp\/v2\/categories?post=55058"},{"taxonomy":"post_tag","embeddable":true,"href":"https:\/\/debateplural.net\/site\/wp-json\/wp\/v2\/tags?post=55058"}],"curies":[{"name":"wp","href":"https:\/\/api.w.org\/{rel}","templated":true}]}}