{"id":55092,"date":"2023-10-30T13:55:51","date_gmt":"2023-10-30T17:55:51","guid":{"rendered":"http:\/\/debateplural.com\/inicio\/?p=55092"},"modified":"2023-10-30T13:55:52","modified_gmt":"2023-10-30T17:55:52","slug":"argentina-milei-se-une-a-la-casta-con-su-derrota-en-la-primera-vuelta","status":"publish","type":"post","link":"https:\/\/debateplural.net\/site\/2023\/10\/30\/argentina-milei-se-une-a-la-casta-con-su-derrota-en-la-primera-vuelta\/","title":{"rendered":"Argentina: Milei se une a \"la casta\" con su derrota en la primera vuelta"},"content":{"rendered":"\n<p>Denis Rogatyuk (Russia Today, 28-10-23)<\/p>\n\n\n\n<p>Las expectativas eran bastante altas para el l\u00edder libertario ultraconservador Javier Milei el 22 de octubre, en la primera vuelta de las elecciones presidenciales de Argentina. Hasta ahora ha logrado lo impensable: quedar primero en las elecciones primarias del pa\u00eds con la promesa de poner fin al duopolio de los dos bloques principales: un frente peronista unificado, ahora encabezado por el rival de Cristina Kirchner, Sergio Massa; y la coalici\u00f3n de republicanos y radicales, encabezada&nbsp;por Patricia Bullrich, rival del expresidente Mauricio Macri.<\/p>\n\n\n\n<p>Casi todas las encuestas lo mostraban&nbsp;<a href=\"https:\/\/www.larazon.es\/internacional\/milei-favorito-argentinos-segun-sondeos_2023102165331568a1cbe0000175715b.html\">como el favorito con un 33-38 %<\/a>&nbsp;de los votos totales, e incluso se especul\u00f3 con una posible victoria absoluta en la primera vuelta. Sin embargo,&nbsp;<a href=\"https:\/\/elpais.com\/argentina\/2023-10-23\/resultados-de-las-elecciones-en-argentina-en-vivo.html\">los resultados<\/a>&nbsp;de esos comicios fueron como un \"jarro de agua fr\u00eda sobre espalda\" para Milei, ya que Massa recuper\u00f3&nbsp;impulso&nbsp;al conseguir el 36,68 % de los votos, dejando al&nbsp;ultraderechista con solo el 29,98 % y echando a Bullrich de carrera con&nbsp;el 23,83 %.<\/p>\n\n\n\n<p>Poco despu\u00e9s, la candidata de Juntos por el Cambio&nbsp;<a href=\"https:\/\/elpais.com\/argentina\/2023-10-26\/el-apoyo-electoral-de-bullrich-al-ultra-milei-dinamita-al-principal-frente-opositor-argentino.html\">declar\u00f3 su apoyo<\/a>&nbsp;al l\u00edder libertario, quien lo acept\u00f3 felizmente, pese a llamar a su agrupaci\u00f3n parte de \"la casta\" y a Bulirch personalmente \"<a href=\"https:\/\/www.youtube.com\/watch?v=ybTp1UXeMuk\">montonera asesina<\/a>\".<\/p>\n\n\n\n<h3 class=\"wp-block-heading\">El le\u00f3n en el invierno<\/h3>\n\n\n\n<p>Milei se ha acostumbrado a utilizar\u00a0<a href=\"https:\/\/www.eleconomista.es\/economia\/noticias\/12472923\/10\/23\/el-plan-motosierra-de-milei-para-que-argentina-se-convierta-en-una-economia-similar-a-la-de-eeuu-en-35-anos.html\">la motosierra<\/a>\u00a0como s\u00edmbolo de sus intenciones pol\u00edticas: cortar todas las instituciones estatales que considera derrochadoras y acabar con los cimientos de \"la casta\". Su imagen y sus campa\u00f1as est\u00e1n llenas de t\u00e1cticas de marketing pol\u00edtico\u00a0poco convencionales. Entre\u00a0algunos ejemplos destacan\u00a0su apariencia de rockero de finales de los 70, el uso de im\u00e1genes en redes\u00a0<a rel=\"noreferrer noopener\" href=\"https:\/\/www.eltiempo.com\/mundo\/latinoamerica\/javier-milei-se-comparo-con-goku-la-imagen-genero-controversia-811322\" target=\"_blank\">sociales con Goku de 'Dragon Ball Z'<\/a>, videos virales de sus agresivos discursos y\u00a0declaraciones donde ataca a feministas,\u00a0<a rel=\"noreferrer noopener\" href=\"https:\/\/www.nytimes.com\/es\/2023\/10\/16\/espanol\/javier-milei-papa-francisco-argentina.html\" target=\"_blank\">al papa Francisco<\/a>, a Cristina Kirchner,\u00a0<a rel=\"noreferrer noopener\" href=\"https:\/\/www.newsweek.com.ar\/politica\/milei-critico-a-jxc-mira-si-habran-hecho-las-cosas-mal-que-aparecio-un-outsider-y-los-desplazo\/\" target=\"_blank\">a la pol\u00edtica de JxC<\/a>\u00a0y a gente de izquierda en general, as\u00ed como el uso de mu\u00f1ecos de acci\u00f3n\u00a0<a rel=\"noreferrer noopener\" href=\"https:\/\/www.clarin.com\/espectaculos\/fama\/javier-milei-vistio-superheroe-enfrentar-keynesianos-cuestionar-gobierno_0_iSDW9lLa0.html\" target=\"_blank\">y disfraces<\/a>. Para una persona promedio que mira desde afuera, Milei parecer\u00eda m\u00e1s un meme de Internet que un candidato presidencial.<\/p>\n\n\n\n<p>Pero Argentina no vive una \u00e9poca promedio. La inflaci\u00f3n ha superado el 100 % y el valor del peso argentino se ha desplomado a 1.100 por un d\u00f3lar en el mercado negro (en comparaci\u00f3n con el cambio a 340 por dolar de principios de 2023), mientras que la tasa de pobreza ha aumentado a alrededor del 40 %, la m\u00e1s alta en casi dos d\u00e9cadas.<\/p>\n\n\n\n<p>Milei ofreci\u00f3 una mezcla de curas milagrosas que podr\u00edan revitalizar el pa\u00eds. Estas incluyeron\u00a0<a href=\"https:\/\/www.bbc.com\/mundo\/articles\/c1d7dm4j9p9o\">la adop<\/a>ci\u00f3n del d\u00f3lar estadounidense como moneda oficial (citando el controvertido \u00e9xito de Ecuador), la abolici\u00f3n de la mitad de todos los ministerios del pa\u00eds para reducir el gasto p\u00fablico y la burocracia, y el corte de relaciones formales con Brasil, China, Rusia, Venezuela y Cuba,\u00a0en un intento de\u00a0reorientar el comercio con los pa\u00edses que, a su juicio, abrazan la libertad y el libre mercado. Adem\u00e1s, su firme oposici\u00f3n al aborto y su entusiasmo por la legalizaci\u00f3n de armas atrajeron fuertemente a la base social conservadora del pa\u00eds. Esta mezcla de im\u00e1genes antielitistas, una f\u00f3rmula econ\u00f3mica completamente nueva y un atractivo social conservador le dio a Milei una victoria clave en las primarias, pero lo decepcion\u00f3 en la primera vuelta. Entonces, \u00bfqu\u00e9 sali\u00f3 mal para el pol\u00edtico?.<\/p>\n\n\n\n<p>En primer lugar, las elecciones primarias act\u00faan como una consulta popular entre la poblaci\u00f3n votante y, como tales, son una medida del estado de \u00e1nimo pol\u00edtico del pa\u00eds. Para muchos de los que eligieron a Milei, fue una oportunidad para expresar su enojo y decepci\u00f3n, sin que su voto tuviera consecuencias graves. Parece que Milei no hab\u00eda logrado ampliar su alcance m\u00e1s all\u00e1 de esta parte descontenta y, en palabras&nbsp;<a href=\"https:\/\/www.celag.org\/el-techo-de-milei\/\" target=\"_blank\" rel=\"noreferrer noopener\">del analista pol\u00edtico Alfredo Serrano,<\/a>&nbsp;no&nbsp;fue m\u00e1s all\u00e1 del \"techo electoral\" del 30 % de los votos.<\/p>\n\n\n\n<p>En segundo lugar, Milei se vio obligado a afrontar sus propias contradicciones tanto durante la campa\u00f1a como en los distintos debates presidenciales. Tuvo un fuerte atractivo entre la juventud argentina por su versatilidad&nbsp;comunicacional y el uso de las redes sociales, sin embargo, su atractivo para \"despertar a los leones\" entre el pueblo descontento comenz\u00f3 a decaer a medida que iba&nbsp;<a href=\"https:\/\/www.perfil.com\/noticias\/canal-e\/debate-presidencial-milei-va-a-tener-que-moderarse-en-las-preguntas.phtml\" target=\"_blank\" rel=\"noreferrer noopener\">moderando<\/a>&nbsp;su lenguaje en la campa\u00f1a. Esto resultar\u00e1 a\u00fan m\u00e1s dif\u00edcil ahora que Bullrich y Mauricio Macri le han declarado abiertamente su apoyo, y su imagen de 'outsider' comienza a debilitarse.<\/p>\n\n\n\n<p>En tercer lugar, con la consolidaci\u00f3n de las fuerzas peronistas en torno a Sergio Massa y los acuerdos en todo el frente pol\u00edtico, se forj\u00f3 un nuevo mensaje unificado y central: impedir el retorno del neoliberalismo duro tanto de Bullrich como de Milei, al tiempo que se defienden los logros sociales de los \u00faltimos a\u00f1os y el legado hist\u00f3rico del peronismo,&nbsp;proponiendo crear un \"gobierno de unidad nacional\" para afrontar la crisis econ\u00f3mica. Mucho de esto tuvo atractivo entre las bases del peronismo en todo el pa\u00eds y revirti\u00f3 el resultado de las primarias en Santa Cruz, Tucum\u00e1n, La Rioja y Tierra de Fuego,&nbsp;considerados los bastiones tradicionales del movimiento.<\/p>\n\n\n\n<h3 class=\"wp-block-heading\">El \"hombre gris\"<\/h3>\n\n\n\n<p>Sergio Massa es uno de los nombres m\u00e1s conocidos de la pol\u00edtica argentina moderna. Si hay un personaje ficticio con el que podr\u00edamos comparar a Massa, ese ser\u00eda Frank Underwood de la serie de televisi\u00f3n 'House of Cards'. Es el perfecto \"hombre gris\" de la pol\u00edtica nacional: maniobra a trav\u00e9s de los diferentes bloques y facciones pol\u00edticas dentro de un&nbsp;movimiento amplio como Partido Justicialista, mientras que siempre mantiene su propia identidad pol\u00edtica y su c\u00edrculo de poder.<\/p>\n\n\n\n<p>A lo largo de los a\u00f1os, ha sido amigo y enemigo del kirchnerismo, ocupando varios cargos ministeriales tanto para N\u00e9stor Kirchner como para Alberto Fern\u00e1ndez. Se convirti\u00f3 en un archirrival de Cristina Kirchner durante su segunda presidencia e incluso se postul\u00f3 contra su candidato preferido en las elecciones de 2015,&nbsp;<a href=\"https:\/\/elpais.com\/internacional\/2015\/10\/23\/argentina\/1445568921_570049.html\" target=\"_blank\" rel=\"noreferrer noopener\">obteniendo un s\u00f3lido 21 % del voto total<\/a>. Con la victoria de Alberto Fern\u00e1ndez y la formaci\u00f3n de la nueva coalici\u00f3n del Frente de Todos (ahora Uni\u00f3n por la Patria) que inclu\u00eda tanto a Massa como a Kirchner en el liderazgo, la posici\u00f3n y el poder de Massa comenzaron a crecer considerablemente.<\/p>\n\n\n\n<p>Habiendo sido presidente de la C\u00e1mara de Diputados del Congreso durante casi tres a\u00f1os, su habilidad para gestionar el debate pol\u00edtico nacional entre el bloque peronista y la oposici\u00f3n de derecha sin duda mejor\u00f3. Con su nombramiento&nbsp;<a href=\"https:\/\/www.bbc.com\/mundo\/noticias-america-latina-62342972\" target=\"_blank\" rel=\"noreferrer noopener\">como \"superministro\" de Econom\u00eda<\/a>, se convirti\u00f3 pr\u00e1cticamente en el segundo al mando, en medio de la creciente retirada de Kirchner de la pol\u00edtica. Esto lo coloc\u00f3 en los escalones superiores de la direcci\u00f3n del partido gobernante. Curiosamente, a pesar de ser llamado el \"<strong>ministro de la inflaci\u00f3n del 140% \"<\/strong>, ha logrado (parad\u00f3jicamente) mantener cierta distancia con la Presidencia de Alberto Fern\u00e1ndez y sus conocidas deficiencias y fracasos.<\/p>\n\n\n\n<p>El resultado del 22 de octubre fue la prueba definitiva de su capacidad para unificar en torno a \u00e9l y su programa a las facciones peronistas, muchas de ellas cansadas de su pasado conservador. Lo consigui\u00f3 con gran \u00e9xito. Su llamado a la unidad nacional, particularmente a las facciones liberales y radicales de la oposici\u00f3n de JxC, tambi\u00e9n parece haber funcionado. Con la reelecci\u00f3n&nbsp;<a href=\"https:\/\/www.pagina12.com.ar\/601190-kicillof-por-si-o-por-no\" target=\"_blank\" rel=\"noreferrer noopener\">de Axel Kicillof<\/a>&nbsp;como gobernador de Buenos Aires, Massa tambi\u00e9n gana un aliado importante que lo asistir\u00e1 en la campa\u00f1a en la provincia m\u00e1s decisiva del pa\u00eds, y donde Milei tiene muy pocos amigos.<\/p>\n\n\n\n<p>Y aunque el tablero parece inclinarse a su favor, el pasado incierto de Massa y su legado como ministro de Econom\u00eda durante la presidencia de Fern\u00e1ndez a\u00fan pueden perjudicarlo en la ronda final contra Milei, quien ahora busca polarizar la pol\u00edtica argentina entre la \"libertad\" del futuro liderado por \u00e9l y el \"kirchnerismo\" del presente liderado por Massa.<\/p>\n\n\n\n<h3 class=\"wp-block-heading\">Demasiado cerca del sol<\/h3>\n\n\n\n<p>En una de mis columnas anteriores, compar\u00e9 algunas de las travesuras y gestos de Milei con los del emperador Cal\u00edgula y su ca\u00f3tico reinado. Se podr\u00eda comparar su fracaso en la primera vuelta con la ca\u00edda de \u00cdcaro, quien se sinti\u00f3 abrumado por el orgullo durante su huida de Creta. Por supuesto, el hecho de que Milei no cumpliera con las grandes expectativas de un primer lugar en la primera ronda est\u00e1 lejos de ser fatal.<\/p>\n\n\n\n<p>Sin embargo, es una severa advertencia desde amplios espacios de la sociedad argentina de que tal vez no sea el mes\u00edas elegido que aparenta, y que para derrotar a Sergio Massa tendr\u00eda que hacer algo que prometi\u00f3 durante muchos a\u00f1os no hacer: negociar recompensas y tratos con representantes de \"la casta\", disfrazados de Bullrich, Macri y otros l\u00edderes de JxC. De hecho, la promesa de su campa\u00f1a ha sido&nbsp;<strong>abolir casi la mitad de todos los ministerios del Estado argentino<\/strong>, pero sus ofertas de convertir a Bullrich y a la candidata de extrema izquierda Bregman en ministras en &nbsp;su nuevo gabinete ahora lo hacen parecer m\u00e1s bien un mendigo&nbsp;que busca votos donde puede, que&nbsp;<strong>un le\u00f3n que intenta desafiar al 'establishment'<\/strong>.<\/p>\n\n\n\n<p>En conclusi\u00f3n, Milei preside una coalici\u00f3n pol\u00edtica cuyo mensaje n\u00famero uno solo parece ser una animosidad com\u00fan hacia el kirchenrismo y su legado. Tiene buenas posibilidades de ganar, pero al igual que Cal\u00edgula, su mayor enemigo puede ser \u00e9l mismo y sus contradicciones profundamente arraigadas.<\/p>\n","protected":false},"excerpt":{"rendered":"<p>Denis Rogatyuk (Russia Today, 28-10-23) Las expectativas eran bastante altas para el l\u00edder libertario ultraconservador Javier Milei el 22 de octubre, en la primera vuelta de las elecciones presidenciales de Argentina. Hasta ahora ha logrado lo impensable: quedar primero en las elecciones primarias del pa\u00eds con la promesa de poner fin al duopolio de los [&hellip;]<\/p>\n","protected":false},"author":1,"featured_media":54684,"comment_status":"open","ping_status":"open","sticky":false,"template":"","format":"standard","meta":{"footnotes":""},"categories":[14,12],"tags":[],"class_list":["post-55092","post","type-post","status-publish","format-standard","has-post-thumbnail","hentry","category-internacionales","category-politica-3"],"_links":{"self":[{"href":"https:\/\/debateplural.net\/site\/wp-json\/wp\/v2\/posts\/55092"}],"collection":[{"href":"https:\/\/debateplural.net\/site\/wp-json\/wp\/v2\/posts"}],"about":[{"href":"https:\/\/debateplural.net\/site\/wp-json\/wp\/v2\/types\/post"}],"author":[{"embeddable":true,"href":"https:\/\/debateplural.net\/site\/wp-json\/wp\/v2\/users\/1"}],"replies":[{"embeddable":true,"href":"https:\/\/debateplural.net\/site\/wp-json\/wp\/v2\/comments?post=55092"}],"version-history":[{"count":1,"href":"https:\/\/debateplural.net\/site\/wp-json\/wp\/v2\/posts\/55092\/revisions"}],"predecessor-version":[{"id":55093,"href":"https:\/\/debateplural.net\/site\/wp-json\/wp\/v2\/posts\/55092\/revisions\/55093"}],"wp:featuredmedia":[{"embeddable":true,"href":"https:\/\/debateplural.net\/site\/wp-json\/wp\/v2\/media\/54684"}],"wp:attachment":[{"href":"https:\/\/debateplural.net\/site\/wp-json\/wp\/v2\/media?parent=55092"}],"wp:term":[{"taxonomy":"category","embeddable":true,"href":"https:\/\/debateplural.net\/site\/wp-json\/wp\/v2\/categories?post=55092"},{"taxonomy":"post_tag","embeddable":true,"href":"https:\/\/debateplural.net\/site\/wp-json\/wp\/v2\/tags?post=55092"}],"curies":[{"name":"wp","href":"https:\/\/api.w.org\/{rel}","templated":true}]}}