{"id":56392,"date":"2024-12-10T15:46:55","date_gmt":"2024-12-10T19:46:55","guid":{"rendered":"https:\/\/debateplural.net\/site\/?p=56392"},"modified":"2024-12-10T15:46:56","modified_gmt":"2024-12-10T19:46:56","slug":"el-concepto-de-ciudadania-en-el-pensamiento-social-dominicano-2","status":"publish","type":"post","link":"https:\/\/debateplural.net\/site\/2024\/12\/10\/el-concepto-de-ciudadania-en-el-pensamiento-social-dominicano-2\/","title":{"rendered":"El concepto de ciudadan\u00eda en el pensamiento social dominicano"},"content":{"rendered":"\n<p>Por: Juan Francisco Viloria<\/p>\n\n\n\n<p>El concepto de ciudadan\u00eda se remonta a la Grecia antigua. Ya en la polis o ciudad-estado exist\u00eda el ciudadano directamente relacionado con la pol\u00edtica expresada en la democracia, que en Grecia antigua era el r\u00e9gimen pol\u00edtico que expresaba el gobierno del pueblo. En la polis griega la pol\u00edtica era la actividad humana por excelencia, encaminada a la vida com\u00fan o vida p\u00fablica. El ciudadano en la polis griega era el Var\u00f3n mayor de 18 a\u00f1os, esclavista o hijo de esclavista, que hab\u00eda nacido en un&nbsp;<strong>demo<\/strong>&nbsp;o pueblo, que ten\u00eda derecho a elegir y ser elegido y al uso de la palabra en un el dialogo p\u00fablico y contradictorio. De ah\u00ed la democracia o gobierno del pueblo, del&nbsp;<strong>demo<\/strong>, que ejerc\u00edan los ciudadanos. De manera que esclavos, agricultores libres, comerciantes, artesanos, guerreros, ni\u00f1os, adolescentes y mujeres estaban fuera de la condici\u00f3n de ciudadanos.<\/p>\n\n\n\n<p><em>\u201c\u2026para los griegos, el<strong>&nbsp;\u201cEstado\u201d<\/strong>&nbsp;(en realidad la polis) era la sociedad misma, la \u201cCiudad\u201d en la que lo pol\u00edtico y lo jur\u00eddico se identificaban con lo religioso y con lo moral\u2026 puede decirse que no exist\u00eda distinci\u00f3n alguna entre lo p\u00fablico y lo privado, de manera tal que la vida del hombre era inmediatamente vida en y para la comunidad y la vida de la comunidad se identificaba con la vida de cada momento de sus integrantes.\u201d<\/em>&nbsp;<strong>(C\u00f3rdoba, 1976, p. 23)<\/strong><\/p>\n\n\n\n<p>En el antiguo imperio romano las&nbsp;<strong>civitas<\/strong>&nbsp;o ciudad era el lugar habitado por los ciudadanos, habitantes de la ciudad o rep\u00fablica; en la democracia moderna a partir de la Revoluci\u00f3n Francesa y la declaraci\u00f3n de los derechos del hombre, 1789, todos los hombres son iguales ante la ley, luego de la incorporaci\u00f3n de los derechos fundamentales y los derechos de la mujer, el concepto de ciudadan\u00eda se hizo universal en su comprensi\u00f3n y extensi\u00f3n.<\/p>\n\n\n\n<p>Para el hombre de la sociedad capitalista moderna los conceptos de Estado y comunidad presentan significados diferentes o diferenciados, ya que se produce la separaci\u00f3n entre comunidad y sociedad, entre lo privado y lo p\u00fablico.<\/p>\n\n\n\n<p><em>\u201c\u2026para el hombre moderno, t\u00e9rminos como Estado y comunidad encierran significados profundamente diferentes aunque est\u00e9n \u00edntimamente relacionados.\u201d&nbsp;<\/em><strong>(Idem. p. 24)<\/strong><\/p>\n\n\n\n<p><em>\u201c\u2026la comunidad que para los griegos era todo, la polis, para el hombre moderno no es algo que se d\u00e9 de manera inmediata en su vida real.&nbsp;<\/em><em>Lo privado se contrapone a lo p\u00fablico\u2026\u201d<\/em>&nbsp;<strong>(Idem.)<\/strong><\/p>\n\n\n\n<p><a href=\"http:\/\/localhost\/debateplural\/wp-content\/uploads\/2016\/09\/Juan-Pablo-Duarte.jpg\"><\/a><\/p>\n\n\n\n<p id=\"caption-attachment-11136\"><\/p>\n\n\n\n<figure class=\"wp-block-image size-full is-resized\"><a href=\"https:\/\/debateplural.net\/site\/wp-content\/uploads\/2016\/09\/Juan-Pablo-Duarte.jpg\"><img loading=\"lazy\" decoding=\"async\" width=\"340\" height=\"268\" src=\"https:\/\/debateplural.net\/site\/wp-content\/uploads\/2016\/09\/Juan-Pablo-Duarte.jpg\" alt=\"\" class=\"wp-image-11136\" style=\"width:587px;height:auto\" srcset=\"https:\/\/debateplural.net\/site\/wp-content\/uploads\/2016\/09\/Juan-Pablo-Duarte.jpg 340w, https:\/\/debateplural.net\/site\/wp-content\/uploads\/2016\/09\/Juan-Pablo-Duarte-300x236.jpg 300w\" sizes=\"(max-width: 340px) 100vw, 340px\" \/><\/a><figcaption class=\"wp-element-caption\">Juan Pablo Duarte<\/figcaption><\/figure>\n\n\n\n<p><em>Ahora bien, en la actualidad el concepto de ciudadan\u00eda se fundamenta en la idea de tolerancia o reconocimiento del otro. Dicho concepto tiene m\u00faltiples dimensiones: jur\u00eddica, pol\u00edtica, social, econ\u00f3mica y cultural, todas interrelacionadas. Aunque las dimensiones a las que se les hacen m\u00e1s \u00e9nfasis y se les presta m\u00e1s atenci\u00f3n son la jur\u00eddica y la pol\u00edtica.<\/em><\/p>\n\n\n\n<p>El concepto de pol\u00edtica est\u00e1 estrechamente ligado al concepto de ciudadan\u00eda y \u00e9ste al concepto de democracia en las sociedades capitalistas modernas. La democracia implica la constituci\u00f3n de una ciudadan\u00eda, en su sentido institucional expresado en la constituci\u00f3n como instrumento que regula el Estado y en su sentido hist\u00f3rico, como proceso de formaci\u00f3n de la identidad y de los ciudadanos de una cultura, territorio y sociedad determinada. En la sociedad contempor\u00e1nea la transformaci\u00f3n de los ciudadanos en consumidores limita su condici\u00f3n de sujetos pol\u00edticos-sociales, reduci\u00e9ndolos a simples instrumentos manipulables, favorables a las intenciones de los estamentos del poder. Para lo cual puede servir de ejemplo los que ocurre en cada coyuntura electoral con los ciudadanos al momento de ejercer su derecho al voto. La democracia como instrumento de dominaci\u00f3n al servicio del mercado y los grupos de poder econ\u00f3micos, sociales y pol\u00edticos se convierte en un mecanismo que reduce el potencial democr\u00e1tico, cr\u00edtico e institucionalizador de la ciudadan\u00eda. Lo cual fortalece los mecanismos autoritarios, nepoticos y clientelistas tradicionales en el ejercicio del poder en sociedades como la nuestra.<\/p>\n\n\n\n<p><em>\u201c\u2026la democracia trata fundamentalmente de la constituci\u00f3n de la ciudadan\u00eda, tanto en su sentido institucional como hist\u00f3rico.\u201d<\/em>&nbsp;<strong>(ISD, FES, MASADA Y OXFAN, 2007, p. 17)<\/strong><\/p>\n\n\n\n<p>El concepto de ciudadan\u00eda implica el concepto de sujeto pol\u00edtico (con deberes y derechos), es un contrapeso del poder central, desempe\u00f1a funciones de vigilante, cr\u00edtico y garante de la democracia real. Sin embrago, esto s\u00f3lo es posible cuando el ejercicio del poder central funciona sobre la base de una democracia real con una ciudadan\u00eda con conciencia para s\u00ed, es decir, con ciudadanos con un nivel de conciencia pol\u00edtica que le permite actuar como sujetos frente a sus derechos y deberes y conscientes de que la soberan\u00eda descansa en los ciudadanos.<\/p>\n\n\n\n<p>De manera que la ciudadan\u00eda como concepto y como pr\u00e1ctica implica la constituci\u00f3n como grupo de personas que forman una comunidad pol\u00edtica, que ejerce la soberan\u00eda. Esto \u00faltimo lo podemos encontrar de manera clara en el proyecto de constituci\u00f3n de Juan Pablo Duarte y de los Trinitarios, para quien la soberan\u00eda descansa en los poderes del pueblo; en ese sentido siguiendo el pensamiento liberal ilustrado y la constituci\u00f3n de C\u00e1diz, Duarte propone para el funcionamiento del Estado Dominicano cuatro poderes: &nbsp;Municipal, Legislativo, Judicial y Ejecutivo, siguiendo un orden que inicia con la base, el pueblo (los ciudadanos) y culmina con el poder Ejecutivo.<\/p>\n\n\n\n<p>La ciudadan\u00eda constituye una constante tensi\u00f3n entre lo virtual y lo real, por tanto, entre lo representado y lo concreto real. En ese sentido, \u201cla ciudadan\u00eda se constituye sobre el principio de reciprocidad o igual libertad. Los ciudadanos tienen igual derechos a participar en los procesos de la comunidad pol\u00edtica, o sea, que hay reciprocidad en los deberes y obligaciones de los ciudadanos\u201d&nbsp;<strong>(Idem. p. 18)<\/strong><\/p>\n\n\n\n<p><a href=\"http:\/\/localhost\/debateplural\/wp-content\/uploads\/2019\/09\/0c33bbf9-restauracion.jpg\"><\/a><\/p>\n\n\n\n<p id=\"caption-attachment-35460\"><\/p>\n\n\n\n<figure class=\"wp-block-image size-full is-resized\"><a href=\"https:\/\/debateplural.net\/site\/wp-content\/uploads\/2016\/10\/luperon_gregorio.jpg\"><img loading=\"lazy\" decoding=\"async\" width=\"340\" height=\"287\" src=\"https:\/\/debateplural.net\/site\/wp-content\/uploads\/2016\/10\/luperon_gregorio.jpg\" alt=\"\" class=\"wp-image-11911\" style=\"width:587px;height:auto\" srcset=\"https:\/\/debateplural.net\/site\/wp-content\/uploads\/2016\/10\/luperon_gregorio.jpg 340w, https:\/\/debateplural.net\/site\/wp-content\/uploads\/2016\/10\/luperon_gregorio-300x253.jpg 300w\" sizes=\"(max-width: 340px) 100vw, 340px\" \/><\/a><figcaption class=\"wp-element-caption\">Gregorio Luperon<\/figcaption><\/figure>\n\n\n\n<p>El estado democr\u00e1tico descansa en una ciudadan\u00eda democr\u00e1tica, las luchas pol\u00edticas por el poder en Rep\u00fablica Dominicana revelan una constante autoritaria (autoritarismo pol\u00edtico), negadora de derechos a los ciudadanos (por partes de las elites pol\u00edticas conservadoras). Este hecho puede verificarse en el pensamiento social dominicano desde sus or\u00edgenes hasta hoy, contenido en las obras cl\u00e1sicas de los intelectuales del pa\u00eds. La tesis del soci\u00f3logo Wifredo Lozano, es que&nbsp;<em>\u201c\u2026no puede haber estado democr\u00e1tico sin ciudadanos democr\u00e1ticos, ya que es la ciudadan\u00eda la que define la trama celular del orden democr\u00e1tico\u201d<\/em><strong>&nbsp;(Idem. p. 320)<\/strong><\/p>\n\n\n\n<p>Por su parte, las encuestas DEMOS (1994-2004), seg\u00fan el informe del 2005, destaca como caracter\u00edstica del sistema pol\u00edtico dominicano: el autoritarismo, el tradicionalismo y la fragilidad democr\u00e1tica, en una democracia delegativa.&nbsp;<em>\u201cla fragilidad est\u00e1 marcada por los valores autoritarios de la cultura pol\u00edtica que obstaculizan la constituci\u00f3n de la ciudadan\u00eda como sujetos de derechos y facilitan el providencialismo, el clientelismo y el apoyo a liderazgos de mano dura<\/em>\u201d<strong>&nbsp;(Idem. p. 20)<\/strong><\/p>\n\n\n\n<p>La mayor\u00eda de los estudios de cultura pol\u00edtica en la Rep\u00fablica Dominicana centran sus an\u00e1lisis en los valores dominantes (conservadores), que obstaculizan el desarrollo de un sistema institucionalizado, as\u00ed como una ciudadan\u00eda democr\u00e1tica. En consecuencia, los valores, ideas y pr\u00e1cticas conservadoras orientan el accionar pol\u00edtico incidiendo de forma negativa en el proceso de institucionalizaci\u00f3n democr\u00e1tica y de la formaci\u00f3n y maduraci\u00f3n de una ciudadan\u00eda cr\u00edtica y guardiana de los valores democr\u00e1ticos, ya que se orientan a un ejercicio de la pol\u00edtica en el cual prevalece el autoritarismo y el clientelismo.<\/p>\n\n\n\n<p>En consecuencia&nbsp;<em>\u201clas instituciones democr\u00e1ticas son d\u00e9biles porque tienen que lidiar con una poblaci\u00f3n mayoritariamente conservadora, con poca disposici\u00f3n para cumplir las reglas del juego democr\u00e1tico\u2026\u201d<\/em><strong>&nbsp;<\/strong><strong>(Idem. p.20)<\/strong><\/p>\n\n\n\n<p>Una investigaci\u00f3n sobre el concepto de ciudadan\u00eda en el pensamiento dominicano tiene la obligaci\u00f3n de remontarse a la etapa colonial de los siglos XVII, XVIII y XIX. En ese sentido Ibarra Cuesta (2014), estudia el proceso de formaci\u00f3n de la ciudadan\u00eda siguiendo el paso de la condici\u00f3n de s\u00fabditos a ciudadanos, en la formaci\u00f3n de las comunidades criollas en el Caribe Hisp\u00e1nico (Cuba, Puerto Rico y Santo Domingo). En esta fase hist\u00f3rica la formaci\u00f3n de la ciudadan\u00eda implicaba el tr\u00e1nsito o cambio de la condici\u00f3n de s\u00fabdito de la metr\u00f3polis espa\u00f1ola a la condici\u00f3n de ciudadano criollo, con los derechos de posesi\u00f3n de la propiedad de la tierra. Hecho hist\u00f3rico que tiene como referencia la lucha de los cabildos frente al poder de la real audiencia como instituci\u00f3n representante del poder central espa\u00f1ol.<\/p>\n\n\n\n<p>De manera que la formaci\u00f3n de la ciudadan\u00eda en nuestro contesto pas\u00f3 por una etapa hist\u00f3rico-social que implic\u00f3 la formaci\u00f3n de la identidad de los ciudadanos como sujetos integrantes de un pueblo y una naci\u00f3n que habitaban y un territorio determinado.<\/p>\n\n\n\n<p><a href=\"http:\/\/localhost\/debateplural\/wp-content\/uploads\/2019\/02\/pfb.jpg\"><\/a><\/p>\n\n\n\n<p id=\"caption-attachment-31197\"><\/p>\n\n\n\n<figure class=\"wp-block-image size-full is-resized\"><a href=\"https:\/\/debateplural.net\/site\/wp-content\/uploads\/2019\/02\/pfb.jpg\"><img loading=\"lazy\" decoding=\"async\" width=\"800\" height=\"630\" src=\"https:\/\/debateplural.net\/site\/wp-content\/uploads\/2019\/02\/pfb.jpg\" alt=\"\" class=\"wp-image-31197\" style=\"width:673px;height:auto\" srcset=\"https:\/\/debateplural.net\/site\/wp-content\/uploads\/2019\/02\/pfb.jpg 800w, https:\/\/debateplural.net\/site\/wp-content\/uploads\/2019\/02\/pfb-300x236.jpg 300w, https:\/\/debateplural.net\/site\/wp-content\/uploads\/2019\/02\/pfb-768x605.jpg 768w\" sizes=\"(max-width: 800px) 100vw, 800px\" \/><\/a><\/figure>\n\n\n\n<p>En las ideas de la independencia ef\u00edmera de Jos\u00e9 N\u00fa\u00f1ez de C\u00e1ceres y el en Manifiesto a la Juventud Dominicana del pensador criollo&nbsp;Andr\u00e9s L\u00f3pez de Medrano ya existen elementos de la idea de soberan\u00eda e independencia nacional, as\u00ed como de un Estado libre y soberano formado por ciudadanos. Ideas \u00e9stas que reaparecer\u00e1n de manera m\u00e1s consistentes en el pensamiento de los Trinitarios y de Juan Pablo Duarte en su proyecto de constituci\u00f3n.<\/p>\n\n\n\n<p>El manifiesto del 16 de enero de 1844 (Acta separatista de 1844), \u201cel cual es un documento hist\u00f3rico, constitucional y program\u00e1tico que marc\u00f3 el constitucionalismo dominicano\u2026\u201d&nbsp;<strong>(De la Hoz, 2017, p. 189),&nbsp;<\/strong>dej\u00f3 claros los derechos de soberan\u00eda, civiles y pol\u00edticos del pueblo dominicano. Adem\u00e1s, de asegurar la libertad de los ciudadanos aboliendo para siempre la esclavitud.<\/p>\n\n\n\n<p><em>En el referido documento hist\u00f3rico se dice que los dominicanos \u201c\u2026han resuelto separarse para siempre de la Rep\u00fablica haitiana para proveer a su seguridad y su conservaci\u00f3n, constituy\u00e9ndose, seg\u00fan los antiguos limites, en Estado libre y soberano. Las leyes fundamentales de ese Estado garantizar\u00e1n el r\u00e9gimen democr\u00e1tico, asegurar\u00e1n la libertad de los ciudadanos aboliendo para siempre la esclavitud y establecer\u00e1n la igualdad de los derechos civiles y pol\u00edticos sin miramientos para las distinciones de origen y nacimiento\u2026\u201d<\/em>&nbsp;(Manifiesto del 16 de enero de 1844).<\/p>\n\n\n\n<p>La constituci\u00f3n del 6 de Noviembre del 1844, contempla una idea de ciudadan\u00eda restringida a los propietarios, quienes ten\u00edan el derecho de elegir y ser elegidos, sin embargo el Articulo 210 que le deba poderes dictatoriales al presidente de la Rep\u00fablica (en situaciones de guerra), en este caso frente al pueblo haitiano, en los hechos anul\u00f3 toda posibilidad de derechos ciudadanos, ya que se impuso el autoritarismo pol\u00edtico bajo el poder del hatero Pedro Santana. Desde entonces el autoritarismo es la caracter\u00edstica m\u00e1s sobresaliente del sistema pol\u00edtico dominicano.<\/p>\n\n\n\n<p>La constituyente de Moca del 1858, que se desarroll\u00f3 bajo el liderazgo intelectual y pol\u00edtico de los liberales del Cibao (Pedro Francisco Bon\u00f3, Ulises Francisco Espaillat y Benigno Filomeno de Rojas) reintrodujo la idea de soberan\u00eda nacional y libertad ciudadana. Ideas que son retomadas en el contexto de la guerra de Restauraci\u00f3n 1863-1865. Y tienen su expresi\u00f3n en el pensamiento liberal nacionalista de Gregorio Luper\u00f3n y su partido Azul; as\u00ed mismo en este contexto aparecen las ideas liberales de Eugenio Mar\u00eda de Hostos, para quien&nbsp;<em>\u201cel poder\u2026 es el de la sociedad\u2026 que es el ser\u2026 el sujeto\u201d<\/em>. Y, adem\u00e1s considera \u201cla sociedad como la \u00fanica fuente de poder\u2026\u201d; de manera que&nbsp; \u201c\u2026no hay otro poder leg\u00edtimo que no sea el de la sociedad\u201d. En consecuencia, agrega Hostos: \u201cpodemos decir que la soberan\u00eda es el poder inmanente en la ciudadan\u00eda\u201d. \u201csolo el pueblo es soberano\u201d (Citado por Fiallo, en Burocracia de la sociedad del poder). Entonces para Hostos los conceptos de soberan\u00eda y ciudadan\u00eda implican un ejercicio horizontal del poder y por lo tanto una democracia real y plena.<\/p>\n\n\n\n<p>Pedro Francisco Bon\u00f3 se coloca en una actitud cr\u00edtica frente al poder, por lo cual desarrolla su an\u00e1lisis de la sociedad de la segunda mitad del siglo XIX desde una perspectiva que toma al pueblo como referencia versus las clases dirigentes (las elites pol\u00edticas dominantes). Bon\u00f3 dice en su comunicaci\u00f3n dirigida a sus ciudadanos: \u201csalgo tambi\u00e9n de los partidos, yo no quiero ser partidario, quiero ser ciudadano dominicano\u201d.<strong>&nbsp;(Marzo 1844, en Rodr\u00edguez Demorizi, 1980)<\/strong><\/p>\n\n\n\n<p>Bon\u00f3 transita los caminos del pensamiento que reconoce al otro y que a la vez rechaza la dominaci\u00f3n del otro.<\/p>\n\n\n\n<p>Para Antinoe&nbsp;Fiallo, Bon\u00f3 \u201casume la soberan\u00eda como protagonismo, una autonom\u00eda, no partidaria o facciosa\u201c; \u201c\u2026sin la voz de consultar ni de caudillo, pero con la de ciudadano que m\u00e1s que todo desea ver la paz de su patria\u2026\u201d (Opini\u00f3n de un dominicano, 13 de Enero del 1844)<\/p>\n\n\n\n<p>De manera que para Bon\u00f3 la ciudadan\u00eda es un hecho de consciencia y de acci\u00f3n cr\u00edticas a la vez, es una toma de partido por la verdad, el pueblo y la patria soberana.<\/p>\n\n\n\n<p>El ejercicio de la ciudadan\u00eda implica para Bon\u00f3 sacrificio, apego a la verdad, amor al trabajo e identificaci\u00f3n con y en defensa del otro, el pueblo trabajador, del cual emana la estabilidad democr\u00e1tica, a pesar de las acciones de las elites pol\u00edticas dominantes.<\/p>\n\n\n\n<p>En esto coincide el pensamiento pol\u00edtico de Bon\u00f3 y de Bosch. La constituci\u00f3n de Juan Bosch del 1963 y su gobierno de siete meses representan la idea de los derechos fundamentales de la ciudadan\u00eda, expresados en el ejercicio de la democracia representativa en su forma plena.<\/p>\n\n\n\n<p>La constituci\u00f3n del 2010, modificada en el 2015, en su secci\u00f3n II de la ciudadan\u00eda y de los art\u00edculos 21 al 24 establece todo lo relativo a la ciudadan\u00eda.<\/p>\n\n\n\n<p><strong>\u201cArt\u00edculo 21.<\/strong>\u2013 Adquisici\u00f3n de la ciudadan\u00eda. Todos los dominicanos y dominicanas que hayan cumplido 18 a\u00f1os de edad y quienes est\u00e9n o hayan estado casados, aunque no hayan cumplido esa edad, gozan de ciudadan\u00eda.<\/p>\n\n\n\n<p><strong>Art\u00edculo 22.-<\/strong>&nbsp;Derechos de ciudadan\u00eda. Son derechos de ciudadanas y ciudadanos: 1) Elegir y ser elegibles para los cargos que establece la presente Constituci\u00f3n; 2) Decidir sobre los asuntos que se les propongan mediante referendo; 3) Ejercer el derecho de iniciativa popular, legislativa y municipal, en las condiciones fijadas por esta Constituci\u00f3n y las leyes; 4) Formular peticiones a los poderes p\u00fablicos para solicitar medidas de inter\u00e9s p\u00fablico y obtener respuesta de las autoridades en el t\u00e9rmino establecido por las leyes que se dicten al respecto; 5) Denunciar las faltas cometidas por los funcionarios p\u00fablicos en el desempe\u00f1o de su cargo.<\/p>\n\n\n\n<p><strong>Art\u00edculo 23.-<\/strong>&nbsp;P\u00e9rdida de los derechos de ciudadan\u00eda. Los derechos de ciudadan\u00eda se pierden por condenaci\u00f3n irrevocable en los casos de traici\u00f3n, espionaje, conspiraci\u00f3n; as\u00ed como por tomar las armas y por prestar ayuda o participar en atentados o da\u00f1os deliberados contra los intereses de la Rep\u00fablica.<\/p>\n\n\n\n<p><strong>Art\u00edculo 24.-<\/strong>&nbsp;Suspensi\u00f3n de los derechos de ciudadan\u00eda. Los derechos de ciudadan\u00eda se suspenden en los casos de: 1) Condenaci\u00f3n irrevocable a pena criminal, hasta el t\u00e9rmino de la misma; 2) Interdicci\u00f3n judicial legalmente pronunciada, mientras \u00e9sta dure; 3) Aceptaci\u00f3n en territorio dominicano de cargos o funciones p\u00fablicas de un gobierno o Estado extranjero sin previa autorizaci\u00f3n del Poder Ejecutivo; 4) Violaci\u00f3n a las condiciones en que la naturalizaci\u00f3n fue otorgada\u201d. (Constituci\u00f3n de la Rep\u00fablica Dominicana).<\/p>\n\n\n\n<p>En consecuencia, el concepto ciudadan\u00eda est\u00e1 presente en el pensamiento social dominicano, tanto en los pensadores cl\u00e1sicos que van desde Jos\u00e9 N\u00fa\u00f1ez de C\u00e1ceres y Andr\u00e9s L\u00f3pez de Medrano, pasando por Juan Pablo Duarte y los Trinitarios, Pedro Francisco Bon\u00f3, Ulises Francisco Espaillat, Benigno Filomeno de Rojas, Gregorio Luper\u00f3n y los restauradores, Eugenio Mar\u00eda de Hostos, hasta Juan Bosch y su Constituci\u00f3n liberal democr\u00e1tica del 1963.<\/p>\n\n\n\n<p>La constituci\u00f3n de una ciudadan\u00eda plena como base de la democracia real y participativa en la Rep\u00fablica Dominicana ha tenido como obst\u00e1culo el pensamiento conservador y las acciones pol\u00edticas autoritarias y clientelistas de las \u00e9lites aristocr\u00e1ticas dominantes, las cuales han creado las condiciones sociales, econ\u00f3micas, pol\u00edticas y culturales que se han convertido en factores generadores de pobreza y marginalidad, lo que, a su vez, ha frenado la posibilidad de ciudadanos con condici\u00f3n de sujetos cr\u00edticos frente al poder y a las \u00e9lites pol\u00edticas dominantes. Todo este ambiente propio de una formaci\u00f3n social capitalista subdesarrollada es la principal causa de la debilidad institucional democr\u00e1tica del pa\u00eds.<\/p>\n","protected":false},"excerpt":{"rendered":"<p>Por: Juan Francisco Viloria El concepto de ciudadan\u00eda se remonta a la Grecia antigua. Ya en la polis o ciudad-estado exist\u00eda el ciudadano directamente relacionado con la pol\u00edtica expresada en la democracia, que en Grecia antigua era el r\u00e9gimen pol\u00edtico que expresaba el gobierno del pueblo. En la polis griega la pol\u00edtica era la actividad [&hellip;]<\/p>\n","protected":false},"author":1,"featured_media":17555,"comment_status":"open","ping_status":"open","sticky":false,"template":"","format":"standard","meta":{"footnotes":""},"categories":[5,17],"tags":[],"class_list":["post-56392","post","type-post","status-publish","format-standard","has-post-thumbnail","hentry","category-nacionales","category-sociedad"],"_links":{"self":[{"href":"https:\/\/debateplural.net\/site\/wp-json\/wp\/v2\/posts\/56392"}],"collection":[{"href":"https:\/\/debateplural.net\/site\/wp-json\/wp\/v2\/posts"}],"about":[{"href":"https:\/\/debateplural.net\/site\/wp-json\/wp\/v2\/types\/post"}],"author":[{"embeddable":true,"href":"https:\/\/debateplural.net\/site\/wp-json\/wp\/v2\/users\/1"}],"replies":[{"embeddable":true,"href":"https:\/\/debateplural.net\/site\/wp-json\/wp\/v2\/comments?post=56392"}],"version-history":[{"count":1,"href":"https:\/\/debateplural.net\/site\/wp-json\/wp\/v2\/posts\/56392\/revisions"}],"predecessor-version":[{"id":56393,"href":"https:\/\/debateplural.net\/site\/wp-json\/wp\/v2\/posts\/56392\/revisions\/56393"}],"wp:featuredmedia":[{"embeddable":true,"href":"https:\/\/debateplural.net\/site\/wp-json\/wp\/v2\/media\/17555"}],"wp:attachment":[{"href":"https:\/\/debateplural.net\/site\/wp-json\/wp\/v2\/media?parent=56392"}],"wp:term":[{"taxonomy":"category","embeddable":true,"href":"https:\/\/debateplural.net\/site\/wp-json\/wp\/v2\/categories?post=56392"},{"taxonomy":"post_tag","embeddable":true,"href":"https:\/\/debateplural.net\/site\/wp-json\/wp\/v2\/tags?post=56392"}],"curies":[{"name":"wp","href":"https:\/\/api.w.org\/{rel}","templated":true}]}}