{"id":5640,"date":"2016-05-25T16:10:24","date_gmt":"2016-05-25T20:10:24","guid":{"rendered":"http:\/\/debateplural.com\/?p=5640"},"modified":"2016-05-25T16:10:24","modified_gmt":"2016-05-25T20:10:24","slug":"sujeto-publico-y-gobernabilidad-autoritaria","status":"publish","type":"post","link":"https:\/\/debateplural.net\/site\/2016\/05\/25\/sujeto-publico-y-gobernabilidad-autoritaria\/","title":{"rendered":"Sujeto p\u00fablico y gobernabilidad autoritaria"},"content":{"rendered":"<div id=\"attachment_5641\" style=\"width: 543px\" class=\"wp-caption aligncenter\"><img loading=\"lazy\" decoding=\"async\" aria-describedby=\"caption-attachment-5641\" class=\" wp-image-5641\" src=\"https:\/\/debateplural.files.wordpress.com\/2016\/05\/mascaras-dramaturgia.jpeg\" alt=\"Mascaras dramaturgia\" width=\"533\" height=\"400\" \/><p id=\"caption-attachment-5641\" class=\"wp-caption-text\">Mascaras dramaturgia\u00a0<\/p><\/div>\n<p style=\"text-align:justify;\"><strong>Por: Odal\u00eds G. P\u00e9rez\u00a0(Investigador de la Universidad Aut\u00f3noma de Santo Domingo).\u00a0<\/strong><\/p>\n<p style=\"text-align:justify;\">El sujeto p\u00fablico dominicano se manifiesta en las diversas esferas de lo social como una paradoja, un impl\u00edcito accional, pero sobre todo como un personaje proveniente de una dramaturgia pol\u00edtica construida por una tecnopol\u00edtica trazada y orientada por narrativas contradictorias y circunstanciales.<!--more--><\/p>\n<p style=\"text-align:justify;\">La naturaleza de dicha narrativa constituye a su vez un conjunto de grado cero, cuya base es el n\u00facleo de los movimientos incongruentes, justificados por un cuerpo armado de estrategias fallidas y asumidas sin ning\u00fan tipo de racionalidad que apoye coyunturas reales de producci\u00f3n y necesidad.\u00a0 Los modos de construir lo pol\u00edtico, participan de expresiones sostenidas por cardinales propias de un estado de excepci\u00f3n conformado por un andamiaje constitucional abstracto, sin \u201chueso\u201d democr\u00e1tico que respalde una praxis ciudadana coherente.<\/p>\n<p style=\"text-align:justify;\">De ah\u00ed la necesidad de la repetici\u00f3n, la conformaci\u00f3n que favorece gobiernos de base totalitaria, dictatorial y que responden a dict\u00e1menes absorbentes y negadores de facultades democr\u00e1ticas, esto es, provenientes de un <em>d\u00e9mos + krat\u00f3s<\/em>responsivo que ha permanecido en una lucha contra la llamada raz\u00f3n de Estado.<\/p>\n<p style=\"text-align:justify;\">La cr\u00edtica de Boaventurade Sousa Santos, planteada en su obra <em>Sociolog\u00eda Jur\u00eddica Cr\u00edtica <\/em>(2009), y en el <em>Caleidoscopio de la justicia<\/em> (2001), <em>Cr\u00edtica de la raz\u00f3n indolente<\/em> (2000) y <em>Descolonizar el saber: reinventar el poder<\/em> (2010), se perfila desde una vertiente orientada a los derechos sociales del sujeto en la modernidad tard\u00eda, y que sobre todo insiste en construir procesos coherenciados por una \u00e9tica de la resistencia y la presencia agenciadora de tranformaciones estructurales e ideol\u00f3gicas; su obra coloca el razonamiento l\u00f3gico de los estados-movimientos, constituidos y presentificados, en la crisis del Estado tardomoderno,como un proyecto te\u00f3rico-cr\u00edtico marcado por la diferencia del saber abierto a los an\u00e1lisis perif\u00e9ricos y de centro.<\/p>\n<p style=\"text-align:justify;\">As\u00ed pues, las respuestas pol\u00edticas ofertadas en la Rep\u00fablica Dominicana por parte de una pol\u00edtica fallida de la interpretaci\u00f3n y por la misma praxis institucional y gubernamental, resultan dilatadas en el tiempo y el espacio de las nominaciones pol\u00edticas, pero sobre todo tendentes a imponer las decisiones del conservadurismo latente y vigente en todos los organismos de la socialidad.\u00a0 El mismo ejemplo que respalda salidas motivadas por una visi\u00f3n \u201cevolucionista\u201d del llamado <em>statu quo<\/em> vigente, anuncia los encadenamientos de un<em>dictum<\/em> pol\u00edtico basado en psudonormativas provenientes de un discurso jur\u00eddico-pol\u00edtico que hace tiempo se ha convertido en un jerogl\u00edfico ideol\u00f3gico, tal y como tambi\u00e9n ha sucedido con la conocida corporaci\u00f3n conocida como el Congreso Nacional de la Rep\u00fablica.<\/p>\n<p style=\"text-align:justify;\">En efecto, la malla de manejos, operaciones, resoluciones, leyes aprobadas, beneficios y logros negociados por los partidos del sistema, constituye la m\u00e1s tr\u00e1gica farsa ofrecida a nuestra sociedad por actores representativos de los mismos partidos y actantes que orientan el \u201cnegocio\u201d de la ley.\u00a0 Lo que ha gobernado hasta el d\u00eda de hoy ha sido el resultado de un manejo obstruyente de la democracia dominicana, instalada como el pelele de una comedia tr\u00e1gica donde la influencia surgente de una visi\u00f3n hist\u00f3ricamente decadente se perfila como domesticaci\u00f3n del sujeto oprimido.<\/p>\n<p style=\"text-align:justify;\">La \u201ccl\u00ednica\u201d surgente de lo pol\u00edtico ensayada desde sus diversas cardinales accionales, ha logrado imponerse como \u201cfuerza deliberativa\u201d hecha ley de partido y gobierno; lo que le ha permitido a la actual tribu dominante reproducirse como soluci\u00f3n autoritaria y estatal en el poder y prolongarse como \u201cf\u00e1brica\u201d dictatorial en el actual momento hist\u00f3rico-pol\u00edtico dominicano.<\/p>\n<p style=\"text-align:justify;\">Las l\u00edneas quebradas de la democracia y lo democr\u00e1tico se han extendido en un mapa aparente de \u201celecci\u00f3n\u201d, donde una clase pol\u00edticamente poderosa, respaldada por una oligarqu\u00eda y un empresariado reinante en todo el siglo XX y XXI dominicano, ha sido la mayor y m\u00e1s err\u00e1tica fuerza surgente despu\u00e9s del fracaso y ruina del concepto de pueblo y naci\u00f3n que se exhibe en el momento actual de la pr\u00e1ctica pol\u00edtica, asumida como posicionamiento y des-ordenamiento pol\u00edtico.<\/p>\n<p style=\"text-align:justify;\">Es as\u00ed como la llamada democracia regenteada por la instituci\u00f3n estatal contaminada, cosificada por los mecanismos validantes y supremos de la ley y la constituci\u00f3n, obstruye las l\u00edneas, prop\u00f3sitos y acciones legales, libres y confirmativas de los sujetos pol\u00edticos \u201camarrados\u201d por la misma dictadura de un poder inorg\u00e1nicamente popular alienado de sus propias razones y modos de existencia social.Iron\u00eda del sujeto p\u00fablico.Fracaso pol\u00edtico de la democracia dominicana. Destrucci\u00f3n de la raz\u00f3n pol\u00edtica dominicana. Perversidad de la historia dominicana.<\/p>\n","protected":false},"excerpt":{"rendered":"<p>Por: Odal\u00eds G. P\u00e9rez\u00a0(Investigador de la Universidad Aut\u00f3noma de Santo Domingo).\u00a0 El sujeto p\u00fablico dominicano se manifiesta en las diversas esferas de lo social como una paradoja, un impl\u00edcito accional, pero sobre todo como un personaje proveniente de una dramaturgia pol\u00edtica construida por una tecnopol\u00edtica trazada y orientada por narrativas contradictorias y circunstanciales.<\/p>\n","protected":false},"author":1,"featured_media":0,"comment_status":"open","ping_status":"open","sticky":false,"template":"","format":"standard","meta":{"footnotes":""},"categories":[5,12],"tags":[],"class_list":["post-5640","post","type-post","status-publish","format-standard","hentry","category-nacionales","category-politica-3"],"_links":{"self":[{"href":"https:\/\/debateplural.net\/site\/wp-json\/wp\/v2\/posts\/5640"}],"collection":[{"href":"https:\/\/debateplural.net\/site\/wp-json\/wp\/v2\/posts"}],"about":[{"href":"https:\/\/debateplural.net\/site\/wp-json\/wp\/v2\/types\/post"}],"author":[{"embeddable":true,"href":"https:\/\/debateplural.net\/site\/wp-json\/wp\/v2\/users\/1"}],"replies":[{"embeddable":true,"href":"https:\/\/debateplural.net\/site\/wp-json\/wp\/v2\/comments?post=5640"}],"version-history":[{"count":0,"href":"https:\/\/debateplural.net\/site\/wp-json\/wp\/v2\/posts\/5640\/revisions"}],"wp:attachment":[{"href":"https:\/\/debateplural.net\/site\/wp-json\/wp\/v2\/media?parent=5640"}],"wp:term":[{"taxonomy":"category","embeddable":true,"href":"https:\/\/debateplural.net\/site\/wp-json\/wp\/v2\/categories?post=5640"},{"taxonomy":"post_tag","embeddable":true,"href":"https:\/\/debateplural.net\/site\/wp-json\/wp\/v2\/tags?post=5640"}],"curies":[{"name":"wp","href":"https:\/\/api.w.org\/{rel}","templated":true}]}}