{"id":56523,"date":"2024-12-20T11:23:02","date_gmt":"2024-12-20T15:23:02","guid":{"rendered":"https:\/\/debateplural.net\/site\/?p=56523"},"modified":"2024-12-20T11:23:03","modified_gmt":"2024-12-20T15:23:03","slug":"perplejidades-del-milagro-argentino","status":"publish","type":"post","link":"https:\/\/debateplural.net\/site\/2024\/12\/20\/perplejidades-del-milagro-argentino\/","title":{"rendered":"Perplejidades del \u00abmilagro argentino\u00bb"},"content":{"rendered":"\n<p>Atilio Bor\u00f3n (P\u00e1gina 12, 20-12-24)<\/p>\n\n\n\n<p>El gobierno de Javier Milei ha cumplido un a\u00f1o y el balance dif\u00edcilmente podr\u00eda ser m\u00e1s desolador. El \u201cajuste m\u00e1s grande que tuvo la humanidad\u201d, tal como lo calificara con mucho orgullo el presidente en su discurso, ha reducido el PBI en por lo menos un 4 %; desplomado el consumo de las clases populares; pauperizado a grandes segmentos de las capas medias; provocado la desaparici\u00f3n de casi trescientos mil puestos de trabajo y el cierre de 16.500 pymes y 10.000 kioscos. La gente come mucho menos carne, los ni\u00f1os toman mucho menos leche: un mill\u00f3n de \u00e9stos se van a dormir sin cenar, y seg\u00fan la UNICEF la cifra asciende a cuatro millones y medio de personas si se toma en cuenta a los adultos. Con ingresos cada vez m\u00e1s recortados las familias deben gastar mucho m\u00e1s que antes en agua, gas, electricidad, telefon\u00eda y transporte. Quien tenga la desgracia de enfermarse tendr\u00e1 grandes dificultades para ser atendido en el hospital p\u00fablico, con presupuestos ferozmente recortados y su personal luchando desde hace a\u00f1os por una imprescindible recomposici\u00f3n salarial.<\/p>\n\n\n\n<p>Agr\u00e9guese a lo anterior que las cuotas de la medicina prepaga se fueron a la estratosfera y por eso ya son legi\u00f3n aquellas familias clasemedieras que antes pod\u00edan pagarla pero ya no m\u00e1s, y que ahora se dirigen infructuosamente al hospital p\u00fablico. Esto para ni hablar del precio de los medicamentos requeridos por la poblaci\u00f3n -sobre todo de la tercera edad- otrora distribuidos gratuitamente por el PAMI y hoy reducidos a una m\u00ednima expresi\u00f3n. La imagen de abuelos y abuelas rogando que en las farmacias les vendan un bl\u00edster o le regalen una muestra m\u00e9dica porque no pueden pagar el medicamento se ha convertido en un cl\u00e1sico del panorama social de la Argentina libertaria. Enfermos necesitados de remedios oncol\u00f3gicos se tropiezan con la indiferencia de un gobierno que ha hecho de la crueldad uno de sus rasgos definitorios. Y si se habla de la educaci\u00f3n el gobierno ha profundizado hasta l\u00edmites desconocidos el desfinanciamiento de la educaci\u00f3n p\u00fablica en todos sus niveles, siendo el ataque a las universidades nacionales uno de sus objetivos m\u00e1s encarnizadamente perseguidos. La situaci\u00f3n es igualmente alarmante si se habla de la educaci\u00f3n escolar y la escuela secundaria, tambi\u00e9n afectadas por un desfinanciamiento que viene de largos a\u00f1os. \u00bfC\u00f3mo es posible que en el distrito m\u00e1s rico de la Argentina, la Ciudad Aut\u00f3noma de Buenos Aires, sus escuelas p\u00fablicas no tengan suficientes vacantes para atender a la poblaci\u00f3n infantil?<\/p>\n\n\n\n<p>Ante una situaci\u00f3n como \u00e9sta, en la cual el Estado se desentiende de las funciones esenciales que garantizan el bienestar de su poblaci\u00f3n (cosa que no ocurre en los capitalismos metropolitanos) no deja de sorprender la indiferencia oficial ante tanto sufrimiento. Pero basta con recordar que el emblema que sintetiza la ideolog\u00eda de este gobierno es \u201cdonde hay una necesidad hay un mercado\u201d, frase que la Casa Rosada contrapone al supuesto \u201cexceso populista\u201d de Evita, cuando dijo con raz\u00f3n que \u201cdonde hay una necesidad nace un derecho\u201d, algo que constituye una leg\u00edtima reivindicaci\u00f3n democr\u00e1tica. Aquel emblema, que emparenta la necesidad con el mercado, demuestra la ignorancia que prevalece en las filas del oficialismo, su fenomenal desconocimiento de la historia del capitalismo \u201crealmente existente\u201d, que nada tiene que ver con las id\u00edlicas im\u00e1genes de diligentes empresarios privados respondiendo a los est\u00edmulos de mercados, promoviendo el bienestar general y actuando en el marco de una total deserci\u00f3n de estados cuya \u00fanica preocupaci\u00f3n es que ninguna regulaci\u00f3n gubernamental entorpezca el accionar de estos \u201ch\u00e9roes\u201d civilizatorios La idea de que la necesidad genera un mercado no s\u00f3lo es emp\u00edricamente err\u00f3nea, tambi\u00e9n adolece de una imperdonable inmoralidad.&nbsp;<\/p>\n\n\n\n<p>La lista de los horrores producidos a lo largo de este primer a\u00f1o de gobierno libertario ser\u00eda interminable. Me abstengo de hablar de la pol\u00edtica exterior porque en este caso el cat\u00e1logo de aberraciones y chapucer\u00edas ser\u00eda a\u00fan m\u00e1s extenso. En lo social, este experimento ha producido ricos m\u00e1s ricos gracias a la enjundia con que Milei luch\u00f3 para \u201cagrandar sus bolsillos\u201d; y pobres mucho m\u00e1s numerosos -m\u00ednimo la mitad de nuestra poblaci\u00f3n, con una metodolog\u00eda que subestima las dimensiones reales de la pobreza- y tambi\u00e9n m\u00e1s pobres que antes. No es el socialismo sino el \u201canarco-capitalismo\u201d gobernante el que merece el adjetivo de \u201cempobrecedor\u201d, que Milei adjudica a todo gobierno progresista o de izquierda. \u00bfO hay alguna duda que la gran mayor\u00eda de los argentinos hemos sido empobrecidos por este gobierno? Aparte de eso \u00bfc\u00f3mo calificar a destrucci\u00f3n del sistema cient\u00edfico, el ataque a las artes y a la cinematograf\u00eda, el desprecio por todo lo que se aparte de esa l\u00f3gica bolichera que reduce las m\u00e1s excelsas creaciones del g\u00e9nero humano a la condici\u00f3n de mercanc\u00eda, objetos s\u00f3lo valiosos en la medida en que puedan ser fuente de lucro? Ese es el verdadero significado de la batalla cultural que proponen los libertarios. No deja de ser asombroso que este verdadero desastre econ\u00f3mico, social, cultural y pol\u00edtico producido en apenas un a\u00f1o haya sido calificado por el presidente como \u201cel milagro argentino\u201d. Una frase que, sin duda, pasar\u00e1 a la historia, seguramente que no por buenas razones.&nbsp;<\/p>\n\n\n\n<p>Para terminar perm\u00edtame decir unas palabras sobre las cifras que el presidente tir\u00f3 al voleo en su discurso. Reparemos apenas en aquellas relacionadas con la inflaci\u00f3n, en donde el tenebroso n\u00famero de 17.000 por ciento aparece por en\u00e9sima vez como un espectro terrible que se agita en el fondo de la caverna donde se guardan las p\u00f3cimas m\u00e1gicas del \u201canarco-capitalismo\u201d. Es evidente que Milei busque fortificarse apelando al \u201c\u00e9xito\u201d de su combate a la inflaci\u00f3n. La \u00faltima cifra, de noviembre, fue de 2.4%, y fue celebrada en la Casa Rosada como un logro hist\u00f3rico. Pero una somera mirada al vecindario aporta un necesario ba\u00f1o de sobriedad ya que demostrar\u00eda que, por ejemplo, en octubre ese valor fue del 0.33 % en Uruguay, 0.56 % en Brasil y 1 % en Chile, al paso que en Colombia el indicador fue negativo: -0.13 %. Se comprende la necesidad que tiene este gobierno de convencer a la opini\u00f3n p\u00fablica que ha controlado a la inflaci\u00f3n dado que su victoria en el balotaje del a\u00f1o pasado se explica en buena medida por la ineptitud del gobierno del Frente de Todos para contener ese flagelo. Pero presentar como positivo un \u00edndice de inflaci\u00f3n mensual que es unas ocho veces superior al de Uruguay y casi cinco al de Brasil suena como un tanto excesivo, para decir lo menos. Adem\u00e1s, tanto Milei como sus numerosos voceros en el ecosistema medi\u00e1tico am\u00e9n de los pol\u00edticos que avalan sus proyectos en el Congreso y en las provincias mucho se cuidan de decir que el relativo control de la inflaci\u00f3n es resultado de la terapia de shock que castiga al conjunto de la econom\u00eda. La ca\u00edda en los niveles de consumo a causa del deterioro en los salarios del sector formal e informal y de los haberes jubilatorios tuvo como efecto reducir el consumo y de este modo \u201cplanchar\u201d los precios, creando la ilusi\u00f3n de que la inflaci\u00f3n -que tiene causas estructurales y no es un tema de exceso de emisi\u00f3n monetaria como dice el gobierno- ha sido derrotada. La inflaci\u00f3n es expresi\u00f3n de la puja distributiva y refleja el control que los oligopolios formadores de precios ejercen sobre los mercados, mismos que en el momento actual pueden actuar a su antojo sin temer ning\u00fan tipo de regulaci\u00f3n gubernamental. Que hay un cambio de tendencia en los \u00edndices de la inflaci\u00f3n es indudable; pero ni se la derrot\u00f3 ni nada autoriza a pensar que ni bien se supere la recesi\u00f3n actual la inflaci\u00f3n no vaya a retornar con renovados br\u00edos. Los factores estructurales que la explican no han sido controlados en lo m\u00e1s m\u00ednimo por un gobierno que concibe a su misi\u00f3n como \u201cdestruir al estado desde dentro\u201d y que se desvive por eliminar todas las restricciones que las autoridades deben imponer para evitar el darwinismo social de mercado, una de cuyas consecuencias es precisamente la inflaci\u00f3n.&nbsp;&nbsp;<\/p>\n","protected":false},"excerpt":{"rendered":"<p>Atilio Bor\u00f3n (P\u00e1gina 12, 20-12-24) El gobierno de Javier Milei ha cumplido un a\u00f1o y el balance dif\u00edcilmente podr\u00eda ser m\u00e1s desolador. El \u201cajuste m\u00e1s grande que tuvo la humanidad\u201d, tal como lo calificara con mucho orgullo el presidente en su discurso, ha reducido el PBI en por lo menos un 4 %; desplomado el [&hellip;]<\/p>\n","protected":false},"author":1,"featured_media":54684,"comment_status":"open","ping_status":"open","sticky":false,"template":"","format":"standard","meta":{"footnotes":""},"categories":[14,12],"tags":[],"class_list":["post-56523","post","type-post","status-publish","format-standard","has-post-thumbnail","hentry","category-internacionales","category-politica-3"],"_links":{"self":[{"href":"https:\/\/debateplural.net\/site\/wp-json\/wp\/v2\/posts\/56523"}],"collection":[{"href":"https:\/\/debateplural.net\/site\/wp-json\/wp\/v2\/posts"}],"about":[{"href":"https:\/\/debateplural.net\/site\/wp-json\/wp\/v2\/types\/post"}],"author":[{"embeddable":true,"href":"https:\/\/debateplural.net\/site\/wp-json\/wp\/v2\/users\/1"}],"replies":[{"embeddable":true,"href":"https:\/\/debateplural.net\/site\/wp-json\/wp\/v2\/comments?post=56523"}],"version-history":[{"count":1,"href":"https:\/\/debateplural.net\/site\/wp-json\/wp\/v2\/posts\/56523\/revisions"}],"predecessor-version":[{"id":56524,"href":"https:\/\/debateplural.net\/site\/wp-json\/wp\/v2\/posts\/56523\/revisions\/56524"}],"wp:featuredmedia":[{"embeddable":true,"href":"https:\/\/debateplural.net\/site\/wp-json\/wp\/v2\/media\/54684"}],"wp:attachment":[{"href":"https:\/\/debateplural.net\/site\/wp-json\/wp\/v2\/media?parent=56523"}],"wp:term":[{"taxonomy":"category","embeddable":true,"href":"https:\/\/debateplural.net\/site\/wp-json\/wp\/v2\/categories?post=56523"},{"taxonomy":"post_tag","embeddable":true,"href":"https:\/\/debateplural.net\/site\/wp-json\/wp\/v2\/tags?post=56523"}],"curies":[{"name":"wp","href":"https:\/\/api.w.org\/{rel}","templated":true}]}}