{"id":56704,"date":"2025-01-14T11:58:16","date_gmt":"2025-01-14T15:58:16","guid":{"rendered":"https:\/\/debateplural.net\/site\/?p=56704"},"modified":"2025-01-14T11:58:18","modified_gmt":"2025-01-14T15:58:18","slug":"un-narco-estado-en-ciernes-va-a-elecciones-en-febrero","status":"publish","type":"post","link":"https:\/\/debateplural.net\/site\/2025\/01\/14\/un-narco-estado-en-ciernes-va-a-elecciones-en-febrero\/","title":{"rendered":"Un narco-Estado en ciernes va a elecciones en febrero"},"content":{"rendered":"\n<p>Observatorio en Comunicaci\u00f3n y Democracia (OCD) &#8211; Fundaci\u00f3n para la Integraci\u00f3n Latinoamericana (FILA) (14-1-25)<\/p>\n\n\n\n<p>En un pa\u00eds tomado por el capital criminal, muchos comienzan a hablar de un narco-Estado. Todo el tejido de relaciones de poder, articuladas al narcotr\u00e1fico y a la econom\u00eda criminal, puede ser el indicio de que en el Ecuador se va configurando la imposici\u00f3n hegem\u00f3nica de una \u201cnueva\u201d oligarqu\u00eda ligada cada vez m\u00e1s a la exportaci\u00f3n de coca\u00edna, al crimen organizado, que acelera la destrucci\u00f3n del Estado de derechos.&nbsp;<\/p>\n\n\n\n<p>Ecuador se prepara nuevamente para unas elecciones presidenciales y legislativas, que se realizar\u00e1n el pr\u00f3ximo 9 de febrero. La campa\u00f1a electoral comenz\u00f3 el domingo 5 de enero con lo que los candidatos podr\u00e1n comenzar su promoci\u00f3n en medios de comunicaci\u00f3n y vallas. Ser\u00e1n 33 d\u00edas de campa\u00f1a electoral, durante los cuales los candidatos podr\u00e1n promocionar sus propuestas y planes de trabajo, para buscar el voto de la mayor parte de los 13,73 millones de votantes empadronados para estos comicios.<\/p>\n\n\n\n<p>La disputa pol\u00edtica entre el ultraderechista presidente Daniel Noboa,&nbsp; y su vicepresidenta, Ver\u00f3nica Abad, contin\u00faa. Noboa a\u00fan no anunci\u00f3 si pedir\u00e1 licencia para el proselitismo pol\u00edtico y decret\u00f3 el reemplazo de ella, que hab\u00eda dicho estar lista para la sucesi\u00f3n.&nbsp;La jueza ecuatoriana Nubia Vera dispuso la \u00faltima semana que Abad sea restituida en el cargo y&nbsp; pidi\u00f3 que se notifique a la presidencia, el comando conjunto de las Fuerzas Armadas y dem\u00e1s entidades competentes.<\/p>\n\n\n\n<p>Abad cuestion\u00f3 que el presidente haya pedido licencia para hacer campa\u00f1a proselitista, rompiendo el ordenamiento constitucional y democr\u00e1tico vigente. Noboa se\u00f1al\u00f3 que era riesgoso para la democracia el ascenso de Ver\u00f3nica Abad a la presidencia como su reemplazo temporal, lo cual dispone la Constituci\u00f3n vigente.<\/p>\n\n\n\n<p>En un pa\u00eds cargado de violencias m\u00faltiples, se leen las pretensiones de reelecci\u00f3n del ultraderechsita Daniel Noboa, mientras todo indica que en Ecuador se consolida un narco-Estado. La econom\u00eda, v\u00edctima del&nbsp;austericidio&nbsp;neoliberal, pasa factura en lo social, productivo, energ\u00e9tico e incluso en la seguridad ciudadana.<\/p>\n\n\n\n<p>Ecuador nace con una econom\u00eda primario-exportadora de productos agr\u00edcolas, articularmente cacao y luego banano. Esta modalidad de acumulaci\u00f3n, que articula al pa\u00eds al mercado internacional, caracteriza la situaci\u00f3n de dependencia a lo largo de toda la historia republicana, inclusive con la exportaci\u00f3n de petr\u00f3leo.&nbsp;<\/p>\n\n\n\n<p>Los intentos por impulsar un t\u00edmido neodesarrollismo llegan a su fin, con la declinaci\u00f3n de las reservas petroleras. Un neoliberalismo rampante se impone desde hace varios a\u00f1os, abriendo la puerta al retorno de la oligarqu\u00eda agroexportadora, que comparte y disputa espacios con los capitales provenientes del crimen organizado, infiltrado pr\u00e1cticamente en todas las instituciones del Estado.&nbsp;<\/p>\n\n\n\n<p>Cuando la violencia criminal ha estallado, la respuesta del gobierno de Daniel Noboa, ha sido declarar un conflicto interno armado, con la consiguiente militarizaci\u00f3n de la sociedad y un creciente acercamiento a Estados Unidos, entregando una base militar a ese pa\u00eds.&nbsp;<\/p>\n\n\n\n<p>Noboa busca consolidar un grupo de poder de \u00e9lites olig\u00e1rquicas reducido, muy cercano al conglomerado empresarial de su propia familia ampliada, para controlar no solo el gobierno, sino los medios de comunicaci\u00f3n, tanto como los \u00f3rganos de control y fiscalizaci\u00f3n del Estado, en medio de una disputa del poder entre las viejas oligarqu\u00edas agroexportadoras y algunos grupos burgueses modernizadores, en un pa\u00eds contaminado por las redes del narcotr\u00e1fico y del crimen organizado de alcance transnacional.<\/p>\n\n\n\n<p>Durante el siglo XX hubo alg\u00fan intento fallido de salir de esta econom\u00eda, como fue la industrializaci\u00f3n v\u00eda sustituci\u00f3n de importaciones, sobre todo en los a\u00f1os setenta. En 1972, cuando comenz\u00f3 a explotarse el petr\u00f3leo amaz\u00f3nico -con importante intervenci\u00f3n del Estado-, a nivel pol\u00edtico se abri\u00f3 un patr\u00f3n de dominaci\u00f3n diferente al tradicional de los grupos olig\u00e1rquicos ligados a la econom\u00eda importadora y agroexportadora.&nbsp;<\/p>\n\n\n\n<p>Es entonces que surge una clase de poder econ\u00f3mico y pol\u00edtico que difiere del poder de la vieja oligarqu\u00eda. Las \u00e9lites de la etapa petrolera resultaron modernizantes; buscaron fortalecer a la burgues\u00eda nacional ligada a la industria, eso sin que en ning\u00fan momento se haya debilitado el poder del capital bancario, ni se haya roto con el poder agroexportador.&nbsp;&nbsp;<\/p>\n\n\n\n<p>No deber\u00eda sorprender si los grupos criminales organizados logran imponer candidatos para todo tipo de elecci\u00f3n, financiar campa\u00f1as e inclusive puedan cambiar el tablero pol\u00edtico con actos criminales. Al controlar los recursos del Estado e influir en varios \u00e1mbitos de la vida de la sociedad, esta suerte de narcooligarqu\u00eda procura destruir organizaciones sociales, tejidos comunitarios, movimientos pol\u00edticos e inclusive econom\u00edas l\u00edcitas.<\/p>\n\n\n\n<p>No sorprende la acci\u00f3n de Noboa a favor de intereses mineros transnacionales, para lo que no ha dudado en irrespetar abiertamente el mandato popular expresado en las consultas de Gir\u00f3n (2019) y Cuenca (2021), ambas en la provincia del Azuay.<\/p>\n\n\n\n<p>Mientras,&nbsp;&nbsp;incumple con el mandato popular que masivamente exigi\u00f3 la suspensi\u00f3n de la actividad petrolera en el Bloque 43 o ITT en el Yasun\u00ed (2023), algo que apoy\u00f3 cuando era candidato presidencial.&nbsp;<\/p>\n\n\n\n<p>Las Fuerzas Armadas, que en la \u00e9poca del gobierno nacionalista militar impulsaban el desarrollo del pa\u00eds en base a la administraci\u00f3n de la bonanza econ\u00f3mica petrolera, hoy han sido reducidas al papel de polic\u00edas. La violencia criminal de los \u00faltimos a\u00f1os, y particularmente la trasmisi\u00f3n en directo de la toma del TC Televisi\u00f3n en enero del 2024 por un grupo criminal, gener\u00f3 un trauma en el inconsciente colectivo, utilizado para las estrategias de campa\u00f1a electoral de Noboa, empe\u00f1ado en aplicar pol\u00edticas de securitizaci\u00f3n.<\/p>\n\n\n\n<p>Con el debilitamiento del Estado de derechos provocado por los gobiernos de Lenin Moreno y Guillermo Lasso, se producen los primeros signos del retorno de la oligarqu\u00eda agroexportadora en un contexto de avance y consolidaci\u00f3n del narcotr\u00e1fico.<\/p>\n\n\n\n<p>Se teme la trasmutaci\u00f3n de los grupos de grandes agroexportadores en \u201cnuevas\u201d oligarqu\u00edas vinculadas al tr\u00e1fico de coca\u00edna, con capacidad de estructurar sus propios partidos pol\u00edticos y financiar campa\u00f1as electorales.<\/p>\n\n\n\n<p>Son oligarqu\u00edas que usan la violencia del crimen organizado para alterar la institucionalidad electoral, llegando a eliminar candidatos para dignidades locales e incluso nacionales, como fue el caso del magnicidio de Fernando Villavicencio. El asesinato de funcionarios estatales inc\u00f3modos, como alcaldes, jueces, fiscales, asamble\u00edstas, es una pr\u00e1ctica propia de un narco-estado. Y&nbsp;&nbsp;la incidencia del narco-d\u00f3lar en la econom\u00eda, la acci\u00f3n sesgada de la justicia es otra de sus manifestaciones.<\/p>\n\n\n\n<p>Hay quienes hablan de un pacto colaborativo entre Noboa y los militares que se consolida en la declaratoria de guerra interna y la militarizaci\u00f3n de la sociedad. Este es un acuerdo que desbarata la fr\u00e1gil institucionalidad de las FFAA. y excluye a la mayor\u00eda de la sociedad, pues la convierte en aparato de represi\u00f3n social para garantizar los privilegios de las oligarqu\u00edas que controlan la econom\u00eda y las decisiones gubernamentales.<\/p>\n\n\n\n<p>En medio de la contienda electoral, Noboa pretende volver a abrir la puerta a bases militares extranjeras. Diversos grupos de la derecha no se conformaron nunca con el cierre de la Base de Manta. En la actualidad, con una sociedad agobiada por la inseguridad, la coyuntura parecer\u00eda propicia para que Noboa d\u00e9 ese paso impulsando una reforma constitucional, puesto que la Carta Magna en su art\u00edculo 5 proh\u00edbe bases militares extrajeras en territorio ecuatoriano, que fue declarado territorio de paz.<\/p>\n","protected":false},"excerpt":{"rendered":"<p>Observatorio en Comunicaci\u00f3n y Democracia (OCD) &#8211; Fundaci\u00f3n para la Integraci\u00f3n Latinoamericana (FILA) (14-1-25) En un pa\u00eds tomado por el capital criminal, muchos comienzan a hablar de un narco-Estado. Todo el tejido de relaciones de poder, articuladas al narcotr\u00e1fico y a la econom\u00eda criminal, puede ser el indicio de que en el Ecuador se va [&hellip;]<\/p>\n","protected":false},"author":1,"featured_media":56705,"comment_status":"open","ping_status":"open","sticky":false,"template":"","format":"standard","meta":{"footnotes":""},"categories":[14,12],"tags":[],"class_list":["post-56704","post","type-post","status-publish","format-standard","has-post-thumbnail","hentry","category-internacionales","category-politica-3"],"_links":{"self":[{"href":"https:\/\/debateplural.net\/site\/wp-json\/wp\/v2\/posts\/56704"}],"collection":[{"href":"https:\/\/debateplural.net\/site\/wp-json\/wp\/v2\/posts"}],"about":[{"href":"https:\/\/debateplural.net\/site\/wp-json\/wp\/v2\/types\/post"}],"author":[{"embeddable":true,"href":"https:\/\/debateplural.net\/site\/wp-json\/wp\/v2\/users\/1"}],"replies":[{"embeddable":true,"href":"https:\/\/debateplural.net\/site\/wp-json\/wp\/v2\/comments?post=56704"}],"version-history":[{"count":1,"href":"https:\/\/debateplural.net\/site\/wp-json\/wp\/v2\/posts\/56704\/revisions"}],"predecessor-version":[{"id":56706,"href":"https:\/\/debateplural.net\/site\/wp-json\/wp\/v2\/posts\/56704\/revisions\/56706"}],"wp:featuredmedia":[{"embeddable":true,"href":"https:\/\/debateplural.net\/site\/wp-json\/wp\/v2\/media\/56705"}],"wp:attachment":[{"href":"https:\/\/debateplural.net\/site\/wp-json\/wp\/v2\/media?parent=56704"}],"wp:term":[{"taxonomy":"category","embeddable":true,"href":"https:\/\/debateplural.net\/site\/wp-json\/wp\/v2\/categories?post=56704"},{"taxonomy":"post_tag","embeddable":true,"href":"https:\/\/debateplural.net\/site\/wp-json\/wp\/v2\/tags?post=56704"}],"curies":[{"name":"wp","href":"https:\/\/api.w.org\/{rel}","templated":true}]}}