{"id":5679,"date":"2016-05-28T10:20:08","date_gmt":"2016-05-28T14:20:08","guid":{"rendered":"http:\/\/debateplural.com\/?p=5679"},"modified":"2016-06-23T13:36:13","modified_gmt":"2016-06-23T13:36:13","slug":"poroshenko-quiere-llamar-la-atencion-sobre-su-persona-imponiendo-las-sanciones","status":"publish","type":"post","link":"https:\/\/debateplural.net\/site\/2016\/05\/28\/poroshenko-quiere-llamar-la-atencion-sobre-su-persona-imponiendo-las-sanciones\/","title":{"rendered":"\"Poroshenko quiere llamar la atenci\u00f3n sobre su persona imponiendo las sanciones\""},"content":{"rendered":"<div id=\"attachment_5644\" style=\"width: 715px\" class=\"wp-caption aligncenter\"><img loading=\"lazy\" decoding=\"async\" aria-describedby=\"caption-attachment-5644\" class=\"size-full wp-image-5644\" src=\"http:\/\/tripletecnologia.com\/website\/debateplural\/wp-content\/uploads\/2016\/05\/petrc3b3-poroshenko-2.jpg\" alt=\"Petr\u00f3 Poroshenko\" width=\"705\" height=\"381\" \/><p id=\"caption-attachment-5644\" class=\"wp-caption-text\">Petr\u00f3 Poroshenko<\/p><\/div>\n<p class=\"b-article__lead\" style=\"text-align:justify;\">\"Es una nueva oleada de rusofobia\" ha opinado la miembro de la comisi\u00f3n de la C\u00e1mara P\u00fablica de <a href=\"http:\/\/localhost\/debateplural\/tag\/rusia\">Rusia<\/a>, Elena Sut\u00f3rmina, en referencia a las sanciones impuestas por el presidente ucraniano, Petr\u00f3 Poroshenko, contra los dirigentes de los medios de comunicaci\u00f3n rusos.<!--more--><\/p>\n<div class=\"b-article__text\" style=\"text-align:justify;\">\"Petr\u00f3 Poroshenko intenta mostrar su importancia y la solidaridad con el G7, que prorrog\u00f3 las sanciones contra Rusia, imponiendo sus medidas restrictivas\", ha dicho Sut\u00f3rmina.Hace poco el primer ministro brit\u00e1nico, David Cameron, anunci\u00f3 que los pa\u00edses del G7 han coincidido acordar la pr\u00f3rroga de las sanciones contra Rusia en junio. Siguiendo esa pauta, el presidente ucraniano se apresur\u00f3 a aprobar sanciones contra varios jefes de medios de comunicaci\u00f3n rusos.<\/p>\n<p>Esta medida recibi\u00f3 duras cr\u00edticas por parte del Consejo de periodistas de Rusia.<\/p>\n<p class=\"marker-quote1\">\"Las sanciones son otro intento de acallar los medios de comunicaci\u00f3n y establecer en la sociedad solo un punto de vista, que la verdad puede ser solo una\", consider\u00f3 el secretario del Consejo de periodistas rusos, Timur Shafir, quien adem\u00e1s calific\u00f3 la decisi\u00f3n del presidente ucraniano de poco constructiva, ya que no \"llevar\u00e1 a nada bueno\".<\/p>\n<\/div>\n<p>&nbsp;<\/p>\n","protected":false},"excerpt":{"rendered":"<p>\"Es una nueva oleada de rusofobia\" ha opinado la miembro de la comisi\u00f3n de la C\u00e1mara P\u00fablica de Rusia, Elena Sut\u00f3rmina, en referencia a las sanciones impuestas por el presidente ucraniano, Petr\u00f3 Poroshenko, contra los dirigentes de los medios de comunicaci\u00f3n rusos.<\/p>\n","protected":false},"author":1,"featured_media":0,"comment_status":"open","ping_status":"open","sticky":false,"template":"","format":"standard","meta":{"footnotes":""},"categories":[14,12],"tags":[40],"class_list":["post-5679","post","type-post","status-publish","format-standard","hentry","category-internacionales","category-politica-3","tag-rusia"],"_links":{"self":[{"href":"https:\/\/debateplural.net\/site\/wp-json\/wp\/v2\/posts\/5679"}],"collection":[{"href":"https:\/\/debateplural.net\/site\/wp-json\/wp\/v2\/posts"}],"about":[{"href":"https:\/\/debateplural.net\/site\/wp-json\/wp\/v2\/types\/post"}],"author":[{"embeddable":true,"href":"https:\/\/debateplural.net\/site\/wp-json\/wp\/v2\/users\/1"}],"replies":[{"embeddable":true,"href":"https:\/\/debateplural.net\/site\/wp-json\/wp\/v2\/comments?post=5679"}],"version-history":[{"count":1,"href":"https:\/\/debateplural.net\/site\/wp-json\/wp\/v2\/posts\/5679\/revisions"}],"predecessor-version":[{"id":6405,"href":"https:\/\/debateplural.net\/site\/wp-json\/wp\/v2\/posts\/5679\/revisions\/6405"}],"wp:attachment":[{"href":"https:\/\/debateplural.net\/site\/wp-json\/wp\/v2\/media?parent=5679"}],"wp:term":[{"taxonomy":"category","embeddable":true,"href":"https:\/\/debateplural.net\/site\/wp-json\/wp\/v2\/categories?post=5679"},{"taxonomy":"post_tag","embeddable":true,"href":"https:\/\/debateplural.net\/site\/wp-json\/wp\/v2\/tags?post=5679"}],"curies":[{"name":"wp","href":"https:\/\/api.w.org\/{rel}","templated":true}]}}