{"id":56790,"date":"2025-01-24T14:16:32","date_gmt":"2025-01-24T18:16:32","guid":{"rendered":"https:\/\/debateplural.net\/site\/?p=56790"},"modified":"2025-01-24T14:16:33","modified_gmt":"2025-01-24T18:16:33","slug":"observaciones-sobre-el-pesimismo-dominicano-2","status":"publish","type":"post","link":"https:\/\/debateplural.net\/site\/2025\/01\/24\/observaciones-sobre-el-pesimismo-dominicano-2\/","title":{"rendered":"Observaciones sobre el pesimismo dominicano"},"content":{"rendered":"\n<p>El discurso cl\u00e1sico dominicano es el discurso del precapitalismo. La ideolog\u00eda dominante dominicana se constituy\u00f3 como ideolog\u00eda precapitalista, esto es, como cosmovisi\u00f3n de la conciencia nacional.<\/p>\n\n\n\n<p>El pensamiento tradicional domini\u00adcano se caracteriza por tensi\u00f3n, negaci\u00f3n y espacio del capitalismo. Es apertura y obstrucci\u00f3n a la modernidad del capitalismo.<\/p>\n\n\n\n<p>La ideolog\u00eda precapitalista se presenta como s\u00edntesis de lo nacional, lo dominicano, y como discurso que explica una singularidad intransferible, la \u201cdominicanidad\u201d.<\/p>\n\n\n\n<p>La convivencia de relaciones precapitalistas y capitalistas en contextos hist\u00f3ricos similares es peculiar en las sociedades latinoamericanas en general y en la dominicana en par\u00adticular.<\/p>\n\n\n\n<p><a href=\"http:\/\/localhost\/debateplural\/wp-content\/uploads\/2017\/04\/al.jpg\"><\/a><\/p>\n\n\n\n<figure class=\"wp-block-image size-full is-resized\"><a href=\"https:\/\/debateplural.net\/site\/wp-content\/uploads\/2016\/08\/Americo-Lugo.jpg\"><img loading=\"lazy\" decoding=\"async\" width=\"247\" height=\"400\" src=\"https:\/\/debateplural.net\/site\/wp-content\/uploads\/2016\/08\/Americo-Lugo.jpg\" alt=\"Americo Lugo\" class=\"wp-image-10295\" style=\"width:372px;height:auto\" srcset=\"https:\/\/debateplural.net\/site\/wp-content\/uploads\/2016\/08\/Americo-Lugo.jpg 247w, https:\/\/debateplural.net\/site\/wp-content\/uploads\/2016\/08\/Americo-Lugo-185x300.jpg 185w\" sizes=\"(max-width: 247px) 100vw, 247px\" \/><\/a><figcaption class=\"wp-element-caption\">Americo Lugo<\/figcaption><\/figure>\n\n\n\n<p>\u201cLos modos de convivencia han sido tambi\u00e9n modos de convivencias ideol\u00f3gicas\u201d. Por ejemplo, el positivismo hostosiano fue la racionalizaci\u00f3n ideol\u00f3gica de una sonada sociedad capitalista moderna a partir de las \u00faltimas tres d\u00e9cadas del siglo XIX.<\/p>\n\n\n\n<p>La conciencia nacional es el punto de referencia y la ra\u00edz del discurso cl\u00e1sico dominicano. Su origen hist\u00f3rico es el Tratado de Basilea de 1795 y su momento de solidificaci\u00f3n es la guerra de restauraci\u00f3n frente al colonialismo espa\u00f1ol, 1863-1865, y el gobierno de los seis a\u00f1os de B\u00e1ez (1873), con el intento de anexionar la&nbsp;<a href=\"http:\/\/localhost\/debateplural\/tag\/republica-dominicana\">Rep\u00fablica Dominicana<\/a>&nbsp;a los&nbsp;<a href=\"http:\/\/localhost\/debateplural\/tag\/estados-unidos\">Estados Unidos<\/a>&nbsp;de Norteam\u00e9rica.<\/p>\n\n\n\n<p>Los dominicanos nos vimos condenados, despu\u00e9s de Basilea, a la afirmaci\u00f3n de la identidad nacional expresada en el origen de la nacionalidad.<\/p>\n\n\n\n<p>A partir de las \u00faltimas d\u00e9cadas del siglo XIX y, durante el siglo XX, en el pensamiento dominicano se desarrolla una l\u00ednea de ideas conservadoras en torno a lo nacional, a la dominicanidad, que ha sido denominada \u201cpesimismo dominicano\u201d.<\/p>\n\n\n\n<p><a href=\"http:\/\/localhost\/debateplural\/wp-content\/uploads\/2018\/08\/hoo.jpg\"><\/a><\/p>\n\n\n\n<figure class=\"wp-block-image size-full is-resized\"><a href=\"https:\/\/debateplural.net\/site\/wp-content\/uploads\/2018\/08\/hoo.jpg\"><img loading=\"lazy\" decoding=\"async\" width=\"640\" height=\"640\" src=\"https:\/\/debateplural.net\/site\/wp-content\/uploads\/2018\/08\/hoo.jpg\" alt=\"\" class=\"wp-image-26935\" style=\"width:493px;height:auto\" srcset=\"https:\/\/debateplural.net\/site\/wp-content\/uploads\/2018\/08\/hoo.jpg 640w, https:\/\/debateplural.net\/site\/wp-content\/uploads\/2018\/08\/hoo-150x150.jpg 150w, https:\/\/debateplural.net\/site\/wp-content\/uploads\/2018\/08\/hoo-300x300.jpg 300w\" sizes=\"(max-width: 640px) 100vw, 640px\" \/><\/a><figcaption class=\"wp-element-caption\">Manuel Arturo Pe\u00f1a Batlle<\/figcaption><\/figure>\n\n\n\n<p>Esta corriente del pensamiento so\u00adcial conservador dominicano tiene como m\u00e1ximos expositores a Jos\u00e9 Ram\u00f3n L\u00f3pez, Am\u00e9rico Lugo, Fran\u00adcisco Moscoso Puello, Manuel Artu\u00adro Pena Batlle, Joaqu\u00edn Balaguer y otros pensadores de las elites urbanas del pa\u00eds. Estos pensadores conservadores quedan enmarcados en lo que Antonio Gramsci ha denominado intelectuales org\u00e1nicos del poder. El pesimismo ideol\u00f3gico de las eli\u00adtes intelectuales dominantes dominicanas conduce a la conclusi\u00f3n de \u201cla supuesta incapacidad de los domi\u00adnicanos para subsistir como naci\u00f3n, formar un Estado y dirigir sus destinos.\u201d Esta tesis se le debe al historiador y ensayista Am\u00e9rico Lugo, quien la sostuvo en su ensayo \u201cEl Estado Dominicano Ante al Derecho P\u00fablico\u201d.<\/p>\n\n\n\n<p>Para Federico Henr\u00edquez Grateraux \u201cel pesimismo dominicano es asunto de larga historia y de gran inter\u00e9s sociol\u00f3gico\u2026 Jos\u00e9 Ram\u00f3n L\u00f3pez, Am\u00e9rico Lugo, Francisco y Federico Henr\u00edquez y Carvajal, Moscoso Pue\u00adllo, Juan Bosch, son nombres ilustres en ese campo terrible del pesimismo por el cual cada generaci\u00f3n dominica\u00adna ha tenido que pasar\u2026 No hay do\u00adminicano que no tenga lugar con el\u201d. Como se ve, el autor citado generaliza la tesis del pesimismo como una caracter\u00edstica del pensamien\u00adto dominicano, sin hacer distinci\u00f3n entre pensadores conservadores y liberales e incluso de diferencias entre generaciones y clases sociales. Tampoco identifica un pensamien\u00adto sociopol\u00edtico cr\u00edtico como el de Bon\u00f3, Jim\u00e9nes Grull\u00f3n, Bosch y las ideas revolucionarias y de liberaci\u00f3n nacional de la izquierda dominicana. Entre las razones hist\u00f3ricas que sustenta el denominado \u201cpesimismo do\u00adminicano\u201d, se presentan las siguientes:<\/p>\n\n\n\n<ul class=\"wp-block-list\">\n<li>Ruina de los modelos econ\u00f3micos.<\/li>\n\n\n\n<li>Pobreza de las poblaciones rural y urbana.<\/li>\n\n\n\n<li>Despoblaciones del oeste del pa\u00eds.<\/li>\n\n\n\n<li>Tratados internacionales de cesi\u00f3n del territorio nacional.<\/li>\n\n\n\n<li>Luchas civiles caudillistas.<\/li>\n\n\n\n<li><\/li>\n\n\n\n<li>Epidemias y ciclones.<\/li>\n\n\n\n<li>Or\u00edgenes \u00e9tnicos ind\u00edgena y africano.<\/li>\n<\/ul>\n\n\n\n<p><a href=\"http:\/\/localhost\/debateplural\/wp-content\/uploads\/2016\/11\/Joaquin-Balaguer.jpg\"><\/a><\/p>\n\n\n\n<figure class=\"wp-block-image size-large is-resized\"><a href=\"https:\/\/debateplural.net\/site\/wp-content\/uploads\/2016\/11\/Joaquin-Balaguer.jpg\"><img loading=\"lazy\" decoding=\"async\" width=\"1024\" height=\"736\" src=\"https:\/\/debateplural.net\/site\/wp-content\/uploads\/2016\/11\/Joaquin-Balaguer-1024x736.jpg\" alt=\"\" class=\"wp-image-12314\" style=\"width:596px;height:auto\" srcset=\"https:\/\/debateplural.net\/site\/wp-content\/uploads\/2016\/11\/Joaquin-Balaguer-1024x736.jpg 1024w, https:\/\/debateplural.net\/site\/wp-content\/uploads\/2016\/11\/Joaquin-Balaguer-300x216.jpg 300w, https:\/\/debateplural.net\/site\/wp-content\/uploads\/2016\/11\/Joaquin-Balaguer-768x552.jpg 768w, https:\/\/debateplural.net\/site\/wp-content\/uploads\/2016\/11\/Joaquin-Balaguer-810x582.jpg 810w, https:\/\/debateplural.net\/site\/wp-content\/uploads\/2016\/11\/Joaquin-Balaguer-1140x819.jpg 1140w, https:\/\/debateplural.net\/site\/wp-content\/uploads\/2016\/11\/Joaquin-Balaguer.jpg 1205w\" sizes=\"(max-width: 1024px) 100vw, 1024px\" \/><\/a><figcaption class=\"wp-element-caption\">joaquin-balaguer<\/figcaption><\/figure>\n\n\n\n<p>Expuestos los fundamentos de la ideolog\u00eda conservadora, que sustenta la tesis del llamado \u201cpesimismo do\u00adminicano, concluimos que:<\/p>\n\n\n\n<ul class=\"wp-block-list\">\n<li>El llamado \u201cpesimismo dominicano\u201d es un producto intelectual ideol\u00f3gico de las elites urbanas conservadoras del pa\u00eds, las cuales han es\u00adtado conformadas por intelectuales org\u00e1nicos al servicio del poder, en el sentido gramsciano y de los sectores olig\u00e1rquicos.<\/li>\n\n\n\n<li>El llamado \u201cpesimismo dominica\u00adno\u201d es una tesis psicologista generalizadora, resultado de los prejuicios y especulaciones ideol\u00f3gicas de los intelectuales org\u00e1nicos conserva\u00addores.<\/li>\n\n\n\n<li>El pueblo dominicano no es ni puede ser pesimista en sentido general, la especificidad de su pensamien\u00adto es un producto hist\u00f3rico-social concreto, que se ha conformado a lo largo del proceso de desarrollo hist\u00f3rico, econ\u00f3mico, pol\u00edtico y cultural, como premisa y fundamento de la identidad del ser dominicano.<\/li>\n<\/ul>\n","protected":false},"excerpt":{"rendered":"<p>El discurso cl\u00e1sico dominicano es el discurso del precapitalismo. La ideolog\u00eda dominante dominicana se constituy\u00f3 como ideolog\u00eda precapitalista, esto es, como cosmovisi\u00f3n de la conciencia nacional. El pensamiento tradicional domini\u00adcano se caracteriza por tensi\u00f3n, negaci\u00f3n y espacio del capitalismo. Es apertura y obstrucci\u00f3n a la modernidad del capitalismo. La ideolog\u00eda precapitalista se presenta como s\u00edntesis [&hellip;]<\/p>\n","protected":false},"author":5,"featured_media":15973,"comment_status":"open","ping_status":"open","sticky":false,"template":"","format":"standard","meta":{"footnotes":""},"categories":[18,5],"tags":[],"class_list":["post-56790","post","type-post","status-publish","format-standard","has-post-thumbnail","hentry","category-cultura","category-nacionales"],"_links":{"self":[{"href":"https:\/\/debateplural.net\/site\/wp-json\/wp\/v2\/posts\/56790"}],"collection":[{"href":"https:\/\/debateplural.net\/site\/wp-json\/wp\/v2\/posts"}],"about":[{"href":"https:\/\/debateplural.net\/site\/wp-json\/wp\/v2\/types\/post"}],"author":[{"embeddable":true,"href":"https:\/\/debateplural.net\/site\/wp-json\/wp\/v2\/users\/5"}],"replies":[{"embeddable":true,"href":"https:\/\/debateplural.net\/site\/wp-json\/wp\/v2\/comments?post=56790"}],"version-history":[{"count":1,"href":"https:\/\/debateplural.net\/site\/wp-json\/wp\/v2\/posts\/56790\/revisions"}],"predecessor-version":[{"id":56791,"href":"https:\/\/debateplural.net\/site\/wp-json\/wp\/v2\/posts\/56790\/revisions\/56791"}],"wp:featuredmedia":[{"embeddable":true,"href":"https:\/\/debateplural.net\/site\/wp-json\/wp\/v2\/media\/15973"}],"wp:attachment":[{"href":"https:\/\/debateplural.net\/site\/wp-json\/wp\/v2\/media?parent=56790"}],"wp:term":[{"taxonomy":"category","embeddable":true,"href":"https:\/\/debateplural.net\/site\/wp-json\/wp\/v2\/categories?post=56790"},{"taxonomy":"post_tag","embeddable":true,"href":"https:\/\/debateplural.net\/site\/wp-json\/wp\/v2\/tags?post=56790"}],"curies":[{"name":"wp","href":"https:\/\/api.w.org\/{rel}","templated":true}]}}