{"id":56820,"date":"2025-01-28T13:23:13","date_gmt":"2025-01-28T17:23:13","guid":{"rendered":"https:\/\/debateplural.net\/site\/?p=56820"},"modified":"2025-01-28T13:23:15","modified_gmt":"2025-01-28T17:23:15","slug":"mas-de-cinco-horas-de-marcha-en-contra-de-la-barrick-gold","status":"publish","type":"post","link":"https:\/\/debateplural.net\/site\/2025\/01\/28\/mas-de-cinco-horas-de-marcha-en-contra-de-la-barrick-gold\/","title":{"rendered":"M\u00e1s de cinco horas de marcha en contra de la Barrick Gold"},"content":{"rendered":"\n<p>Melanie Cuevas (List\u00edn, 23-1-25)<\/p>\n\n\n\n<p>\u201cEl pueblo unido jam\u00e1s ser\u00e1 vencido\u201d. Adagio que dejaron de manifiesto en la\u00a0<strong>carretera de Maim\u00f3n-Cotu\u00ed\u00a0<\/strong>decenas de campesinos ayer en un viacrucis de exigencias por el pago justo de sus terrenos y en oposici\u00f3n a la\u00a0<strong>construcci\u00f3n\u00a0<\/strong>de una\u00a0<strong>nueva presa de colas\u00a0<\/strong>por la empresa minera\u00a0<strong>Barrick Gold Pueblo Viejo,<\/strong>\u00a0en<strong>\u00a0S\u00e1nchez Ram\u00edrez.<\/strong><\/p>\n\n\n\n<p>Mucho antes de que el sol saliera, comunitarios ya estaban listos con pancartas y c\u00e1nticos para recorrer alrededor de 31 kil\u00f3metros desde la<strong>\u00a0entrada de Maim\u00f3<\/strong>n hasta las\u00a0<strong>puertas de la Barrick,<\/strong>\u00a0donde se encontrar\u00edan con el grupo que a las 5:00 de la ma\u00f1ana sali\u00f3 desde\u00a0<strong>Cotu\u00ed<\/strong>.<\/p>\n\n\n\n<p>En la\u00a0<strong>marcha pac\u00edfica\u00a0<\/strong>que paraliz\u00f3 por completo el\u00a0<strong>tr\u00e1nsito vehicular<\/strong>\u00a0en la v\u00eda hasta pasada la 1:00 de la tarde, los\u00a0<strong>campesinos\u00a0<\/strong>externaron todos los reclamos en contra de la\u00a0<strong>multinacional canadiense<\/strong>\u00a0y el\u00a0<strong>Estado dominicano<\/strong>, tal como se\u00f1alaban en cada uno de sus cantos calificando al gobierno de \u201centreguista\u201d y solicitando la intervenci\u00f3n del\u00a0<strong>presidente Luis Abinader.<\/strong><\/p>\n\n\n\n<p>\u201cLa\u00a0<strong><a href=\"https:\/\/listindiario.com\/la-republica\/provincias\/20250113\/inicia-dialogo-desalojados-terrenos-sanchez-ramirez-ejecutivos-barrick-gold_841197.html\" target=\"_blank\" rel=\"noreferrer noopener\">Barrick\u00a0<\/a><\/strong>siendo una empresa sin principios y el\u00a0<strong>Estado abusador y violador de la ley<\/strong>\u00a0ha permitido que se incumplan todos los reglamentos y amenazantemente estableciendo que si los\u00a0<strong>campesinos\u00a0<\/strong>no dan su terreno y su activo lo van a someter a una utilidad p\u00fablica y yo le pido al pueblo y al pa\u00eds que evitemos esto\u201d, sostuvo Mart\u00edn Guzm\u00e1n, uno de los representantes de la comunidad en la\u00a0<strong>comisi\u00f3n<\/strong>\u00a0mediadora del di\u00e1logo entre las partes.<\/p>\n\n\n\n<p>Entre los citados atropellos que alegan ha cometido Barrick en su contra, indicaron que estos han excluido del censo a algunos residentes de los sectores afectados por la\u00a0<strong>construcci\u00f3n de la presa<\/strong>, puesto el d\u00eda que realizaron el registro los\u00a0<strong>moradores\u00a0<\/strong>se encontraban fuera de sus casas.<\/p>\n\n\n\n<p>\u201cEsta marcha es por la\u00a0<strong>reubicaci\u00f3n\u00a0<\/strong>de la\u00a0<strong>comunidad<\/strong>, porque le paguen de manera justa sus predios y sus cosechas y propiedades y porque adem\u00e1s sean resarcidos por los da\u00f1os que esta empresa asesina ha creado durante a\u00f1os y adem\u00e1s tienen que dotarlo de un medio de vida, no meterlos en un cementerio, no es meterlo en casucha que ni siquiera concibieron cl\u00ednicas o escuelas\u201d, asever\u00f3 Fernando Pe\u00f1a, representante de la comunidad y miembro del Observatorio de Pol\u00edticas P\u00fablicas de la Universidad Aut\u00f3noma de Santo Domingo (UASD).<\/p>\n\n\n\n<p>Denunciaron que la&nbsp;<strong>explotadora del metal precioso<\/strong>&nbsp;tambi\u00e9n construye un puente en la<strong>&nbsp;cabecera del r\u00edo El Naranjo<\/strong>, \u00fanico afluente desde el que reciben el agua mediante&nbsp;<strong>tuber\u00edas&nbsp;<\/strong>en sus hogares los residentes de&nbsp;<strong>Cotu\u00ed&nbsp;<\/strong>con el que realizan sus quehaceres, se asean y que se ve en peligro.<\/p>\n\n\n\n<p>A pesar de contar con representaci\u00f3n en las c\u00e1maras legislativas, presidiendo el senador de S\u00e1nchez Ram\u00edrez, Ricardo de los Santos, la C\u00e1mara Alta y con otros representantes como Sadoky Duarte, en la C\u00e1mara Baja, los comunitarios deploraron que estos se han convertido en \u201c<strong>defensores de la Barrick\u201d.<\/strong><\/p>\n\n\n\n<p>\u201c\u00bfDe qu\u00e9 lado est\u00e1n? De la&nbsp;<strong>Barrick Gold<\/strong>, no del pueblo dominicano\u2026 no queremos m\u00e1s miner\u00eda, no queremos m\u00e1s<strong>&nbsp;explotaci\u00f3n<\/strong>, porque nos van a dejar sin vida, sin agua, sin<strong>&nbsp;producci\u00f3n agr\u00edcola<\/strong>&nbsp;y sin nada\u201d, dijo Leonacia Ramos, l\u00edder comunitaria.&nbsp;<\/p>\n\n\n\n<h3 class=\"wp-block-heading\">la posici\u00f3n de barrick gold<\/h3>\n\n\n\n<p>De su lado,<strong>&nbsp;Pueblo Viejo&nbsp;<\/strong>emiti\u00f3 un comunicado ayer donde se\u00f1alaron que el dialogo se lleva a cabo entre&nbsp;<strong>entidades gubernamentales<\/strong>, la iglesia y los representantes de las comunidades para garantizar un<strong>&nbsp;proceso transparente<\/strong>&nbsp;e inclusivo, pero que hay un grupo de personas \u201cafectando el proceso y el progreso, negando as\u00ed a miembros de la comunidad una vivienda mejorada\u201d.<\/p>\n\n\n\n<p>\u201cLas afectaciones llevadas a cabo por estas personas incluyen t\u00e1cticas de\u00a0<strong>intimidaci\u00f3n\u00a0<\/strong>como<strong>\u00a0bloqueos ilegales de carreteras\u00a0<\/strong>y la limitaci\u00f3n del acceso a los terrenos con los que la empresa ya tiene contratos. Se sabe que este grupo no representa a la mayor\u00eda de la comunidad, sino que son las mismas personas que buscan lograr su propio beneficio\u201d, se\u00f1alan.<\/p>\n\n\n\n<p>Indicaron que a pesar de la situaci\u00f3n se encuentran en la disposici\u00f3n de dialogar e hicieron menci\u00f3n de aportes en la\u00a0<strong>educaci\u00f3n\u00a0<\/strong>y\u00a0<strong>acceso a electricidad<\/strong>\u00a0que ha realizado en sus a\u00f1os de operaci\u00f3n en<strong>\u00a0territorio dominicano.\u00a0<\/strong><\/p>\n\n\n\n<p>Oposici\u00f3n<\/p>\n\n\n\n<h3 class=\"wp-block-heading\">Reclamos de comunitarios&nbsp;<\/h3>\n\n\n\n<p><strong>Sectores apoyan.<\/strong><br>Diversos actores se trasladaron hasta Maim\u00f3n para ofrecer apoyo a los comunitarios, encontr\u00e1ndose entre estos el padre Rogelio Cruz, as\u00ed como los excandidatos presidenciales Virginia Antares de Opci\u00f3n Democr\u00e1tica y Roque Espaillat (El Cobrador) por el Partido Esperanza Democr\u00e1tica (PED), quienes mostraron su oposici\u00f3n a la construcci\u00f3n de la presa de cola por los efectos ambientales que esta genera.<br>De igual forma en la caminata participaron otros sacerdotes.<\/p>\n\n\n\n<p><\/p>\n","protected":false},"excerpt":{"rendered":"<p>Melanie Cuevas (List\u00edn, 23-1-25) \u201cEl pueblo unido jam\u00e1s ser\u00e1 vencido\u201d. Adagio que dejaron de manifiesto en la\u00a0carretera de Maim\u00f3n-Cotu\u00ed\u00a0decenas de campesinos ayer en un viacrucis de exigencias por el pago justo de sus terrenos y en oposici\u00f3n a la\u00a0construcci\u00f3n\u00a0de una\u00a0nueva presa de colas\u00a0por la empresa minera\u00a0Barrick Gold Pueblo Viejo,\u00a0en\u00a0S\u00e1nchez Ram\u00edrez. Mucho antes de que el [&hellip;]<\/p>\n","protected":false},"author":1,"featured_media":56821,"comment_status":"open","ping_status":"open","sticky":false,"template":"","format":"standard","meta":{"footnotes":""},"categories":[5,12],"tags":[],"class_list":["post-56820","post","type-post","status-publish","format-standard","has-post-thumbnail","hentry","category-nacionales","category-politica-3"],"_links":{"self":[{"href":"https:\/\/debateplural.net\/site\/wp-json\/wp\/v2\/posts\/56820"}],"collection":[{"href":"https:\/\/debateplural.net\/site\/wp-json\/wp\/v2\/posts"}],"about":[{"href":"https:\/\/debateplural.net\/site\/wp-json\/wp\/v2\/types\/post"}],"author":[{"embeddable":true,"href":"https:\/\/debateplural.net\/site\/wp-json\/wp\/v2\/users\/1"}],"replies":[{"embeddable":true,"href":"https:\/\/debateplural.net\/site\/wp-json\/wp\/v2\/comments?post=56820"}],"version-history":[{"count":1,"href":"https:\/\/debateplural.net\/site\/wp-json\/wp\/v2\/posts\/56820\/revisions"}],"predecessor-version":[{"id":56822,"href":"https:\/\/debateplural.net\/site\/wp-json\/wp\/v2\/posts\/56820\/revisions\/56822"}],"wp:featuredmedia":[{"embeddable":true,"href":"https:\/\/debateplural.net\/site\/wp-json\/wp\/v2\/media\/56821"}],"wp:attachment":[{"href":"https:\/\/debateplural.net\/site\/wp-json\/wp\/v2\/media?parent=56820"}],"wp:term":[{"taxonomy":"category","embeddable":true,"href":"https:\/\/debateplural.net\/site\/wp-json\/wp\/v2\/categories?post=56820"},{"taxonomy":"post_tag","embeddable":true,"href":"https:\/\/debateplural.net\/site\/wp-json\/wp\/v2\/tags?post=56820"}],"curies":[{"name":"wp","href":"https:\/\/api.w.org\/{rel}","templated":true}]}}