{"id":5684,"date":"2016-05-28T11:34:14","date_gmt":"2016-05-28T15:34:14","guid":{"rendered":"http:\/\/debateplural.com\/?p=5684"},"modified":"2016-06-23T13:36:08","modified_gmt":"2016-06-23T13:36:08","slug":"putin-el-despliegue-del-escudo-antimisiles-en-rumania-requerira-una-respuesta","status":"publish","type":"post","link":"https:\/\/debateplural.net\/site\/2016\/05\/28\/putin-el-despliegue-del-escudo-antimisiles-en-rumania-requerira-una-respuesta\/","title":{"rendered":"Putin: \"El despliegue del escudo antimisiles en Ruman\u00eda requerir\u00e1 una respuesta\""},"content":{"rendered":"<div id=\"attachment_2361\" style=\"width: 648px\" class=\"wp-caption aligncenter\"><img loading=\"lazy\" decoding=\"async\" aria-describedby=\"caption-attachment-2361\" class=\"size-full wp-image-2361\" src=\"http:\/\/tripletecnologia.com\/website\/debateplural\/wp-content\/uploads\/2016\/05\/vladimir-putin-asamblea-nacional-de-rusia-1.jpg\" alt=\"Vladimir Putin, asamblea nacional de Rusia\" width=\"638\" height=\"450\" \/><p id=\"caption-attachment-2361\" class=\"wp-caption-text\">Vladimir Putin, asamblea nacional de Rusia<\/p><\/div>\n<p style=\"text-align:justify;\">La instalaci\u00f3n de defensas antimisiles en Ruman\u00eda perjudica las relaciones entre<a href=\"http:\/\/localhost\/debateplural\/tag\/rusia\"> Rusia <\/a>y <a href=\"http:\/\/localhost\/debateplural\/tag\/europa\">Europa<\/a> y pone en peligro el potencial nuclear de Rusia, ha se\u00f1alado el presidente de Rusia, <a href=\"http:\/\/localhost\/debateplural\/tag\/vladimir-putin\">Vlad\u00edmir Putin<\/a>, tras reunirse con el primer ministro de Grecia, Alexis Tsipras, en Atenas, seg\u00fan\u00a0TASS.<!--more--><\/p>\n<p style=\"text-align:justify;\">Putin ha destacado que Rusia tendr\u00e1 que responder ante la amenaza de este escudo de antimisiles estadounidense cerca de sus fronteras \"para garantizar nuestra [de Rusia] seguridad\".<\/p>\n<h3 style=\"text-align:justify;\">Ruman\u00eda, \"en la mira\"<\/h3>\n<p style=\"text-align:justify;\">Seg\u00fan el presidente, Rusia pondr\u00e1 alguna parte de Ruman\u00eda \"en la mira\" despu\u00e9s de que en este pa\u00eds se instalaran parte del sistema de defensa antimisiles de <a href=\"http:\/\/localhost\/debateplural\/tag\/estados-unidos\">Estados Unidos<\/a>.<\/p>\n<p style=\"text-align:justify;\">\"Ahora tendremos que responder de manera apropiada. Y si ayer hab\u00eda partes del territorio de Ruman\u00eda que no sab\u00edan lo que significa estar en la mira, hoy vamos a tener que realizar ciertas acciones que garanticen nuestra seguridad\", ha afirmado el l\u00edder ruso, subrayando que se trata de una acci\u00f3n de defensa.<\/p>\n<h3 style=\"text-align:justify;\">Para que el escudo antimisiles de Ruman\u00eda se convierta en un arma contra Rusia solo hace falta cambiar el software<\/h3>\n<p style=\"text-align:justify;\">Putin tambi\u00e9n ha alertado que el escudo antimisil rumano puede ser usado como <a href=\"https:\/\/actualidad.rt.com\/actualidad\/207585-sistema-antimisiles-eeuu-europa-atacar-rusia\" target=\"_blank\" rel=\"up\">un arma contra Rusia<\/a>\u00a0\u00fanicamente cambiando el software:\u00a0\"Se trata de lanzadores y estaciones de radares. Hoy all\u00ed se est\u00e1n instalando misiles con un alcance de 500 kil\u00f3metros. Dentro de unos a\u00f1os ser\u00e1n misiles con un alcance de 1.000 kil\u00f3metros. Incluso sabemos la fecha en que ser\u00e1n puestos en servicio estos misiles.\u00a0\u00bfC\u00f3mo es posible que esto no nos ponga en peligro? Es evidente que es una amenaza directa para nuestras fuerzas nucleares\".<\/p>\n<p style=\"text-align:justify;\">\"Pero lo peor es que los sistemas de ataque pueden ser colocados en estos sistemas compactos ahora mismo. Y tienen un alcance de 2.400 kil\u00f3metros. Y no hay ninguna dificultad en reemplazar un misil por otro. Solo hay que cambiar el software. Nadie se dar\u00e1 cuenta. <strong>Ni siquiera los rumanos se dar\u00e1n cuenta<\/strong>\", ha agregado el presidente ruso.<\/p>\n<p>El presidente de Rusia ha dicho que Polonia podr\u00eda correr la misma suerte, ya que en ese pa\u00eds el 13 de mayo se inici\u00f3 la construcci\u00f3n del nuevo escudo antimisiles de la <a href=\"http:\/\/localhost\/debateplural\/tag\/otan\">OTAN<\/a>: \"Vamos a esperar a que se realicen ciertas acciones en Polonia, no vamos a hacer nada hasta que veamos los misiles en el territorio adyacente\".<\/p>\n<p>El l\u00edder ruso tambi\u00e9n ha se\u00f1alado que a pesar de que la amenaza nuclear iran\u00ed no existe Estados Unidos sigue desplegando el escudo antimisiles en Europa. \"Recuerdo que originalmente se hablaba de prevenir la amenaza iran\u00ed, se hablaba del programa nuclear de Ir\u00e1n, \u00bfd\u00f3nde est\u00e1 ahora? Ya no existe\", ha subrayado.<\/p>\n<p style=\"text-align:justify;\">Hace dos semanas, <a href=\"https:\/\/actualidad.rt.com\/actualidad\/207215-moscu-alarmarse-base-otan-rumania\" target=\"_blank\" rel=\"up\">entr\u00f3 en funcionamiento<\/a>\u00a0una nueva base de la OTAN\u00a0en Ruman\u00eda. En este contexto, Mosc\u00fa ha criticado la expansi\u00f3n del escudo de defensa de la alianza atl\u00e1ntica. La nueva base de la OTAN est\u00e1 situada en la localidad de Deveselu, en el sur del pa\u00eds, y supone la conclusi\u00f3n del plan de la OTAN para construir el escudo antimisiles en Europa del Este, un plan anunciado por primera vez por George W. Bush en 2007.<\/p>\n<h3 style=\"text-align:justify;\">Rusia espera \"medidas concretas\" de Turqu\u00eda sobre el caza ruso derribado por Ankara<\/h3>\n<p style=\"text-align:justify;\">En la rueda de prensa, el jefe de Estado ruso tambi\u00e9n ha remarcado que espera que Ankara tome alguna medida en relaci\u00f3n con el derribo de un avi\u00f3n militar ruso que el a\u00f1o pasado fue atacado por la Fuerza A\u00e9rea turca mientras participaba en el operativo antiterrorista en Siria. \"Estamos a la espera de medidas concretas por parte de ellos [en referencia a Turqu\u00eda]. Por ahora no existen\", ha se\u00f1alado.<\/p>\n<p style=\"text-align:justify;\">El 24 de noviembre de 2015, las Fuerzas Armadas de Turqu\u00eda\u00a0<a href=\"https:\/\/actualidad.rt.com\/themes\/192432-derribo-bombardero-ruso-su24-siria\" target=\"_blank\" rel=\"up\">derribaron<\/a>\u00a0a un caza ruso Su-24, al que acusaron de violar su espacio a\u00e9reo desde Siria.<\/p>\n","protected":false},"excerpt":{"rendered":"<p>La instalaci\u00f3n de defensas antimisiles en Ruman\u00eda perjudica las relaciones entre Rusia y Europa y pone en peligro el potencial nuclear de Rusia, ha se\u00f1alado el presidente de Rusia, Vlad\u00edmir Putin, tras reunirse con el primer ministro de Grecia, Alexis Tsipras, en Atenas, seg\u00fan\u00a0TASS.<\/p>\n","protected":false},"author":1,"featured_media":6400,"comment_status":"open","ping_status":"open","sticky":false,"template":"","format":"standard","meta":{"footnotes":""},"categories":[14,12],"tags":[8,67,38,40,42],"class_list":["post-5684","post","type-post","status-publish","format-standard","has-post-thumbnail","hentry","category-internacionales","category-politica-3","tag-estados-unidos","tag-europa","tag-otan","tag-rusia","tag-vladimir-putin"],"_links":{"self":[{"href":"https:\/\/debateplural.net\/site\/wp-json\/wp\/v2\/posts\/5684"}],"collection":[{"href":"https:\/\/debateplural.net\/site\/wp-json\/wp\/v2\/posts"}],"about":[{"href":"https:\/\/debateplural.net\/site\/wp-json\/wp\/v2\/types\/post"}],"author":[{"embeddable":true,"href":"https:\/\/debateplural.net\/site\/wp-json\/wp\/v2\/users\/1"}],"replies":[{"embeddable":true,"href":"https:\/\/debateplural.net\/site\/wp-json\/wp\/v2\/comments?post=5684"}],"version-history":[{"count":1,"href":"https:\/\/debateplural.net\/site\/wp-json\/wp\/v2\/posts\/5684\/revisions"}],"predecessor-version":[{"id":6401,"href":"https:\/\/debateplural.net\/site\/wp-json\/wp\/v2\/posts\/5684\/revisions\/6401"}],"wp:featuredmedia":[{"embeddable":true,"href":"https:\/\/debateplural.net\/site\/wp-json\/wp\/v2\/media\/6400"}],"wp:attachment":[{"href":"https:\/\/debateplural.net\/site\/wp-json\/wp\/v2\/media?parent=5684"}],"wp:term":[{"taxonomy":"category","embeddable":true,"href":"https:\/\/debateplural.net\/site\/wp-json\/wp\/v2\/categories?post=5684"},{"taxonomy":"post_tag","embeddable":true,"href":"https:\/\/debateplural.net\/site\/wp-json\/wp\/v2\/tags?post=5684"}],"curies":[{"name":"wp","href":"https:\/\/api.w.org\/{rel}","templated":true}]}}