{"id":56915,"date":"2025-02-04T15:36:32","date_gmt":"2025-02-04T19:36:32","guid":{"rendered":"https:\/\/debateplural.net\/site\/?p=56915"},"modified":"2025-02-05T12:24:54","modified_gmt":"2025-02-05T16:24:54","slug":"las-visitas-de-dos-secretarios-de-estado-norteamericanos-a-la-republica-dominicana","status":"publish","type":"post","link":"https:\/\/debateplural.net\/site\/2025\/02\/04\/las-visitas-de-dos-secretarios-de-estado-norteamericanos-a-la-republica-dominicana\/","title":{"rendered":"Las visitas de dos secretarios de Estado norteamericanos a la Rep\u00fablica Dominicana"},"content":{"rendered":"\n<p>Por: \u00c1ngel Moreta (Autor-Editor)<\/p>\n\n\n\n<p>En los meses de noviembre 2024 y febrero 2025 se produjeron sendas visitas de dos Secretarios de Estado (de relaciones exteriores) norteamericanos a la Rep\u00fablica Dominicana; ellos fueron Anthony Blinken, canciller del gobierno de Biden, y el Secretario de Estado Marco Rubio, representante del gobierno de Donald Trump.<\/p>\n\n\n\n<p>El primer Secretario de Estado de Estados Unidos hizo su viaje primero a Hait\u00ed y d\u00edas despu\u00e9s aterriz\u00f3 en la Rep\u00fablica Dominicana. El segundo Secretario de Estado, Marco Rubio, hizo su viaje a la Rep\u00fablica Dominicana viniendo desde la Rep\u00fablica de Panam\u00e1.<\/p>\n\n\n\n<p>Indudablemente ambos funcionarios trajeron respectivamente un paquete de recomendaciones para \u201crecomendar\u201d al gobernante dominicano Luis Abinader, para que sean ejecutadas. El primero visit\u00f3 r\u00e1pidamente de un d\u00eda para otro el territorio nacional, y el segundo en los primeros d\u00edas del mes de febrero del corriente a\u00f1o 2025.<\/p>\n\n\n\n<figure class=\"wp-block-image size-full\"><a href=\"https:\/\/debateplural.net\/site\/wp-content\/uploads\/2021\/03\/55715737_303.jpg\"><img loading=\"lazy\" decoding=\"async\" width=\"700\" height=\"394\" src=\"https:\/\/debateplural.net\/site\/wp-content\/uploads\/2021\/03\/55715737_303.jpg\" alt=\"\" class=\"wp-image-45620\" srcset=\"https:\/\/debateplural.net\/site\/wp-content\/uploads\/2021\/03\/55715737_303.jpg 700w, https:\/\/debateplural.net\/site\/wp-content\/uploads\/2021\/03\/55715737_303-300x169.jpg 300w\" sizes=\"(max-width: 700px) 100vw, 700px\" \/><\/a><\/figure>\n\n\n\n<p>Blinken se comport\u00f3 como un pro-c\u00f3nsul que viene de Roma a imponer al gobierno dominicano un paquete de consideraciones, de cuya agenda nadie se enter\u00f3, pero que indudablemente estaba relacionada con la Rep\u00fablica de Hait\u00ed, la guerra de Ucrania, las b\u00e1rbaras agresiones israel\u00edes contra el pueblo palestino y otros temas como el de Venezuela y el presidente Nicol\u00e1s Maduro, es decir, una agenda del momento, para el afianzamiento del poder\u00edo imperial mediante las malas relaciones con la Rep\u00fablica Popular de China.<\/p>\n\n\n\n<p>Y no pod\u00eda ser para menos porque EU est\u00e1 y estaba embarcado en la profundizaci\u00f3n de tales temas, para consolidar el dominio en El Caribe de los Estados Unidos, apartando al pa\u00eds euroasi\u00e1tico de los intereses norteamericanos, recomendando en su maleta de proyectos y directrices imperiales lo que conviene a los Estados Unidos.&nbsp;&nbsp;&nbsp; &nbsp;&nbsp;<\/p>\n\n\n\n<p>En cuanto al segundo canciller llega al pa\u00eds relumbrante y tambi\u00e9n con su paquete de directrices. Marco Rubio se presenta ahora como gran amigo de la Rep\u00fablica Dominicana y trae tambi\u00e9n directrices a seguir con algunos delos problemas de la regi\u00f3n de El Caribe, en cuyas l\u00edneas aparece fundamentalmente el tema de Nicol\u00e1s Maduro y Venezuela, pa\u00eds petrolero que en los d\u00edas del cambio de presidente de los Estados Unidos, Donald Trump, asumi\u00f3 una doble posici\u00f3n. Por un lado, enemigo de Venezuela; por otro lado, amigo de Venezuela, para lo cual envi\u00f3 a Venezuela al se\u00f1or Richard Grenell, que aparece en los medios de comunicaci\u00f3n como un emp\u00e1tico de la situaci\u00f3n de aquel pa\u00eds.<\/p>\n\n\n\n<figure class=\"wp-block-image size-large is-resized\"><a href=\"https:\/\/debateplural.net\/site\/wp-content\/uploads\/2025\/02\/Marco-Rubio.jpg\"><img loading=\"lazy\" decoding=\"async\" width=\"1024\" height=\"577\" src=\"https:\/\/debateplural.net\/site\/wp-content\/uploads\/2025\/02\/Marco-Rubio-1024x577.jpg\" alt=\"\" class=\"wp-image-56902\" style=\"width:758px;height:auto\" srcset=\"https:\/\/debateplural.net\/site\/wp-content\/uploads\/2025\/02\/Marco-Rubio-1024x577.jpg 1024w, https:\/\/debateplural.net\/site\/wp-content\/uploads\/2025\/02\/Marco-Rubio-300x169.jpg 300w, https:\/\/debateplural.net\/site\/wp-content\/uploads\/2025\/02\/Marco-Rubio-768x433.jpg 768w, https:\/\/debateplural.net\/site\/wp-content\/uploads\/2025\/02\/Marco-Rubio-810x456.jpg 810w, https:\/\/debateplural.net\/site\/wp-content\/uploads\/2025\/02\/Marco-Rubio.jpg 1104w\" sizes=\"(max-width: 1024px) 100vw, 1024px\" \/><\/a><\/figure>\n\n\n\n<p>De este modo el presidente Donald Trump plantea una doble pol\u00edtica: la de amistad hacia los poderes pol\u00edticos de Venezuela; y por otro lado, las expresiones de Marco Rubio difamando y detractando a la Rep\u00fablica Bolivariana de Venezuela. Denostaciones muy cr\u00edticas hacia la dirigencia venezolana. Ha dicho Marco Rubio que los Estados Unidos van a destruir la econom\u00eda de aquel pa\u00eds, y que por las buenas o las malas los Estados Unidos van a derrocar el gobierno de Venezuela.<\/p>\n\n\n\n<p>Una posici\u00f3n burlesca, que obedece a las directrices pol\u00edticas que se expresaron en contradicciones con las econom\u00edas y el poder pol\u00edtico de Am\u00e9rica Latina. Verdadera payasada\u2026<\/p>\n\n\n\n<p>As\u00ed, se hizo presente la pol\u00e9mica entre Gustavo Petro y el nuevo gobernante norteamericano, teniendo Petro que poner en su lugar los anuncios del presidente de Estados Unidos con respecto a las migraciones del continente hacia los Estados Unidos. As\u00ed va a ser necesario tambi\u00e9n justificar la subida de aranceles que sufrir\u00e1n M\u00e9xico y Canad\u00e1, ascendentes a un 25 % de todos los valores mercantiles exportados a los Estados Unidos.<\/p>\n\n\n\n<p><em>De Marco Rubio solamente podemos esperar la visi\u00f3n trumpista de las migraciones a trav\u00e9s de la frontera de los Estados Unidos norte y sur; la enemistad radical hacia Venezuela; la propaganda de que Marco Rubio es un verdadero y falso amigo de los dominicanos; y la justificaci\u00f3n de un tema que no tiene justificaci\u00f3n, <\/em><strong><em>como el caso de las tres naves acu\u00e1ticas y a\u00e9reas que los Estados Unidos han robado a otros pa\u00edses y las han trasladado al territorio norteamericano, que tienen un valor aproximadamente de m\u00e1s de 125 millones de pesos dominicanos, moneda de curso legal.&nbsp; &nbsp;<\/em>&nbsp;<\/strong>&nbsp;&nbsp;&nbsp;&nbsp;&nbsp;&nbsp;&nbsp;&nbsp;&nbsp;&nbsp;&nbsp;<\/p>\n\n\n\n<figure class=\"wp-block-image size-large is-resized\"><a href=\"https:\/\/debateplural.net\/site\/wp-content\/uploads\/2025\/01\/Richard-Grenell-1.jpg\"><img loading=\"lazy\" decoding=\"async\" width=\"1024\" height=\"576\" src=\"https:\/\/debateplural.net\/site\/wp-content\/uploads\/2025\/01\/Richard-Grenell-1-1024x576.jpg\" alt=\"\" class=\"wp-image-56846\" style=\"width:764px;height:auto\" srcset=\"https:\/\/debateplural.net\/site\/wp-content\/uploads\/2025\/01\/Richard-Grenell-1-1024x576.jpg 1024w, https:\/\/debateplural.net\/site\/wp-content\/uploads\/2025\/01\/Richard-Grenell-1-300x169.jpg 300w, https:\/\/debateplural.net\/site\/wp-content\/uploads\/2025\/01\/Richard-Grenell-1-768x432.jpg 768w, https:\/\/debateplural.net\/site\/wp-content\/uploads\/2025\/01\/Richard-Grenell-1-1536x864.jpg 1536w, https:\/\/debateplural.net\/site\/wp-content\/uploads\/2025\/01\/Richard-Grenell-1-810x456.jpg 810w, https:\/\/debateplural.net\/site\/wp-content\/uploads\/2025\/01\/Richard-Grenell-1-1140x641.jpg 1140w, https:\/\/debateplural.net\/site\/wp-content\/uploads\/2025\/01\/Richard-Grenell-1.jpg 1920w\" sizes=\"(max-width: 1024px) 100vw, 1024px\" \/><\/a><\/figure>\n\n\n\n<p>Pero adem\u00e1s Marco Rubio tratar\u00e1 el tema de la migraci\u00f3n de latinoamericanos hacia los Estados Unidos para pedir asilo pol\u00edtico por aquellas personas que como los haitianos pueden alegar la falta de nacionalidad o de ciudadan\u00eda. En todos estos casos Rubio viene con la posici\u00f3n imperial de hacer cada vez m\u00e1s dif\u00edcil la permanencia de ciudadanos extranjeros en los Estados Unidos.<\/p>\n\n\n\n<p>Como dice Ociel Al\u00ed L\u00f3pez en su art\u00edculo del 31 de enero del a\u00f1o 2025, refiri\u00e9ndose a Marco Rubio y se public\u00f3 en Debate Plural el 3 de febrero 2025:<\/p>\n\n\n\n<p>\"El objetivo de la gira parece ser muy claro. Rubio va a tratar de abrir todos los ductos para poder cumplir con las tan prometidas\u00a0<a href=\"https:\/\/actualidad.rt.com\/actualidad\/538662-quienes-son-deportados-colombianos-trump\" target=\"_blank\" rel=\"noreferrer noopener\">deportaciones masivas<\/a>\u00a0que incisivamente ofert\u00f3, el entonces candidato Trump, durante la campa\u00f1a\".<\/p>\n\n\n\n<p>\"Trump est\u00e1 demostrando, con hechos, que su idea de \u00abresolver el problema de la migraci\u00f3n\u00bb no era una simple promesa electoral que r\u00e1pidamente olvidar\u00eda, sino que la ha convertido en el anatema del arranque de su gesti\u00f3n, con el cual quiere construir victorias tempranas a costa de\u00a0<strong>ejercer la mano m\u00e1s dura y m\u00e1s larga en contra de los migrantes<\/strong>, especialmente de los\u00a0<strong>latinos<\/strong>, y caribe\u00f1os haitianos\".<\/p>\n\n\n\n<figure class=\"wp-block-image size-full\"><a href=\"https:\/\/debateplural.net\/site\/wp-content\/uploads\/2025\/01\/Trump-1-1.png\"><img loading=\"lazy\" decoding=\"async\" width=\"600\" height=\"403\" src=\"https:\/\/debateplural.net\/site\/wp-content\/uploads\/2025\/01\/Trump-1-1.png\" alt=\"\" class=\"wp-image-56808\" srcset=\"https:\/\/debateplural.net\/site\/wp-content\/uploads\/2025\/01\/Trump-1-1.png 600w, https:\/\/debateplural.net\/site\/wp-content\/uploads\/2025\/01\/Trump-1-1-300x202.png 300w\" sizes=\"(max-width: 600px) 100vw, 600px\" \/><\/a><\/figure>\n\n\n\n<p>Como dice el autor, se trata de aplicar mano dura a los migrantes en Centroam\u00e9rica y M\u00e9xico, es decir, una pol\u00edtica que luego olvidar\u00e1 porque es agresiva, violenta y discriminatoria. Porque el mismo Donald Trump ha proclamado que piensa recuperar el canal de Panam\u00e1, o \u201calgo muy gordo va a pasar, seg\u00fan advirti\u00f3 en declaraciones hechas justamente cuando su Secretario de Estado Marco Rubio lleg\u00f3 en visita oficial a Panam\u00e1\u201d.<\/p>\n\n\n\n<p><em>En esa ocasi\u00f3n el presidente Trump acus\u00f3 a Panam\u00e1 de haber violado los tratados Torrijos-Carter suscritos el 7 de septiembre de 1977 entre el entonces presidente de Estados Unidos Jimmy Carter, que establecieron la transferencia progresiva del canal de Panam\u00e1 y sus zonas adyacentes de manos estadounidenses a control paname\u00f1o, poniendo fin a casi un siglo de presencia y administraci\u00f3n de los Estados Unidos sobre la v\u00eda interoce\u00e1nica.<\/em><\/p>\n\n\n\n<p>El problema para Trump es recuperar el canal, ignorando los tratados Torrijos-Carter, utilizando la v\u00eda de la violencia militar, y si es posible de la agresi\u00f3n armada convertida en intervenci\u00f3n. El otro problema es China y Donald Trump \u201creiter\u00f3 que este pa\u00eds est\u00e1 gestionando el canal, que nunca fue dado a China, sino dado tontamente a los paname\u00f1os\u201d.<\/p>\n\n\n\n<p>Aqu\u00ed aparece la figura del presidente invasor que no reconoce los tratados firmados entre Panam\u00e1 y Estados Unidos. El canal es totalmente paname\u00f1o y con raz\u00f3n manifestantes paname\u00f1os se organizaron y gritaron con toda fuerza \u201cfuera Marco Rubio de Panam\u00e1\u201d, \u201cviva la soberan\u00eda nacional\u201d y \u201cun solo territorio una sola bandera\u201d, mientras se llevaba a cabo la reuni\u00f3n entre el se\u00f1or Rubio y el presidente de Panam\u00e1.<\/p>\n\n\n\n<p>La presi\u00f3n ha sido tan fuerte que el presidente de Panam\u00e1, al principio muy erguido, posteriormente cedi\u00f3, al parecer, en dicha reuni\u00f3n, aunque algunos quemaron una pancarta con im\u00e1genes de Donald Trump y Marco Rubio antes de ser detenidos por la polic\u00eda antidisturbios, cerca del palacio presidencial.<\/p>\n\n\n\n<p><em>Probablemente Donald Trump haya conseguido que se reconozca que el canal de Panam\u00e1 fue transferido a la Rep\u00fablica de Panam\u00e1 para el pueblo de Panam\u00e1, y no de los chinos. Pero se sobreentiende que siendo el canal trasferido a Panam\u00e1, bien podr\u00edan los paname\u00f1os cederlos a cualquier otro pa\u00eds o a cualquier otra potencia. Porque el canal es propiedad de los paname\u00f1os desde 1977 cuando se producen los hist\u00f3ricos acuerdos Torrijos-Carter. \u00a0\u00a0\u00a0\u00a0\u00a0<\/em>\u00a0\u00a0\u00a0\u00a0\u00a0\u00a0\u00a0<\/p>\n","protected":false},"excerpt":{"rendered":"<p>Por: \u00c1ngel Moreta (Autor-Editor) En los meses de noviembre 2024 y febrero 2025 se produjeron sendas visitas de dos Secretarios de Estado (de relaciones exteriores) norteamericanos a la Rep\u00fablica Dominicana; ellos fueron Anthony Blinken, canciller del gobierno de Biden, y el Secretario de Estado Marco Rubio, representante del gobierno de Donald Trump. El primer Secretario [&hellip;]<\/p>\n","protected":false},"author":2,"featured_media":56916,"comment_status":"open","ping_status":"open","sticky":false,"template":"","format":"standard","meta":{"footnotes":""},"categories":[5,12],"tags":[],"class_list":["post-56915","post","type-post","status-publish","format-standard","has-post-thumbnail","hentry","category-nacionales","category-politica-3"],"_links":{"self":[{"href":"https:\/\/debateplural.net\/site\/wp-json\/wp\/v2\/posts\/56915"}],"collection":[{"href":"https:\/\/debateplural.net\/site\/wp-json\/wp\/v2\/posts"}],"about":[{"href":"https:\/\/debateplural.net\/site\/wp-json\/wp\/v2\/types\/post"}],"author":[{"embeddable":true,"href":"https:\/\/debateplural.net\/site\/wp-json\/wp\/v2\/users\/2"}],"replies":[{"embeddable":true,"href":"https:\/\/debateplural.net\/site\/wp-json\/wp\/v2\/comments?post=56915"}],"version-history":[{"count":2,"href":"https:\/\/debateplural.net\/site\/wp-json\/wp\/v2\/posts\/56915\/revisions"}],"predecessor-version":[{"id":56933,"href":"https:\/\/debateplural.net\/site\/wp-json\/wp\/v2\/posts\/56915\/revisions\/56933"}],"wp:featuredmedia":[{"embeddable":true,"href":"https:\/\/debateplural.net\/site\/wp-json\/wp\/v2\/media\/56916"}],"wp:attachment":[{"href":"https:\/\/debateplural.net\/site\/wp-json\/wp\/v2\/media?parent=56915"}],"wp:term":[{"taxonomy":"category","embeddable":true,"href":"https:\/\/debateplural.net\/site\/wp-json\/wp\/v2\/categories?post=56915"},{"taxonomy":"post_tag","embeddable":true,"href":"https:\/\/debateplural.net\/site\/wp-json\/wp\/v2\/tags?post=56915"}],"curies":[{"name":"wp","href":"https:\/\/api.w.org\/{rel}","templated":true}]}}