{"id":57440,"date":"2025-03-24T12:48:51","date_gmt":"2025-03-24T16:48:51","guid":{"rendered":"https:\/\/debateplural.net\/site\/?p=57440"},"modified":"2025-03-24T12:48:53","modified_gmt":"2025-03-24T16:48:53","slug":"la-otan-europea-enloquece-y-se-suma-a-la-guerra-contra-rusia","status":"publish","type":"post","link":"https:\/\/debateplural.net\/site\/2025\/03\/24\/la-otan-europea-enloquece-y-se-suma-a-la-guerra-contra-rusia\/","title":{"rendered":"La OTAN europea enloquece y se suma a la guerra contra Rusia"},"content":{"rendered":"\n<p>Umberto Mazzei (Aporrea, 24-3-25)<\/p>\n\n\n\n<p>Hace un par de d\u00edas tuvo lugar la cumbre europea de la OTAN para tratar de un tema te\u00f3rico, visto que solo Ucrania acord\u00f3 con Estados Unidos una tregua en el frente ucraniano. Rusia solo dijo que pod\u00eda lograrse conalgunos matices. Pero entre los rus\u00f3fobos de la OTAN la opini\u00f3n de Rusia no importa mucho; porque para ellos solo cuenta lo que quiere Zelensky.<\/p>\n\n\n\n<p>Solo el pr\u00f3ximo lunes 24 va a tener lugar un encuentro entre Estados Unidos y Rusia con presencia de la parte ucraniana para negociar una paz. El pasado s\u00e1bado Trump confirm\u00f3 que el ej\u00e9rcito que invadi\u00f3 Kursk estaba rodeado y deb\u00eda deponer las armas y pid\u00edo en p\u00fablico a Putin que tuviera clemencia con las tropas que quedaron dentro del bols\u00f3n. Putin respondi\u00f3 que la clemencia rusa se refer\u00eda solo a las tropas ucranianas; esa precisaci\u00f3n no augura nada bueno para lasnumerosas tropas regulares de la OTAN que participaron con uniforme ucraniano en esa invasi\u00f3n de la provincia rusa de Kursk. La inesperada solicitud de<\/p>\n\n\n\n<p>Trump hace presumir que entre las tropas aisladas en el bols\u00f3n que se form\u00f3 mientras escapaban de vuelta al territorio ucraniano debe haber muchos mercenarios originarios del ej\u00e9rcito norteamericanos que fueron enviados a participar en esa invasi\u00f3n del territorio ruso en un intento de capturar la central nuclear e Kursk que sedecid\u00f3 en la \u00e9poca del Presidente Joe Biden.<\/p>\n\n\n\n<p>Los jefes e estado mayor de los pa\u00edses europeos de la OTAN reunidos en Bruselas decidieron que van a acumular armamento y tropas en Polonia y Rumania para provocar a Rusia con una intervenci\u00f3n militar por tierra mar y aire con el ostensible pretexto de sostener una teorica tregua de la que Rusia a\u00fan no es parte. La OTAN ante el inminente colapso del r\u00e9gimen de Zelensky quiere correr tardiamente a sl varlo a\u00fan con el riesgo de desencadenar partiendo del territorio europeo una tercera guerra mundial que ya Trump esquiv\u00f3 declarando que las tropas europeas que ingresen en Ucrania para apoyar a Zelensky no gozan de la protecci\u00f3n del Art\u00edculo 5 de la OTAN; Eso quiere decir que lo que los socios europeos que quieren guerra con Rusia la obtendr\u00e1n pero sin apoyo norteamericano. En Ucrania los rusos han limitado el ejercicio de supoder b\u00e9lico porque luchan contra un pueblo hermano con el que hay mucha parentela;pero cundo luchen contra los rus\u00f3fobos europeos de la OTAN no van a tener esas cosideraciones; por eso es probable que el engreimiento de los enanos militares europeos sea castigado con toda la furia guerrera de Rusia; algo que los alemanes y franceses que alguna vez lucharon contra los ruso,parecen haber olvidado en estos \u00faltimos 70 a\u00f1os. Los norteamericanos han preferido abstenerse de aprender esa lecci\u00f3n.<\/p>\n","protected":false},"excerpt":{"rendered":"<p>Umberto Mazzei (Aporrea, 24-3-25) Hace un par de d\u00edas tuvo lugar la cumbre europea de la OTAN para tratar de un tema te\u00f3rico, visto que solo Ucrania acord\u00f3 con Estados Unidos una tregua en el frente ucraniano. Rusia solo dijo que pod\u00eda lograrse conalgunos matices. Pero entre los rus\u00f3fobos de la OTAN la opini\u00f3n de [&hellip;]<\/p>\n","protected":false},"author":1,"featured_media":57441,"comment_status":"open","ping_status":"open","sticky":false,"template":"","format":"standard","meta":{"footnotes":""},"categories":[14,12],"tags":[],"class_list":["post-57440","post","type-post","status-publish","format-standard","has-post-thumbnail","hentry","category-internacionales","category-politica-3"],"_links":{"self":[{"href":"https:\/\/debateplural.net\/site\/wp-json\/wp\/v2\/posts\/57440"}],"collection":[{"href":"https:\/\/debateplural.net\/site\/wp-json\/wp\/v2\/posts"}],"about":[{"href":"https:\/\/debateplural.net\/site\/wp-json\/wp\/v2\/types\/post"}],"author":[{"embeddable":true,"href":"https:\/\/debateplural.net\/site\/wp-json\/wp\/v2\/users\/1"}],"replies":[{"embeddable":true,"href":"https:\/\/debateplural.net\/site\/wp-json\/wp\/v2\/comments?post=57440"}],"version-history":[{"count":1,"href":"https:\/\/debateplural.net\/site\/wp-json\/wp\/v2\/posts\/57440\/revisions"}],"predecessor-version":[{"id":57442,"href":"https:\/\/debateplural.net\/site\/wp-json\/wp\/v2\/posts\/57440\/revisions\/57442"}],"wp:featuredmedia":[{"embeddable":true,"href":"https:\/\/debateplural.net\/site\/wp-json\/wp\/v2\/media\/57441"}],"wp:attachment":[{"href":"https:\/\/debateplural.net\/site\/wp-json\/wp\/v2\/media?parent=57440"}],"wp:term":[{"taxonomy":"category","embeddable":true,"href":"https:\/\/debateplural.net\/site\/wp-json\/wp\/v2\/categories?post=57440"},{"taxonomy":"post_tag","embeddable":true,"href":"https:\/\/debateplural.net\/site\/wp-json\/wp\/v2\/tags?post=57440"}],"curies":[{"name":"wp","href":"https:\/\/api.w.org\/{rel}","templated":true}]}}