{"id":57519,"date":"2025-04-01T15:31:13","date_gmt":"2025-04-01T19:31:13","guid":{"rendered":"https:\/\/debateplural.net\/site\/?p=57519"},"modified":"2025-04-01T15:31:14","modified_gmt":"2025-04-01T19:31:14","slug":"buscan-los-globalistas-la-iii-guerra-mundial","status":"publish","type":"post","link":"https:\/\/debateplural.net\/site\/2025\/04\/01\/buscan-los-globalistas-la-iii-guerra-mundial\/","title":{"rendered":"\u00bfBuscan los globalistas la III Guerra Mundial?"},"content":{"rendered":"\n<p>Germ\u00e1n Gorr\u00e1iz L\u00f3pez (Aporrea, 1-4-25)<\/p>\n\n\n\n<p>Los globalistas del Club de las Islas no aceptan un Acuerdo de Paz con Putin pues \"Rusia es la ballena blanca que llevan a\u00f1os intentando atrapar\".As\u00ed, bajo la direcci\u00f3n de George Soros, estar\u00edan planeando un ataque de falsa bandera para que la OTAN declare la guerra abierta a Rusia, lo que ser\u00eda el inicio de la III Guerra Mundial.<\/p>\n\n\n\n<p>Plan Rearm Europe<\/p>\n\n\n\n<p>Las \u00e9lites europeas est\u00e1n inquietas porque la carest\u00eda de la vida, la recesi\u00f3n econ\u00f3mica y al derrumbamiento del castillo de naipes del Estado de bienestar podr\u00edan hacer oscilar en sus valores el entramado socioecon\u00f3mico que tanto les cost\u00f3 edificar. En consecuencia, han decidido armarse hasta los dientes y declarar la guerra a Rusia con el objetivo secreto de militarizar la vida p\u00fablica y acabar con los derechos civiles.<\/p>\n\n\n\n<p>Rusia y la doctrina Kennan<\/p>\n\n\n\n<p>La guerra de Ucrania habr\u00eda significado el retorno a la Guerra Fr\u00eda entre Rusia y EEUU y el retorno a la Doctrina de la Contenci\u00f3n, cuyas bases fueron expuestas por George F. Kennan en su ensayo \u00abLas fuentes del comportamiento sovi\u00e9tico\u00bb, publicado en la revista Foreign Affairs en 1947 y cuyas ideas principales se resumen en la cita \u00abel poder sovi\u00e9tico es impermeable a la l\u00f3gica de la raz\u00f3n pero muy sensible a la l\u00f3gica de la fuerza\u00bb.<\/p>\n\n\n\n<p>Siguiendo la doctrina de Kennan, la \u00e9lite europea encabezada por Macron, Starmer, Merz y Von der Leyen estar\u00eda preparando una guerra nuclear de baja intensidad contra Rusia mediante el uso de armas nucleares \u00abno estrat\u00e9gicas\u00bb, tambi\u00e9n conocidas como \u00abarmas nucleares t\u00e1cticas\u00bb, seg\u00fan la Nuclear Threat Initiative (NTI) y de las cuales Rusia poseer\u00eda cerca de 1.800 ojivas y la OTAN tendr\u00eda desplegadas en Europa 250 ojivas.<\/p>\n\n\n\n<p>Las ojivas t\u00e1cticas se refieren a las dise\u00f1adas para usarse en un campo de batalla limitado, por ejemplo, para destruir una columna de tanques o un grupo de batalla de portaaviones si se usan en el mar, por lo que tambi\u00e9n son conocidas como de \u00abbajo rendimiento\u00bb.<\/p>\n\n\n\n<p>Sin embargo, seg\u00fan Union of Concerned Scientists (Uni\u00f3n de Cient\u00edficos Preocupados), una simulaci\u00f3n de la Universidad de Princeton de un conflicto entre Estados Unidos y Rusia que comienza con el uso de un arma nuclear t\u00e1ctica predice \u00abuna escalada r\u00e1pida que dejar\u00eda m\u00e1s de 90 millones de muertos y heridos\u00bb.<\/p>\n\n\n\n<p>Hacia la III Guerra Mundial?<\/p>\n\n\n\n<p>Brzezinski, en su libro \u00abEntre dos edades: El papel de Estados Unidos en la era tecnotr\u00f3nica\u00bb (1.971), indica que \u00abha llegado la era de reequilibrar el poder mundial, poder que debe pasar a manos de un nuevo orden pol\u00edtico global basado en un v\u00ednculo econ\u00f3mico trilateral entre Jap\u00f3n, Europa y Estados Unidos\u00bb.<\/p>\n\n\n\n<p>Dicha doctrina implicar\u00eda el sometimiento de Rusia y China e incluir\u00eda la posibilidad de un ataque nuclear rel\u00e1mpago y sin previo aviso por parte de EEUU utilizando misiles Trident II contra objetivos vitales rusos y chinos, ataque que sin embargo podr\u00eda desembocar en una conflagraci\u00f3n mundial de consecuencias imprevisibles para la especie humana y el futuro del planeta.<\/p>\n\n\n\n<p>As\u00ed, seg\u00fan un estudio publicado en la revista Nature, un conflicto nuclear entre Estados Unidos y Rusia causar\u00eda la muerte de m\u00e1s de 5.000 millones de personas en los dos a\u00f1os siguientes al impacto y la mayor\u00eda de las v\u00edctimas ser\u00edan provocadas por el posterior invierno nuclear.<\/p>\n","protected":false},"excerpt":{"rendered":"<p>Germ\u00e1n Gorr\u00e1iz L\u00f3pez (Aporrea, 1-4-25) Los globalistas del Club de las Islas no aceptan un Acuerdo de Paz con Putin pues \"Rusia es la ballena blanca que llevan a\u00f1os intentando atrapar\".As\u00ed, bajo la direcci\u00f3n de George Soros, estar\u00edan planeando un ataque de falsa bandera para que la OTAN declare la guerra abierta a Rusia, lo [&hellip;]<\/p>\n","protected":false},"author":1,"featured_media":57491,"comment_status":"open","ping_status":"open","sticky":false,"template":"","format":"standard","meta":{"footnotes":""},"categories":[14,12],"tags":[],"class_list":["post-57519","post","type-post","status-publish","format-standard","has-post-thumbnail","hentry","category-internacionales","category-politica-3"],"_links":{"self":[{"href":"https:\/\/debateplural.net\/site\/wp-json\/wp\/v2\/posts\/57519"}],"collection":[{"href":"https:\/\/debateplural.net\/site\/wp-json\/wp\/v2\/posts"}],"about":[{"href":"https:\/\/debateplural.net\/site\/wp-json\/wp\/v2\/types\/post"}],"author":[{"embeddable":true,"href":"https:\/\/debateplural.net\/site\/wp-json\/wp\/v2\/users\/1"}],"replies":[{"embeddable":true,"href":"https:\/\/debateplural.net\/site\/wp-json\/wp\/v2\/comments?post=57519"}],"version-history":[{"count":1,"href":"https:\/\/debateplural.net\/site\/wp-json\/wp\/v2\/posts\/57519\/revisions"}],"predecessor-version":[{"id":57520,"href":"https:\/\/debateplural.net\/site\/wp-json\/wp\/v2\/posts\/57519\/revisions\/57520"}],"wp:featuredmedia":[{"embeddable":true,"href":"https:\/\/debateplural.net\/site\/wp-json\/wp\/v2\/media\/57491"}],"wp:attachment":[{"href":"https:\/\/debateplural.net\/site\/wp-json\/wp\/v2\/media?parent=57519"}],"wp:term":[{"taxonomy":"category","embeddable":true,"href":"https:\/\/debateplural.net\/site\/wp-json\/wp\/v2\/categories?post=57519"},{"taxonomy":"post_tag","embeddable":true,"href":"https:\/\/debateplural.net\/site\/wp-json\/wp\/v2\/tags?post=57519"}],"curies":[{"name":"wp","href":"https:\/\/api.w.org\/{rel}","templated":true}]}}