{"id":5752,"date":"2016-06-02T11:07:50","date_gmt":"2016-06-02T15:07:50","guid":{"rendered":"http:\/\/debateplural.com\/?p=5752"},"modified":"2016-06-23T13:35:03","modified_gmt":"2016-06-23T13:35:03","slug":"evo-morales-concede-una-entrevista-exclusiva-a-sputnik-lea-mas-en-httpmundo-sputniknews-comamericalatina201606021060332067morales-entrevista-exclusiva-htmlixzz4aqyawgx4","status":"publish","type":"post","link":"https:\/\/debateplural.net\/site\/2016\/06\/02\/evo-morales-concede-una-entrevista-exclusiva-a-sputnik-lea-mas-en-httpmundo-sputniknews-comamericalatina201606021060332067morales-entrevista-exclusiva-htmlixzz4aqyawgx4\/","title":{"rendered":"Evo Morales concede una entrevista exclusiva a Sputnik"},"content":{"rendered":"<div id=\"attachment_2149\" style=\"width: 715px\" class=\"wp-caption aligncenter\"><img loading=\"lazy\" decoding=\"async\" aria-describedby=\"caption-attachment-2149\" class=\"size-full wp-image-2149\" src=\"http:\/\/tripletecnologia.com\/website\/debateplural\/wp-content\/uploads\/2016\/06\/presidente-ruso-vladc3admir-putin-y-el-mandatario-boliviano-evo-morales-en-el-marco-del-foro-de-pac3adses-exportadores-de-gas-1.jpg\" alt=\"Presidente ruso Vlad\u00edmir Putin y el mandatario boliviano Evo Morales en el marco del foro de Pa\u00edses Exportadores de Gas\" width=\"705\" height=\"397\" \/><p id=\"caption-attachment-2149\" class=\"wp-caption-text\">Presidente ruso Vlad\u00edmir Putin y el mandatario boliviano Evo Morales en el marco del foro de Pa\u00edses Exportadores de Gas<\/p><\/div>\n<p class=\"b-article__lead\" style=\"text-align:justify;\">Durante la conversaci\u00f3n, el mandatario boliviano habl\u00f3 sobre la cooperaci\u00f3n con Rusia, la pol\u00edtica que ejerce EEUU en Am\u00e9rica Latina, as\u00ed como los asuntos internos de su pa\u00eds, entre muchos otros temas.<!--more--><\/p>\n<div class=\"b-article__text\" style=\"text-align:justify;\">\n<p>Bolivia espera firmar un acuerdo sobre la participaci\u00f3n de la empresa rusa Gazprom en la investigaci\u00f3n de seis yacimientos gas\u00edferos durante el Foro de San Petersburgo, dijo el presidente boliviano Evo Morales en una entrevista exclusiva a Sputnik.<\/p>\n<p style=\"text-align:justify;\">\"Ojal\u00e1 se pueda firmar (el acuerdo) aprovechando esta cumbre\", dijo.<\/p>\n<p style=\"text-align:justify;\">Subray\u00f3 que \"es el deseo que tenemos\".<\/p>\n<p class=\"marker-quote1\" style=\"text-align:justify;\">\"Mi deseo es la presencia de Rusia en Bolivia, la presencia de Rusia en Am\u00e9rica Latina y el Caribe\", enfatiz\u00f3.<\/p>\n<p style=\"text-align:justify;\">Para Morales se trata de \"la \u00fanica forma de frenar cualquier chantaje, condicionamientos e imposiciones del imperio norteamericano\".<\/p>\n<p style=\"text-align:justify;\">El vig\u00e9simo Foro Econ\u00f3mico Internacional de San Petersburgo se celebrar\u00e1 del 16 al 18 de junio e incluir\u00e1 la celebraci\u00f3n de los respectivos foros empresariales de los BRICS, el G20 y la Organizaci\u00f3n de Cooperaci\u00f3n de Shangh\u00e1i.<\/p>\n<p><strong>El papel de EEUU en Am\u00e9rica Latina<\/strong><\/p>\n<p>\"EEUU usa la lucha contra el narcotr\u00e1fico en Bolivia y otros pa\u00edses latinoamericanos con fines netamente geopol\u00edticos\", destac\u00f3 Morales al subrayar que \"no aceptamos\" esta pol\u00edtica.<\/p>\n<p style=\"text-align:justify;\">Apunt\u00f3 que \"donde est\u00e1n la DEA (la agencia antidrogas estadounidense) y las bases militares de EEUU crece el narcotr\u00e1fico, la delincuencia, los Gobiernos privatizadores y la narcocorrupci\u00f3n\".<\/p>\n<p style=\"text-align:justify;\">Adem\u00e1s el presidente destac\u00f3 que lamenta mucho \"esa pol\u00edtica de EEUU de frenar las inversiones de nuevos pa\u00edses desarrollados, industrializados como China, como <a href=\"http:\/\/localhost\/debateplural\/tag\/rusia\">Rusia<\/a>\".<\/p>\n<p class=\"marker-quote1\" style=\"text-align:justify;\">\"Hay una pol\u00edtica de persecuci\u00f3n mediante sus instrumentos, que son tambi\u00e9n bolivianos, pero que tienen principios pro imperialista, pro capitalista, que usan para no dejar que haya inversi\u00f3n de<a href=\"http:\/\/localhost\/debateplural\/tag\/china\"> China <\/a>ni de Rusia en <a href=\"http:\/\/localhost\/debateplural\/tag\/bolivia\">Bolivia<\/a>\".<\/p>\n<p style=\"text-align:justify;\">Morales adem\u00e1s puntualiz\u00f3 que Bolivia rechaz\u00f3 preferencias arancelarias de <a href=\"http:\/\/localhost\/debateplural\/tag\/estados-unidos\">Estados Unidos<\/a> a cambio de la hoja de coca a cero.<\/p>\n<p style=\"text-align:justify;\">\"En el tema de comercio, para garantizar el mercado, en especial textiles en EEUU, tenemos que someternos a la ATPDEA (Ley de Preferencias Andinas y Erradicaci\u00f3n de la Droga), que son algunas preferencias arancelarias, pero a cambio de la hoja de coca a cero; a cambio de instalar las bases militares en Bolivia so pretexto de la lucha contra el narcotr\u00e1fico, nosotros rechazamos y no aceptamos esta clase de condicionamientos\", indic\u00f3.<\/p>\n<p><strong>La situaci\u00f3n en Bolivia<\/strong><\/p>\n<p><strong>Nacionalizaci\u00f3n<\/strong><\/p>\n<div class=\"b-inject m-inject-min\">\n<div class=\"b-inject__media\"><\/div>\n<div class=\"b-inject__copy\" style=\"text-align:justify;\">El presidente destac\u00f3 que la nacionalizaci\u00f3n, especialmente de las empresas del sector de los recursos naturales, mejor\u00f3 la situaci\u00f3n econ\u00f3mica de Bolivia.<\/div>\n<\/div>\n<p style=\"text-align:justify;\">\"Gracias a la nacionalizaci\u00f3n de nuestras empresas y especialmente a la recuperaci\u00f3n de nuestros recursos naturales, estamos mejor econ\u00f3micamente, no estamos como antes\", dijo.<\/p>\n<p style=\"text-align:justify;\">Al mismo tiempo reiter\u00f3 que la privatizaci\u00f3n \"no est\u00e1 en nuestros planes\".<\/p>\n<p><strong>Referendo<\/strong><\/p>\n<p>El presidente de Bolivia, Evo Morales, dijo en una entrevista exclusiva con Sputnik que otro refer\u00e9ndum sobre un nuevo mandato para \u00e9l ser\u00eda constitucional.<\/p>\n<p class=\"marker-quote1\">\"Es legal, es constitucional otro referendo. No es un problema constitucional\", se\u00f1al\u00f3.<\/p>\n<p>Reconoci\u00f3 que \"el 21 de febrero ha sido un duro golpe, pero todo con mentira y un sector dice que 'hay que declarar nulo el referendo porque nos han mentido'\".<\/p>\n<p><strong>La cooperaci\u00f3n con Rusia<\/strong><\/p>\n<p>En la entrevista exclusiva con Sputnik Morales reiter\u00f3 que Bolivia quiere tener acceso a inversiones, cr\u00e9ditos y tecnolog\u00edas de Rusia.<\/p>\n<p style=\"text-align:justify;\">\"En estos momentos nuestro ministro de Planificaci\u00f3n (del Desarrollo, Ren\u00e9 Gonzalo Orellana) est\u00e1 en China y tambi\u00e9n quisieron acceder al tema de inversi\u00f3n, cr\u00e9ditos y la transferencia de tecnolog\u00eda de Rusia\", recalc\u00f3.<\/p>\n<p><strong>Energ\u00eda nuclear<\/strong><\/p>\n<p style=\"text-align:justify;\">En cuanto al desarrollo cient\u00edfico el presidente habl\u00f3 sobre la ampliaci\u00f3n de la financiaci\u00f3n para construir un <a href=\"http:\/\/mundo.sputniknews.com\/americalatina\/20160514\/1059635112\/bolivia-programa-nuclear.html\">centro nuclear<\/a> junto con la empresa rusa de Rosatom.<\/p>\n<p style=\"text-align:justify;\">\"Por ahora tenemos reservados 300 millones de d\u00f3lares que vamos a pagar. Y si hay que ampliar, seguramente vamos a ampliar\", se\u00f1al\u00f3.<\/p>\n<p style=\"text-align:justify;\">Morales tambi\u00e9n invit\u00f3 a empresas rusas invertir en proyectos de energ\u00eda el\u00e9ctrica.<\/p>\n<p class=\"marker-quote1\" style=\"text-align:justify;\">\"Si alguna empresa privada o p\u00fablica de Rusia quiere hacer una inversi\u00f3n como socio de las empresas bolivianas, bienvenido\", indic\u00f3.<\/p>\n<p>El presidente subray\u00f3 que Bolivia tiene \"grandes proyectos\" en particular en el \u00e1mbito de la energ\u00eda e\u00f3lica, solar y geot\u00e9rmica.<\/p>\n<p style=\"text-align:justify;\">\"Y con seguridad estos grandes proyectos que tenemos no vamos a poder desarrollarlos solos\", recalc\u00f3.<\/p>\n<p style=\"text-align:justify;\">Subray\u00f3 que \"necesitamos presencia de inversi\u00f3n extranjera\". \"Si es Rusia, bienvenida, tiene la inversi\u00f3n garantizada en Bolivia por la Constituci\u00f3n\", afirm\u00f3.<\/p>\n<p><strong>Helic\u00f3petros MI-17<\/strong><\/p>\n<p style=\"text-align:justify;\">Morales se\u00f1al\u00f3 que su pa\u00eds quiere retomar las negociaciones con Rusia sobre suministros de helic\u00f3pteros MI-17.<\/p>\n<p style=\"text-align:justify;\">\"Por ahora el tema est\u00e1 paralizado. Hay que retomar\", dijo al contestar a la pregunta correspondiente.<\/p>\n<div class=\"b-inject m-inject-min\"><\/div>\n<p>Morales explic\u00f3 que habl\u00f3 con el primer ministro de Rusia, Dmitri Medv\u00e9dev, pero \"no hemos podido llegar a acuerdos\" y se\u00f1al\u00f3 que lo \"lamenta mucho\".<\/p>\n<p style=\"text-align:justify;\">\"De emergencia, de urgencia, inclusive pedimos a Naciones Unidas, compramos los Super Puma franceses y han llegado tres m\u00e1s especialmente para la lucha contra el narcotr\u00e1fico\", subray\u00f3.<\/p>\n<p style=\"text-align:justify;\">Dijo que si Rusia quisiera facilitar a Bolivia \"(helic\u00f3pteros) grandes, especialmente para alturas, para regiones monta\u00f1osas, qu\u00e9 bueno ser\u00eda darnos facilidad para poder adquirir y acceder a esta tecnolog\u00eda\".<\/p>\n<p><strong>Relaciones Bolivia-Rusia<\/strong><\/p>\n<p>\"Bolivia y Rusia somos pa\u00edses que tenemos enormes coincidencias ideol\u00f3gicas, program\u00e1ticas, por tanto, iniciativas del hermano presidente (ruso Vlad\u00edmir) Putin, siempre son valoradas y respetadas\", explic\u00f3.<\/p>\n<p style=\"text-align:justify;\">Morales subray\u00f3 que los debates con Putin de car\u00e1cter econ\u00f3mico \"son un gran desaf\u00edo para los pa\u00edses en v\u00edas de desarrollo; c\u00f3mo incorporamos estos grandes debates econ\u00f3micos de car\u00e1cter mundial\".<\/p>\n<p class=\"marker-quote1\" style=\"text-align:justify;\">\"Ante toda la agresi\u00f3n norteamericana a Rusia, aqu\u00ed estamos para acompa\u00f1ar a Rusia. Si hablamos de agresi\u00f3n de car\u00e1cter pol\u00edtico, econ\u00f3mico, geogr\u00e1fico, militar, que (Rusia) cuente con Bolivia, con todo nuestro acompa\u00f1amiento\", dijo al contestar a la pregunta sobre si su pa\u00eds reconocer\u00e1 la adhesi\u00f3n de Crimea a Rusia.<\/p>\n<p>Recalc\u00f3 que \"aqu\u00ed somos antiimperialistas y a pa\u00edses antiimperialistas, todo nuestro apoyo y nuestro respeto y nuestra admiraci\u00f3n a Rusia, sobre todo\".<\/p>\n<p style=\"text-align:justify;\">Morales se\u00f1al\u00f3 tambi\u00e9n que Bolivia tiene \"profundas diferencias con las pol\u00edticas que implementa EEUU hacia Am\u00e9rica Latina\".<\/p>\n<p class=\"marker-quote1\" style=\"text-align:justify;\">\"Y aqu\u00ed no callamos, hemos alzado la voz, pero gracias a la unidad del pueblo boliviano, los resultados, liber\u00e1ndonos pol\u00edticamente de la embajada de EEUU, econ\u00f3micamente del FMI, estamos mejor\", enfatiz\u00f3.<\/p>\n<p class=\"marker-quote1\" style=\"text-align:justify;\"><em><strong>La versi\u00f3n completa de la entrevista exclusiva con Morales ser\u00e1 publicada ma\u00f1ana, 3 de junio.<\/strong><\/em><\/p>\n<\/div>\n<p>&nbsp;<\/p>\n","protected":false},"excerpt":{"rendered":"<p>Durante la conversaci\u00f3n, el mandatario boliviano habl\u00f3 sobre la cooperaci\u00f3n con Rusia, la pol\u00edtica que ejerce EEUU en Am\u00e9rica Latina, as\u00ed como los asuntos internos de su pa\u00eds, entre muchos otros temas.<\/p>\n","protected":false},"author":1,"featured_media":6348,"comment_status":"open","ping_status":"open","sticky":false,"template":"","format":"standard","meta":{"footnotes":""},"categories":[14,12],"tags":[21,46,8,40],"class_list":["post-5752","post","type-post","status-publish","format-standard","has-post-thumbnail","hentry","category-internacionales","category-politica-3","tag-bolivia","tag-china","tag-estados-unidos","tag-rusia"],"_links":{"self":[{"href":"https:\/\/debateplural.net\/site\/wp-json\/wp\/v2\/posts\/5752"}],"collection":[{"href":"https:\/\/debateplural.net\/site\/wp-json\/wp\/v2\/posts"}],"about":[{"href":"https:\/\/debateplural.net\/site\/wp-json\/wp\/v2\/types\/post"}],"author":[{"embeddable":true,"href":"https:\/\/debateplural.net\/site\/wp-json\/wp\/v2\/users\/1"}],"replies":[{"embeddable":true,"href":"https:\/\/debateplural.net\/site\/wp-json\/wp\/v2\/comments?post=5752"}],"version-history":[{"count":1,"href":"https:\/\/debateplural.net\/site\/wp-json\/wp\/v2\/posts\/5752\/revisions"}],"predecessor-version":[{"id":6349,"href":"https:\/\/debateplural.net\/site\/wp-json\/wp\/v2\/posts\/5752\/revisions\/6349"}],"wp:featuredmedia":[{"embeddable":true,"href":"https:\/\/debateplural.net\/site\/wp-json\/wp\/v2\/media\/6348"}],"wp:attachment":[{"href":"https:\/\/debateplural.net\/site\/wp-json\/wp\/v2\/media?parent=5752"}],"wp:term":[{"taxonomy":"category","embeddable":true,"href":"https:\/\/debateplural.net\/site\/wp-json\/wp\/v2\/categories?post=5752"},{"taxonomy":"post_tag","embeddable":true,"href":"https:\/\/debateplural.net\/site\/wp-json\/wp\/v2\/tags?post=5752"}],"curies":[{"name":"wp","href":"https:\/\/api.w.org\/{rel}","templated":true}]}}