{"id":57542,"date":"2025-04-03T10:28:23","date_gmt":"2025-04-03T14:28:23","guid":{"rendered":"https:\/\/debateplural.net\/site\/?p=57542"},"modified":"2025-04-03T10:28:24","modified_gmt":"2025-04-03T14:28:24","slug":"bolsonaro-preso-por-golpe-contra-lula","status":"publish","type":"post","link":"https:\/\/debateplural.net\/site\/2025\/04\/03\/bolsonaro-preso-por-golpe-contra-lula\/","title":{"rendered":"Bolsonaro, preso por golpe contra Lula"},"content":{"rendered":"\n<p>Emir Sader (Rebeli\u00f3n, 3-4-25)<\/p>\n\n\n\n<p>Como se supon\u00eda, el Supremo Tribunal Federal ha decidido, por unanimidad, condenar a Bolsonaro y a otras siete personas \u2013entre ellas, varios militares\u2013 a prisi\u00f3n por intento de golpe de Estado para impedir la toma de posesi\u00f3n de Lula.&nbsp;<\/p>\n\n\n\n<p>Ese grupo es considerado el n\u00facleo central de la \u201corganizaci\u00f3n criminal\u201d, cuyas decisiones y acciones fueron fundamentales para el impacto del intento de golpe.&nbsp;<\/p>\n\n\n\n<p>El Supremo Tribunal Federal dictamin\u00f3 que Bolsonaro lider\u00f3 una estructura que se ha valido de mentiras sobre el sistema electoral para promover un golpe, que el grupo de Bolsonaro y siete personas m\u00e1s actuaron de forma coordinada, buscando alterar el Estado Democr\u00e1tico de Derecho.&nbsp;<\/p>\n\n\n\n<p>Que, despu\u00e9s de la derrota en las urnas, Bolsonaro orden\u00f3 que militares publicaran notas t\u00e9cnicas para movilizar a sus adeptos en los cuarteles. Hay amplias evidencias del compromiso de Bolsonaro con el proyecto de golpe.&nbsp;<\/p>\n\n\n\n<p>Ahora, despu\u00e9s del an\u00e1lisis de la acci\u00f3n penal, Bolsonaro y sus c\u00f3mplices podr\u00e1n ser encarcelados. Esto va a depender de la pena que dicte el Supremo Tribunal Federal, as\u00ed como de los recursos a los cuales la defensa tiene derecho.&nbsp;<\/p>\n\n\n\n<p>Despu\u00e9s de que la justicia acepte las pruebas, las defensas de los acusados podr\u00e1n manifestarse nuevamente en una especie de alegato final. El Ministerio P\u00fablico presentar\u00e1 su parecer sobre el caso, entregando los elementos para informaci\u00f3n del juez, que puede concordar integralmente o en partes, o simplemente no seguir.&nbsp;<\/p>\n\n\n\n<p>Bolsonaro est\u00e1 acusado de varios cr\u00edmenes: tentativa de abolici\u00f3n violenta del estado de derecho, golpe de Estado, organizaci\u00f3n criminal armada, da\u00f1o calificado por violencia y grave amenaza, as\u00ed como deterioro del patrimonio.&nbsp;<\/p>\n\n\n\n<p>En caso de que sea condenado por el tribunal, por los cinco cr\u00edmenes, el tiempo de reclusi\u00f3n podr\u00eda alcanzar 43 a\u00f1os.&nbsp;<\/p>\n\n\n\n<p>Lo m\u00e1s probable ser\u00eda una condena superior a 14 a\u00f1os, a\u00fan alejada del m\u00e1ximo previsto. La ejecuci\u00f3n de la sentencia s\u00f3lo ocurre cuando se agoten todos los recursos posibles. Existe la posibilidad de prisi\u00f3n preventiva, pero s\u00f3lo en caso de posibilidad de fuga, situaci\u00f3n que ahora se plantea, a partir de la evasi\u00f3n de su hijo.&nbsp;<\/p>\n\n\n\n<p>El juicio de Bolsonaro y sus c\u00f3mplices fue transmitido en cadena nacional. El presidente del Supremo Tribunal Federal, Alexandre Moraes, presidi\u00f3 todo el proceso. \u00c9l es uno de los que estaban incluidos en la lista de muerte, en caso de que el golpe sucediera, junto con Lula y su vicepresidente, Geraldo Alckmin.&nbsp;<\/p>\n\n\n\n<p>Por estar directamente involucrado, la defensa de Bolsonaro intent\u00f3 impedir que Moraes presidiera el juicio, pero este argumento fue negado por el tribunal, y Alexandre Moraes fue el gran protagonista de las acusaciones contra el exmandatario.&nbsp;<\/p>\n\n\n\n<p>El primer d\u00eda del juicio lo abarcaron los abogados de defensa de Bolsonaro y de los otros siete. El segundo, la votaci\u00f3n de los jueces del Supremo Tribunal Federal, que por unanimidad votaron contra Bolsonaro.&nbsp;<\/p>\n\n\n\n<p>El expresidente de Brasil qued\u00f3 de pronunciarse al final del proceso. Se acogi\u00f3 a la vida privada y no compareci\u00f3 al segundo d\u00eda del juicio, despu\u00e9s de estar presente en el primero.&nbsp;<\/p>\n\n\n\n<p>Pol\u00edticamente, los ojos del pa\u00eds est\u00e1n puestos en las elecciones presidenciales de 2026. Lula es candidato a la relecci\u00f3n y, por las encuestas actuales, derrotar\u00eda a todos sus eventuales adversarios. Para complicar el escenario, aunque sea legalmente inelegible, Bolsonaro dice que ser\u00e1 candidato, dificultando el surgimiento de alg\u00fan otro aspirante de la derecha.&nbsp;<\/p>\n\n\n\n<p>Uno de sus hijos, preventivamente, se fug\u00f3 a Estados Unidos. Desde all\u00e1 se ha pronunciado contra el encarcelamiento de su padre; adicionalmente, se\u00f1ala que en caso de que esto sucediera, \u00e9ste podr\u00eda morir en prisi\u00f3n.<\/p>\n\n\n\n<p>&nbsp;Bolsonaro es inelegible y su pasaporte est\u00e1 retenido por el gobierno. Conforme la posibilidad de la prisi\u00f3n aumenta, las especulaciones son si tratar\u00e1 de salir del pa\u00eds.&nbsp;<\/p>\n\n\n\n<p>Sin pasaporte, su \u00fanica posibilidad de abandonar Brasil ser\u00eda cruzar la frontera terrestre hacia Argentina.<\/p>\n","protected":false},"excerpt":{"rendered":"<p>Emir Sader (Rebeli\u00f3n, 3-4-25) Como se supon\u00eda, el Supremo Tribunal Federal ha decidido, por unanimidad, condenar a Bolsonaro y a otras siete personas \u2013entre ellas, varios militares\u2013 a prisi\u00f3n por intento de golpe de Estado para impedir la toma de posesi\u00f3n de Lula.&nbsp; Ese grupo es considerado el n\u00facleo central de la \u201corganizaci\u00f3n criminal\u201d, cuyas [&hellip;]<\/p>\n","protected":false},"author":1,"featured_media":43384,"comment_status":"open","ping_status":"open","sticky":false,"template":"","format":"standard","meta":{"footnotes":""},"categories":[14,12],"tags":[],"class_list":["post-57542","post","type-post","status-publish","format-standard","has-post-thumbnail","hentry","category-internacionales","category-politica-3"],"_links":{"self":[{"href":"https:\/\/debateplural.net\/site\/wp-json\/wp\/v2\/posts\/57542"}],"collection":[{"href":"https:\/\/debateplural.net\/site\/wp-json\/wp\/v2\/posts"}],"about":[{"href":"https:\/\/debateplural.net\/site\/wp-json\/wp\/v2\/types\/post"}],"author":[{"embeddable":true,"href":"https:\/\/debateplural.net\/site\/wp-json\/wp\/v2\/users\/1"}],"replies":[{"embeddable":true,"href":"https:\/\/debateplural.net\/site\/wp-json\/wp\/v2\/comments?post=57542"}],"version-history":[{"count":1,"href":"https:\/\/debateplural.net\/site\/wp-json\/wp\/v2\/posts\/57542\/revisions"}],"predecessor-version":[{"id":57543,"href":"https:\/\/debateplural.net\/site\/wp-json\/wp\/v2\/posts\/57542\/revisions\/57543"}],"wp:featuredmedia":[{"embeddable":true,"href":"https:\/\/debateplural.net\/site\/wp-json\/wp\/v2\/media\/43384"}],"wp:attachment":[{"href":"https:\/\/debateplural.net\/site\/wp-json\/wp\/v2\/media?parent=57542"}],"wp:term":[{"taxonomy":"category","embeddable":true,"href":"https:\/\/debateplural.net\/site\/wp-json\/wp\/v2\/categories?post=57542"},{"taxonomy":"post_tag","embeddable":true,"href":"https:\/\/debateplural.net\/site\/wp-json\/wp\/v2\/tags?post=57542"}],"curies":[{"name":"wp","href":"https:\/\/api.w.org\/{rel}","templated":true}]}}