{"id":5772,"date":"2016-06-03T09:28:28","date_gmt":"2016-06-03T13:28:28","guid":{"rendered":"http:\/\/debateplural.com\/?p=5772"},"modified":"2016-06-23T13:34:50","modified_gmt":"2016-06-23T13:34:50","slug":"como-y-cuando-se-pasa-en-siria-de-terrorista-a-oposicion-moderada","status":"publish","type":"post","link":"https:\/\/debateplural.net\/site\/2016\/06\/03\/como-y-cuando-se-pasa-en-siria-de-terrorista-a-oposicion-moderada\/","title":{"rendered":"\u00bfC\u00f3mo y cu\u00e1ndo se pasa en Siria de \"terrorista\" a \"oposici\u00f3n moderada\"?"},"content":{"rendered":"<div id=\"attachment_4188\" style=\"width: 715px\" class=\"wp-caption aligncenter\"><img loading=\"lazy\" decoding=\"async\" aria-describedby=\"caption-attachment-4188\" class=\"size-full wp-image-4188\" src=\"http:\/\/tripletecnologia.com\/website\/debateplural\/wp-content\/uploads\/2016\/06\/terroristas-del-estado-islamico-1.png\" alt=\"Terroristas del Estado Islamico\" width=\"705\" height=\"381\" \/><p id=\"caption-attachment-4188\" class=\"wp-caption-text\">Terroristas del Estado Islamico<\/p><\/div>\n<p style=\"text-align:justify;\">En esta edici\u00f3n de 'El Zoom', Javier Rodr\u00edguez Carrasco analiza c\u00f3mo ciertos pa\u00edses califican de terroristas a algunos grupos armados en Siria y a otros no seg\u00fan convenga. En la<a href=\"http:\/\/localhost\/debateplural\/tag\/onu\"> ONU <\/a>se ha vetado la petici\u00f3n rusa de considerar terrorista a Ahrar al Sham, responsable de atentados que han dejado m\u00e1s de 120 muertos. 'El Zoom\u2019&#8217;se pregunta: \u00bfPor qu\u00e9 <a href=\"http:\/\/localhost\/debateplural\/tag\/estados-unidos\">Estados Unidos<\/a> no lo considera un grupo criminal pese a haberse cobrado m\u00e1s v\u00edctimas que los atentados de Par\u00eds? Los expertos nos aclararan la situaci\u00f3n.<!--more--><\/p>\n<p><iframe loading=\"lazy\" width=\"810\" height=\"456\" src=\"https:\/\/www.youtube.com\/embed\/RlbzeYbNRtM?feature=oembed\" frameborder=\"0\" allow=\"accelerometer; autoplay; encrypted-media; gyroscope; picture-in-picture\" allowfullscreen><\/iframe><\/p>\n<p style=\"text-align:justify;\">\"\u00bfQui\u00e9n define hoy en d\u00eda qui\u00e9n es un terrorista y qui\u00e9n no lo es? \u00bfSe pueden seguir tolerando actos violentos como una forma para llevar la paz a Siria? \u00bfD\u00f3nde est\u00e1 el baremo?\", son las inc\u00f3gnitas que se plantea el presentador del programa de <strong>RT<\/strong> 'El Zoom', Javier Rodr\u00edguez Carrasco, a juzgar por lo que sucede en <a href=\"http:\/\/localhost\/debateplural\/tag\/siria\">Siria<\/a> donde, seg\u00fan el presentador, \"los criminales campan a sus anchas\".<\/p>\n<p style=\"text-align:justify;\">En el contexto del conflicto sirio, el proceso para llegar a una soluci\u00f3n pol\u00edtica de paz se est\u00e1 viendo ralentizado mientras perduran los combates y la Organizaci\u00f3n de Naciones Unidas, a pesar de garantizar la reanudaci\u00f3n de las conversaciones de paz, no ha sido capaz de fijar una fecha para ello. La ONU ha dejado claro que tendr\u00e1n que pasar como m\u00ednimo tres semanas.<\/p>\n<h4 style=\"text-align:justify;\">\u00bfCu\u00e1ndo un grupo pasa de ser \"terrorista\" a ser \"oposici\u00f3n moderada\"?<\/h4>\n<p style=\"text-align:justify;\">\"No es que critique la vocaci\u00f3n de la ONU, pero de nuevo vuelvo a decepcionarme con lo que sucedi\u00f3 hace unas semanas cuando se vet\u00f3 una petici\u00f3n para considerar como terrorista a Ahrar al Sham, que perpetr\u00f3 una serie de atentados cobr\u00e1ndose m\u00e1s 120 muertes en los \u00faltimos d\u00edas\", afirma Javier Rodr\u00edguez Carrasco. \"Basta con ver los pa\u00edses que votaron en contra de esta resoluci\u00f3n propuesta por Rusia: EE.UU. con el\u00a0 apoyo de <a href=\"http:\/\/localhost\/debateplural\/tag\/reino-unido\">Reino Unido<\/a>, <a href=\"http:\/\/localhost\/debateplural\/tag\/francia\">Francia<\/a> y <a href=\"http:\/\/localhost\/debateplural\/tag\/ucrania\">Ucrania<\/a>\", a\u00f1ade.<\/p>\n<p style=\"text-align:justify;\">\"Desde EE.UU. dicen que algunos de esos grupos que act\u00faan en Siria son parte de la llamada oposici\u00f3n moderada, pero lo cierto es que cabalgan de la mano de Estado Isl\u00e1mico\", se\u00f1ala el presentador. Pero \"cuando a algo se pone el apellido de \"moderado\" todo cambia, porque el objetivo es solo uno: derrocar a Bashar al Assad a base de 'actos moderados de bondad', que yo creo que son meras matanzas, que les permiten violar el alto el fuego cuando quieran\".<\/p>\n<p style=\"text-align:justify;\">Por su parte, el corresponsal de guerra y analista pol\u00edtico Ram\u00f3n Lobo opina que \"el problema de Siria es que Occidente apost\u00f3 por el Ej\u00e9rcito Libre, pero no le dio los instrumentos necesarios y suficientes para derrocar a Al Assad, quedando todo en un empate t\u00e9cnico que acab\u00f3 por complicarse con la aparici\u00f3n de muchos grupos\". \"La oposici\u00f3n 'moderada' en Siria creo que ya no existe y es dif\u00edcil ahora saber qui\u00e9nes son, puesto que, seg\u00fan en qu\u00e9 zonas, la oposici\u00f3n tiene alianzas m\u00e1s pr\u00f3ximas a Al Nusra, al Estado Isl\u00e1mico y a otras\".<\/p>\n<p style=\"text-align:justify;\">\"Los \u00fanicos que tienen claro lo que hacen son los rusos, que saben que apoyan a Assad\", afirma Lobo. Respecto al papel que juega la ONU en este conflicto, el periodista concluye que \"el problema es que no tenemos la moralidad para solucionar los conflictos de los dem\u00e1s, puesto que la moralidad de las relaciones internacionales est\u00e1 en manos del problema de seguridad de la ONU, donde se sientan los cinco pa\u00edses con derecho de veto (EE.UU. Rusia, Francia, Inglaterra y China) que son adem\u00e1s los principales fabricantes de armas\".<\/p>\n<h4 style=\"text-align:justify;\">Campa\u00f1a propagand\u00edstica sobre Siria<\/h4>\n<p style=\"text-align:justify;\">Desde el inicio de la operaci\u00f3n militar rusa el 30 de septiembre de 2015, el Ej\u00e9rcito gubernamental sirio ha liberado progresivamente y, a grandes pasos, diferentes zonas y ciudades del pa\u00eds de los terroristas. \"Muchos quieren minimizar el operativo ruso, pero lo cierto es que ha dado resultados, aunque quiz\u00e1 no del tipo del que muchos desearan\", destaca el presentador sobre la propaganda que se ha vertido sobre lo que sucede en Siria y sobre el papel de Rusia. \"Si lo hace bien Mosc\u00fa, se piensa que es por intereses. Que comete un error, pues se machaca al Gobierno y, sobre todo, a <a href=\"https:\/\/actualidad.rt.com\/actualidad\/170507-vladimir-putin-presidente-rusia\" target=\"_blank\" rel=\"up\">Putin<\/a>\".<\/p>\n<p style=\"text-align:justify;\">Dentro de este trasfondo, el presentador de RT cita al periodista Adrew Roth, quien en un art\u00edculo para 'The Washington Post' critica a Rusia por \"ense\u00f1ar solo lo que quer\u00edan ense\u00f1ar\" en Palmira (Siria) tras su liberaci\u00f3n. \"Nosotros tambi\u00e9n hemos ido a Guant\u00e1namo y no nos han ense\u00f1ado todo lo que quer\u00edamos ver\", replica el presentador de RT, quien a\u00f1ade: \"Si tiene im\u00e1genes de c\u00f3mo se tortura o alimenta de manera forzada a los prisioneros, haga p\u00fablicas las im\u00e1genes\".<\/p>\n<p style=\"text-align:justify;\">Para el analista internacional Jos\u00e9 Sueiro, \"la situaci\u00f3n que se sufre en Oriente Medio viene desde hace bastante tiempo con los diversos cambios de bandos y apoyos\". \"EE.UU. no va a apoyar a Assad y es dif\u00edcil pensar que lo vaya a hacer\", aventura. Sin embargo, Sueiro opina que \"dentro del 'teatro internacional' que est\u00e1 pasando entre EE.UU. y Rusia, hay un inter\u00e9s conjunto que es la lucha contra el Estado Isl\u00e1mico\".<\/p>\n","protected":false},"excerpt":{"rendered":"<p>En esta edici\u00f3n de 'El Zoom', Javier Rodr\u00edguez Carrasco analiza c\u00f3mo ciertos pa\u00edses califican de terroristas a algunos grupos armados en Siria y a otros no seg\u00fan convenga. En la ONU se ha vetado la petici\u00f3n rusa de considerar terrorista a Ahrar al Sham, responsable de atentados que han dejado m\u00e1s de 120 muertos. 'El [&hellip;]<\/p>\n","protected":false},"author":1,"featured_media":6334,"comment_status":"open","ping_status":"open","sticky":false,"template":"","format":"standard","meta":{"footnotes":""},"categories":[14,12],"tags":[8,9,43,50,41,61],"class_list":["post-5772","post","type-post","status-publish","format-standard","has-post-thumbnail","hentry","category-internacionales","category-politica-3","tag-estados-unidos","tag-francia","tag-onu","tag-reino-unido","tag-siria","tag-ucrania"],"_links":{"self":[{"href":"https:\/\/debateplural.net\/site\/wp-json\/wp\/v2\/posts\/5772"}],"collection":[{"href":"https:\/\/debateplural.net\/site\/wp-json\/wp\/v2\/posts"}],"about":[{"href":"https:\/\/debateplural.net\/site\/wp-json\/wp\/v2\/types\/post"}],"author":[{"embeddable":true,"href":"https:\/\/debateplural.net\/site\/wp-json\/wp\/v2\/users\/1"}],"replies":[{"embeddable":true,"href":"https:\/\/debateplural.net\/site\/wp-json\/wp\/v2\/comments?post=5772"}],"version-history":[{"count":1,"href":"https:\/\/debateplural.net\/site\/wp-json\/wp\/v2\/posts\/5772\/revisions"}],"predecessor-version":[{"id":6335,"href":"https:\/\/debateplural.net\/site\/wp-json\/wp\/v2\/posts\/5772\/revisions\/6335"}],"wp:featuredmedia":[{"embeddable":true,"href":"https:\/\/debateplural.net\/site\/wp-json\/wp\/v2\/media\/6334"}],"wp:attachment":[{"href":"https:\/\/debateplural.net\/site\/wp-json\/wp\/v2\/media?parent=5772"}],"wp:term":[{"taxonomy":"category","embeddable":true,"href":"https:\/\/debateplural.net\/site\/wp-json\/wp\/v2\/categories?post=5772"},{"taxonomy":"post_tag","embeddable":true,"href":"https:\/\/debateplural.net\/site\/wp-json\/wp\/v2\/tags?post=5772"}],"curies":[{"name":"wp","href":"https:\/\/api.w.org\/{rel}","templated":true}]}}