{"id":57822,"date":"2025-05-06T13:03:58","date_gmt":"2025-05-06T17:03:58","guid":{"rendered":"https:\/\/debateplural.net\/site\/?p=57822"},"modified":"2025-05-06T13:03:59","modified_gmt":"2025-05-06T17:03:59","slug":"israel-motin-de-los-reservistas-contra-netanyahu","status":"publish","type":"post","link":"https:\/\/debateplural.net\/site\/2025\/05\/06\/israel-motin-de-los-reservistas-contra-netanyahu\/","title":{"rendered":"Israel: \u00bfMot\u00edn de los reservistas contra Netanyahu?"},"content":{"rendered":"\n<p>Germ\u00e1n Gorr\u00e1iz L\u00f3pez (Aporrea, 6-5-25)<\/p>\n\n\n\n<p>La tregua pactada con Hamas para canjear rehenes israel\u00edes por prisioneros palestinos, (entre ellos varios involucrados en ataques mortales contra israel\u00edes), habr\u00eda provocado la retirada del partido de Itamar Ben-Gvir de la coalici\u00f3n de Gobierno mientras el ministro de Finanzas Bezalel Smotrich, amenaz\u00f3 con abandonar el Gobierno si no se reanudaba la ofensiva de Gaza tras la tregua pactada de 42 dias.<\/p>\n\n\n\n<p>Ello se traduc\u00eda en la perdida de Netanyahu de la exigua mayor\u00eda parlamentaria y la forzosa convocatoria de nuevas elecciones con resultado incierto para Netanyahu, por lo que ha decidido reanudar la ofensiva total en Gaza, con lo que la suerte de los rehenes israel\u00edes estar\u00eda ya echada.<\/p>\n\n\n\n<p>Limpieza \u00e9tnica en Gaza<\/p>\n\n\n\n<p>Tras el castigo asim\u00e9trico infligido por Israel en Gaza, toda la infraestructura b\u00e1sica, escuelas, mezquitas, hospitales y el 80% de los edificios habr\u00edan sido arrasados por los bombardeos sistem\u00e1ticos de la aviaci\u00f3n con el resultado de m\u00e1s 50.000 v\u00edctimas civiles palestinas y varios miles m\u00e1s enterrados entre los escombros.<\/p>\n\n\n\n<p>El verdadero objetivo de la campa\u00f1a militar de Gaza ser\u00eda provocar una segunda nakba en la que 1,5 millones de palestinos se ver\u00e1n obligados a abandonar una Gaza convertida en un amasijo de escombros y restos humanos que imposibilitar\u00e1 el retorno de la poblaci\u00f3n gazat\u00ed desplazada y los confinar\u00e1 en un gigantesco campo de concentraci\u00f3n al aire libre en Rafah.<\/p>\n\n\n\n<p>Dicho confinamiento forzoso de la poblaci\u00f3n gazat\u00ed ser\u00eda una medida de presi\u00f3n para que Egipto abra su frontera y los palestinos queden asentados en la Pen\u00ednsula del Sina\u00ed, tras lo cual Israel proceder\u00e1 a la Declaraci\u00f3n unilateral de la soberan\u00eda sobre Gaza y sus zonas mar\u00edtimas.<\/p>\n\n\n\n<p>Operaci\u00f3n Carros de Gede\u00f3n<\/p>\n\n\n\n<p>El gabinete de seguridad de Israel ha aprobado por unanimidad la \"Operaci\u00f3n Carros de Gede\u00f3n\" para culminar la toma total de la Franja de Gaza y el medio israel\u00ed, Kan 11, inform\u00f3 que \"el plan inclu\u00eda evacuar a los civiles palestinos del norte y centro de Gaza antes de las operaciones ampliadas en esas \u00e1reas\".<\/p>\n\n\n\n<p>Disidencia en los reservistas<\/p>\n\n\n\n<p>Las Fuerzas de Defensa de Israel (FDI) anunciaron que movilizar\u00e1n a miles de reservistas en los pr\u00f3ximos d\u00edas. Sin embargo, en las \u00faltimas semanas, miles de reservistas israel\u00edes han firmado cartas exigiendo al gobierno del primer ministro Benjam\u00edn Netanyahu que cese los combates y se concentre en alcanzar un acuerdo para recuperar a los 59 rehenes restantes retenidos por Ham\u00e1s.<\/p>\n\n\n\n<p>La emisora nacional israel\u00ed Kan ha calculado que la tasa de asistencia actual ronda el 60%, lo que supone un fuerte descenso con respecto a las semanas posteriores al atentado del 7 de octubre. Asimismo, seg\u00fan una encuesta reciente de la agencia de empleo israel\u00ed, el 48% de los reservistas ha sufrido una importante p\u00e9rdida de ingresos desde el comienzo de la guerra, y el 41% afirma haber sido despedido u obligado a dejar su trabajo debido a su larga permanencia en el Ej\u00e9rcito.<\/p>\n\n\n\n<p>El servicio de reserva es obligatorio para los ciudadanos israel\u00edes que hayan cumplido el servicio militar hasta los 40 a\u00f1os y los que ignoran las convocatorias o deciden abandonar el cuerpo de reserva son conocidos como \"refuseniks\", considerados por el Estado como desertores y susceptibles de ser castigados.<\/p>\n\n\n\n<p>La suerte de los rehenes ya est\u00e1 echada?<\/p>\n\n\n\n<p>Seg\u00fan la \u00faltima encuesta del Canal 12, \"casi el 70% de los israel\u00edes est\u00e1 a favor de poner fin a la guerra para liberar a los rehenes\" y el Foro de Familias de Rehenes y Desaparecidos advirti\u00f3 el s\u00e1bado que \"cualquier escalada en los combates pondr\u00e1 a los rehenes, tanto a los vivos como a los fallecidos, en peligro inmediato\".<\/p>\n\n\n\n<p>Sin embargo, Netanyahu sabe que mientras contin\u00faen las operaciones militares seguir\u00e1 en el Poder y es totalmente refractario a las cr\u00edticas de los reservistas a los que ha calificado de \"grupo peque\u00f1o, ruidoso, an\u00e1rquico y desconectado de pensionistas, la mayor\u00eda de los cuales no han servido en a\u00f1os\", con lo que la suerte de los rehenes israel\u00edes estar\u00eda ya echada.<\/p>\n","protected":false},"excerpt":{"rendered":"<p>Germ\u00e1n Gorr\u00e1iz L\u00f3pez (Aporrea, 6-5-25) La tregua pactada con Hamas para canjear rehenes israel\u00edes por prisioneros palestinos, (entre ellos varios involucrados en ataques mortales contra israel\u00edes), habr\u00eda provocado la retirada del partido de Itamar Ben-Gvir de la coalici\u00f3n de Gobierno mientras el ministro de Finanzas Bezalel Smotrich, amenaz\u00f3 con abandonar el Gobierno si no se [&hellip;]<\/p>\n","protected":false},"author":1,"featured_media":46030,"comment_status":"open","ping_status":"open","sticky":false,"template":"","format":"standard","meta":{"footnotes":""},"categories":[14,12],"tags":[],"class_list":["post-57822","post","type-post","status-publish","format-standard","has-post-thumbnail","hentry","category-internacionales","category-politica-3"],"_links":{"self":[{"href":"https:\/\/debateplural.net\/site\/wp-json\/wp\/v2\/posts\/57822"}],"collection":[{"href":"https:\/\/debateplural.net\/site\/wp-json\/wp\/v2\/posts"}],"about":[{"href":"https:\/\/debateplural.net\/site\/wp-json\/wp\/v2\/types\/post"}],"author":[{"embeddable":true,"href":"https:\/\/debateplural.net\/site\/wp-json\/wp\/v2\/users\/1"}],"replies":[{"embeddable":true,"href":"https:\/\/debateplural.net\/site\/wp-json\/wp\/v2\/comments?post=57822"}],"version-history":[{"count":1,"href":"https:\/\/debateplural.net\/site\/wp-json\/wp\/v2\/posts\/57822\/revisions"}],"predecessor-version":[{"id":57823,"href":"https:\/\/debateplural.net\/site\/wp-json\/wp\/v2\/posts\/57822\/revisions\/57823"}],"wp:featuredmedia":[{"embeddable":true,"href":"https:\/\/debateplural.net\/site\/wp-json\/wp\/v2\/media\/46030"}],"wp:attachment":[{"href":"https:\/\/debateplural.net\/site\/wp-json\/wp\/v2\/media?parent=57822"}],"wp:term":[{"taxonomy":"category","embeddable":true,"href":"https:\/\/debateplural.net\/site\/wp-json\/wp\/v2\/categories?post=57822"},{"taxonomy":"post_tag","embeddable":true,"href":"https:\/\/debateplural.net\/site\/wp-json\/wp\/v2\/tags?post=57822"}],"curies":[{"name":"wp","href":"https:\/\/api.w.org\/{rel}","templated":true}]}}