{"id":5788,"date":"2016-06-04T09:33:46","date_gmt":"2016-06-04T13:33:46","guid":{"rendered":"http:\/\/debateplural.com\/?p=5788"},"modified":"2016-06-23T13:34:28","modified_gmt":"2016-06-23T13:34:28","slug":"turquia-suele-amenazar-con-romper-las-relaciones","status":"publish","type":"post","link":"https:\/\/debateplural.net\/site\/2016\/06\/04\/turquia-suele-amenazar-con-romper-las-relaciones\/","title":{"rendered":"\"Turqu\u00eda suele amenazar con romper las relaciones\""},"content":{"rendered":"<div id=\"attachment_2475\" style=\"width: 715px\" class=\"wp-caption aligncenter\"><img loading=\"lazy\" decoding=\"async\" aria-describedby=\"caption-attachment-2475\" class=\"size-full wp-image-2475\" src=\"http:\/\/tripletecnologia.com\/website\/debateplural\/wp-content\/uploads\/2016\/06\/recep-tayyip-erdogan1-1.jpg\" alt=\"Recep Tayyip Erdogan\" width=\"705\" height=\"381\" \/><p id=\"caption-attachment-2475\" class=\"wp-caption-text\">Recep Tayyip Erdogan<\/p><\/div>\n<p class=\"b-article__lead\" style=\"text-align:justify;\">\"<a href=\"http:\/\/localhost\/debateplural\/tag\/turquia\">Turqu\u00eda<\/a> siempre suele amenazar con romper las relaciones cada vez que un pa\u00eds toma alguna decisi\u00f3n con estas caracter\u00edsticas\", destac\u00f3 Pedro Mouratian en una entrevista con Sputnik al comentar el reconocimiento del genocidio armenio por parte del Parlamento alem\u00e1n.<!--more--><\/p>\n<div class=\"b-article__text\" style=\"text-align:justify;\">\n<p style=\"text-align:justify;\">El 2 de junio, el Parlamento del pa\u00eds teut\u00f3n aprob\u00f3 una resoluci\u00f3n que declara como genocidio la masacre de los armenios en 1915 y 1916 por el Imperio otomano. El Gobierno de Turqu\u00eda rechaza las acusaciones de genocidio, alegando que las v\u00edctimas de la tragedia fueron de ambas partes, la armenia y la turca.<\/p>\n<p>Pedro Mouratian\u00a0\u2014pol\u00edtico argentino y vicepresidente del INADI (Instituto Nacional contra la Discriminaci\u00f3n, Xenofobia y el Racismo) que tuvo un rol preponderante en la aprobaci\u00f3n de las leyes del genocidio armenio\u2014 declar\u00f3 que \"no es un reconocimiento m\u00e1s\" para Berl\u00edn, teniendo en cuenta los v\u00ednculos profundos entre Turqu\u00eda y <a href=\"http:\/\/localhost\/debateplural\/tag\/alemania\">Alemania<\/a>, y que es un paso muy importante para toda la comunidad internacional.<\/p>\n<p class=\"marker-quote1\" style=\"text-align:justify;\">\"[El reconocimiento] puede ser una bisagra para que muchos otros pa\u00edses lo imiten y se termine la impunidad con la que Turqu\u00eda hace m\u00e1s de 100 a\u00f1os viene manej\u00e1ndose\", concluy\u00f3 Mouratian.<\/p>\n<p style=\"text-align:justify;\">Afirm\u00f3 que es razonable la preocupaci\u00f3n de Ankara ya que Alemania y Turqu\u00eda son aliados en algunos temas\u00a0\u2014entre ellos, el tema migratorio\u2014. Cada vez que un pa\u00eds toma alguna decisi\u00f3n con estas caracter\u00edsticas Turqu\u00eda suele tener la misma respuesta: amenaza con romper las relaciones y convocando a los embajadores, como lo hizo con<a href=\"http:\/\/localhost\/debateplural\/tag\/francia\"> Francia<\/a>, agreg\u00f3. De la misma manera, Turqu\u00eda es el principal aliado de <a href=\"http:\/\/localhost\/debateplural\/tag\/estados-unidos\">Estados Unidos<\/a> en la regi\u00f3n, seg\u00fan Mouratian.<\/p>\n<p style=\"text-align:justify;\">Adem\u00e1s del tema del genocidio armenio, el experto mencion\u00f3 el conflicto de Nagorno Karabaj y los problemas actuales de Armenia. <a href=\"http:\/\/mundo.sputniknews.com\/radio_voces_del_mundo\/20160602\/1060379762\/Armenia-pais-estrategico.html\"><strong>Aqu\u00ed pueden escuchar la versi\u00f3n completa<\/strong><\/a> de la entrevista que el programa de radio de Sputnik 'Voces del mundo' realiz\u00f3 al pol\u00edtico argentino Pedro Mouratian.<\/p>\n<\/div>\n<p>&nbsp;<\/p>\n","protected":false},"excerpt":{"rendered":"<p>\"Turqu\u00eda siempre suele amenazar con romper las relaciones cada vez que un pa\u00eds toma alguna decisi\u00f3n con estas caracter\u00edsticas\", destac\u00f3 Pedro Mouratian en una entrevista con Sputnik al comentar el reconocimiento del genocidio armenio por parte del Parlamento alem\u00e1n.<\/p>\n","protected":false},"author":1,"featured_media":6320,"comment_status":"open","ping_status":"open","sticky":false,"template":"","format":"standard","meta":{"footnotes":""},"categories":[14,12],"tags":[7,8,9,51],"class_list":["post-5788","post","type-post","status-publish","format-standard","has-post-thumbnail","hentry","category-internacionales","category-politica-3","tag-alemania","tag-estados-unidos","tag-francia","tag-turquia"],"_links":{"self":[{"href":"https:\/\/debateplural.net\/site\/wp-json\/wp\/v2\/posts\/5788"}],"collection":[{"href":"https:\/\/debateplural.net\/site\/wp-json\/wp\/v2\/posts"}],"about":[{"href":"https:\/\/debateplural.net\/site\/wp-json\/wp\/v2\/types\/post"}],"author":[{"embeddable":true,"href":"https:\/\/debateplural.net\/site\/wp-json\/wp\/v2\/users\/1"}],"replies":[{"embeddable":true,"href":"https:\/\/debateplural.net\/site\/wp-json\/wp\/v2\/comments?post=5788"}],"version-history":[{"count":1,"href":"https:\/\/debateplural.net\/site\/wp-json\/wp\/v2\/posts\/5788\/revisions"}],"predecessor-version":[{"id":6321,"href":"https:\/\/debateplural.net\/site\/wp-json\/wp\/v2\/posts\/5788\/revisions\/6321"}],"wp:featuredmedia":[{"embeddable":true,"href":"https:\/\/debateplural.net\/site\/wp-json\/wp\/v2\/media\/6320"}],"wp:attachment":[{"href":"https:\/\/debateplural.net\/site\/wp-json\/wp\/v2\/media?parent=5788"}],"wp:term":[{"taxonomy":"category","embeddable":true,"href":"https:\/\/debateplural.net\/site\/wp-json\/wp\/v2\/categories?post=5788"},{"taxonomy":"post_tag","embeddable":true,"href":"https:\/\/debateplural.net\/site\/wp-json\/wp\/v2\/tags?post=5788"}],"curies":[{"name":"wp","href":"https:\/\/api.w.org\/{rel}","templated":true}]}}