{"id":57943,"date":"2025-05-15T16:30:27","date_gmt":"2025-05-15T20:30:27","guid":{"rendered":"https:\/\/debateplural.net\/site\/?p=57943"},"modified":"2025-05-15T16:30:29","modified_gmt":"2025-05-15T20:30:29","slug":"sin-sumision-ni-tutela-latinoamerica-redefine-su-rol-en-el-tablero-geopolitico","status":"publish","type":"post","link":"https:\/\/debateplural.net\/site\/2025\/05\/15\/sin-sumision-ni-tutela-latinoamerica-redefine-su-rol-en-el-tablero-geopolitico\/","title":{"rendered":"Sin sumisi\u00f3n ni tutela: Latinoam\u00e9rica redefine su rol en el tablero geopol\u00edtico"},"content":{"rendered":"\n<p>Ociel Al\u00ed L\u00f3pez (Russia Today, 15-5-25)<\/p>\n\n\n\n<p>Am\u00e9rica Latina est\u00e1 redefiniendo su rol geopol\u00edtico, especialmente tras el incremento sostenido de su comercio con China durante la \u00faltima d\u00e9cada. Este proceso se ha acelerado debido a las pol\u00edticas comerciales de EE.UU. bajo el segundo gobierno de Donald&nbsp;Trump, caracterizado por un enfoque proteccionista que ha llevado a la regi\u00f3n a buscar alternativas econ\u00f3micas y&nbsp;geoestrat\u00e9gicas.<\/p>\n\n\n\n<p>La pol\u00edtica comercial&nbsp;<em>autopoi\u00e9tica<\/em>&nbsp;de Trump marca una especie de \"enclaustramiento\" de EE.UU. con respecto al mundo. Sin embargo, la excepci\u00f3n es con Am\u00e9rica Latina, ya que, si bien no hay variantes en cuanto a la imposici\u00f3n de aranceles,&nbsp;<strong>s\u00ed hay un reposicionamiento en el orden militar-territorial<\/strong>.<\/p>\n\n\n\n<p>El expresidente espa\u00f1ol Jos\u00e9 Mar\u00eda Aznar dijo recientemente en una entrevista que Trump era&nbsp;\"expansionista en Am\u00e9rica y aislacionista en el resto del mundo\", y, en esa din\u00e1mica, se&nbsp;evidencian las acciones que est\u00e1n desencadenando los&nbsp;funcionarios de la&nbsp;Casa Blanca.<\/p>\n\n\n\n<p>En las \u00faltimas semanas, un conjunto de acontecimientos permite entender el sentido de la pol\u00edtica estadounidense. El pasado 11 de abril, el secretario de Defensa de EE.UU., Pete Hegseth,&nbsp;<a href=\"https:\/\/actualidad-rt.com\/actualidad\/546407-jefe-pentagono-chinos-controlar-patio-trasero\" target=\"_blank\" rel=\"noreferrer noopener\">firm\u00f3<\/a>&nbsp;un memorando de entendimiento con el gobierno paname\u00f1o, que incluye cooperaci\u00f3n militar en su territorio y especialmente en el Canal de Panam\u00e1.<\/p>\n\n\n\n<p>El secretario de Estado, Marco Rubio, tambi\u00e9n hab\u00eda&nbsp;<a href=\"https:\/\/actualidad-rt.com\/actualidad\/544291-marco-rubio-lanza-conquista-caribe\" target=\"_blank\" rel=\"noreferrer noopener\">firmado<\/a>&nbsp;el 27 de marzo un memorando similar con el gobierno de Guyana. El 14 de abril, el secretario del Tesoro, Scott Bessent, viaj\u00f3&nbsp;a Argentina para dar un&nbsp;<a href=\"https:\/\/actualidad-rt.com\/actualidad\/547526-secretario-eeuu-argentina-ejemplo-apropiado-fmi\" target=\"_blank\" rel=\"noreferrer noopener\">espaldarazo<\/a>&nbsp;a la pol\u00edtica de ajustes aplicada por el gobierno del presidente Javier Milei. El propio presidente de EE.UU., Donald Trump,&nbsp;<a href=\"https:\/\/actualidad-rt.com\/actualidad\/544568-noboa-viajar-eeuu-peticion-trump\" target=\"_blank\" rel=\"noreferrer noopener\">recibi\u00f3<\/a>&nbsp;al presidente ecuatoriano, Daniel Noboa, una semana antes de las elecciones, un gesto que parec\u00eda darle&nbsp;&nbsp;el impulso final. El jefe del Comando Sur, almirante Alvin Holsey, arrib\u00f3 a finales de abril a Ushuaia, al sur de Argentina, donde tambi\u00e9n hay disputas con China por su inter\u00e9s&nbsp;en las rutas bioce\u00e1nicas y la conexi\u00f3n con la Ant\u00e1rtida.<\/p>\n\n\n\n<p>Todo el&nbsp;despliegue de EE.UU.&nbsp;<strong>va marcando la nueva cancha de confrontaci\u00f3n<\/strong>&nbsp;que est\u00e1 aplicando Washington ante esta nueva era que se abre en el mundo.<\/p>\n\n\n\n<blockquote class=\"wp-block-quote is-layout-flow wp-block-quote-is-layout-flow\">\n<p>Los tres presidentes que asistieron al Foro&nbsp;China-Comunidad de Estados Latinoamericanos y Caribe\u00f1os (Celac) son bastante representativos del giro que sigue generando Am\u00e9rica Latina.<\/p>\n<\/blockquote>\n\n\n\n<p>As\u00ed, a pesar de toda la presi\u00f3n del gobierno de EE.UU. y su discurso \"anti-chino\", recurrente en torno a todos sus&nbsp;funcionarios, 17 cancilleres y tres presidentes de Am\u00e9rica Latina asistieron esta semana a la cumbre de la Comunidad de Estados Latinoamericanos y Caribe\u00f1os (Celac) con China.<\/p>\n\n\n\n<p>En el encuentro, el presidente chino, Xi Jinping, adopt\u00f3 un discurso centrado en el impulso a la infraestructura y la cooperaci\u00f3n econ\u00f3mica, tras anunciar&nbsp;inversiones por el orden de los 9.200 millones de d\u00f3lares, lo que proyecta un incremento de la alianza en la regi\u00f3n.<\/p>\n\n\n\n<p>Los tres presidentes que asistieron como invitados son bastante representativos del giro que sigue generando Am\u00e9rica Latina.<\/p>\n\n\n\n<h3 class=\"wp-block-heading\"><strong>La Celac en China<\/strong><\/h3>\n\n\n\n<p>La protag\u00f3nica participaci\u00f3n de Colombia, liderada por su presidente Gustavo Petro, quien es tambi\u00e9n l\u00edder&nbsp;de la Celac, genera especial atenci\u00f3n, ya que es el \u00fanico aliado de Washington que mantiene&nbsp;la superioridad comercial estadounidense. Otros pa\u00edses alineados hacia EE.UU., como Per\u00fa y Chile, ya&nbsp;<strong>hace a\u00f1os que han dado un viraje hacia el mercado&nbsp;asi\u00e1tico<\/strong>.<\/p>\n\n\n\n<p>Petro, al anunciar la firma de una \"carta de intenci\u00f3n\" para&nbsp;<a href=\"https:\/\/actualidad-rt.com\/actualidad\/549761-petro-defender-firma-ruta-seda-china\" target=\"_blank\" rel=\"noreferrer noopener\">unir<\/a>&nbsp;Colombia a la Nueva Ruta de la Seda y proponer la construcci\u00f3n de una v\u00eda f\u00e9rrea, que permita el tr\u00e1nsito de mercanc\u00edas entre el Pac\u00edfico y el Atl\u00e1ntico m\u00e1s all\u00e1 del Canal de Panam\u00e1, muestra&nbsp;su inter\u00e9s en&nbsp;diversificar las relaciones y ver a China como socio de primer orden.<\/p>\n\n\n\n<p>Los otros dos presidentes que asistieron, Luiz In\u00e1cio Lula da Silva, de Brasil, y Gabriel Boric, de Chile, tambi\u00e9n representan pa\u00edses muy simb\u00f3licos. En el caso del primero,&nbsp;<strong>se trata de la&nbsp;econom\u00eda m\u00e1s grande de toda Am\u00e9rica Latina<\/strong>, y parte de una apuesta com\u00fan en torno a los BRICS.<\/p>\n\n\n\n<blockquote class=\"wp-block-quote is-layout-flow wp-block-quote-is-layout-flow\">\n<p>Se podr\u00eda pensar que esta relaci\u00f3n entre China y Am\u00e9rica Latina puede agrietarse por presiones de EE.UU. y sus operadores conservadores, pero lo cierto es que, hasta ahora, ese no ha sido el caso.<\/p>\n<\/blockquote>\n\n\n\n<p>Chile, al&nbsp;igual que Colombia, asum\u00eda hasta hace varios a\u00f1os una alineaci\u00f3n total con los designios comerciales de EE.UU., pero desde la d\u00e9cada pasada, los gobiernos de todo signo han inclinado la balanza a v\u00ednculos prioritarios con China en el \u00e1mbito econ\u00f3mico.<\/p>\n\n\n\n<p>Se podr\u00eda pensar que esta relaci\u00f3n entre China y Am\u00e9rica Latina puede agrietarse por presiones de EE.UU. y sus operadores conservadores, pero lo cierto es que, hasta ahora, ese no ha sido el caso.<\/p>\n\n\n\n<p>Los gobiernos de izquierda inicialmente establecieron y ampliaron los lazos comerciales con China, mientras que&nbsp;<strong>los de derecha han optado por no obstaculizar este comercio<\/strong>, reconociendo su importancia para el bienestar econ\u00f3mico y la posibilidad de entrar en nuevos mercados.<\/p>\n\n\n\n<p>Este comportamiento puede ilustrarse de mejor manera con el caso del presidente argentino, Javier Milei, quien, a pesar de plegarse al discurso \"antichino\" durante su campa\u00f1a presidencial, rebaj\u00f3 el tono al llegar al poder,&nbsp;anunci\u00f3&nbsp;un viaje al pa\u00eds asi\u00e1tico y ha firmado acuerdos con Pek\u00edn.<\/p>\n\n\n\n<p>China est\u00e1 avanzando en Am\u00e9rica Latina mediante inversiones en infraestructura y el aumento de&nbsp;sus importaciones, mientras que EE.UU., bajo la actual gesti\u00f3n, est\u00e1 utilizando aranceles y amenazas militares para imponer sus designios.<\/p>\n\n\n\n<p>Entonces,&nbsp;<strong>la cumbre ha sido un signo de independencia real<\/strong>&nbsp;de los gobiernos de Am\u00e9rica Latina que, m\u00e1s all\u00e1 de posturas ideol\u00f3gicas, han decidido buscar un \"lugar en el mundo\", ya no solo en el terreno comercial, sino tambi\u00e9n en el geopol\u00edtico.<\/p>\n\n\n\n<p>La Celac, con esta cumbre, afirma su posici\u00f3n negociadora con China y tambi\u00e9n deja la puerta abierta. Petro ya ha planteado una cumbre con EE.UU. y con la Uni\u00f3n Europea (UE), que tiene su propia alternativa a la<a href=\"https:\/\/actualidad-rt.com\/actualidad\/549768-ruta-seda-china-implicacion-america-latina\" target=\"_blank\" rel=\"noreferrer noopener\">&nbsp;Nueva Ruta de la Seda<\/a>, llamada Global Gateway.<\/p>\n\n\n\n<p>Ante el 'expansionismo' estadounidense pregonado por Aznar, Am\u00e9rica Latina sigue apostando a la diversificaci\u00f3n de sus mercados y su beligerancia en las relaciones geopol\u00edticas.<\/p>\n","protected":false},"excerpt":{"rendered":"<p>Ociel Al\u00ed L\u00f3pez (Russia Today, 15-5-25) Am\u00e9rica Latina est\u00e1 redefiniendo su rol geopol\u00edtico, especialmente tras el incremento sostenido de su comercio con China durante la \u00faltima d\u00e9cada. Este proceso se ha acelerado debido a las pol\u00edticas comerciales de EE.UU. bajo el segundo gobierno de Donald&nbsp;Trump, caracterizado por un enfoque proteccionista que ha llevado a la [&hellip;]<\/p>\n","protected":false},"author":1,"featured_media":57944,"comment_status":"open","ping_status":"open","sticky":false,"template":"","format":"standard","meta":{"footnotes":""},"categories":[14,12],"tags":[],"class_list":["post-57943","post","type-post","status-publish","format-standard","has-post-thumbnail","hentry","category-internacionales","category-politica-3"],"_links":{"self":[{"href":"https:\/\/debateplural.net\/site\/wp-json\/wp\/v2\/posts\/57943"}],"collection":[{"href":"https:\/\/debateplural.net\/site\/wp-json\/wp\/v2\/posts"}],"about":[{"href":"https:\/\/debateplural.net\/site\/wp-json\/wp\/v2\/types\/post"}],"author":[{"embeddable":true,"href":"https:\/\/debateplural.net\/site\/wp-json\/wp\/v2\/users\/1"}],"replies":[{"embeddable":true,"href":"https:\/\/debateplural.net\/site\/wp-json\/wp\/v2\/comments?post=57943"}],"version-history":[{"count":1,"href":"https:\/\/debateplural.net\/site\/wp-json\/wp\/v2\/posts\/57943\/revisions"}],"predecessor-version":[{"id":57945,"href":"https:\/\/debateplural.net\/site\/wp-json\/wp\/v2\/posts\/57943\/revisions\/57945"}],"wp:featuredmedia":[{"embeddable":true,"href":"https:\/\/debateplural.net\/site\/wp-json\/wp\/v2\/media\/57944"}],"wp:attachment":[{"href":"https:\/\/debateplural.net\/site\/wp-json\/wp\/v2\/media?parent=57943"}],"wp:term":[{"taxonomy":"category","embeddable":true,"href":"https:\/\/debateplural.net\/site\/wp-json\/wp\/v2\/categories?post=57943"},{"taxonomy":"post_tag","embeddable":true,"href":"https:\/\/debateplural.net\/site\/wp-json\/wp\/v2\/tags?post=57943"}],"curies":[{"name":"wp","href":"https:\/\/api.w.org\/{rel}","templated":true}]}}