{"id":58101,"date":"2025-05-28T11:59:03","date_gmt":"2025-05-28T15:59:03","guid":{"rendered":"https:\/\/debateplural.net\/site\/?p=58101"},"modified":"2025-05-28T11:59:04","modified_gmt":"2025-05-28T15:59:04","slug":"que-dice-el-caso-portugues-sobre-la-extrema-derechizacion-en-europa","status":"publish","type":"post","link":"https:\/\/debateplural.net\/site\/2025\/05\/28\/que-dice-el-caso-portugues-sobre-la-extrema-derechizacion-en-europa\/","title":{"rendered":"\u00bfQu\u00e9 dice el caso portugu\u00e9s sobre la extrema derechizaci\u00f3n en Europa?"},"content":{"rendered":"\n<p>Carmen Parejo Rend\u00f3n (Russia Today, 28-5-25)<\/p>\n\n\n\n<p>La tierra que regal\u00f3 al mundo la&nbsp;<a href=\"https:\/\/actualidad-rt.com\/actualidad\/530460-morir-celeste-caeiro-simbolo-revolucion-claveles\" target=\"_blank\" rel=\"noreferrer noopener\">Revoluci\u00f3n de los Claveles<\/a>&nbsp;ha sellado tr\u00e1gicamente su adhesi\u00f3n al ciclo reaccionario que corroe Europa. En apenas dos a\u00f1os, la hegemon\u00eda del Partido Socialista se ha visto arrasada, dando paso, en estas \u00faltimas elecciones, a&nbsp;<strong>una Asamblea donde m\u00e1s de dos tercios sirve a la derecha tradicional<\/strong>&nbsp;y a su grotesca extensi\u00f3n: la ultraderecha de&nbsp;<a href=\"https:\/\/actualidad-rt.com\/actualidad\/549963-video-lider-extrema-derecha-portuguesa\" target=\"_blank\" rel=\"noreferrer noopener\">Chega<\/a>, que ya recoge el 22% de los votos.<\/p>\n\n\n\n<p>El sue\u00f1o de 1974 se tambalea, mientras Portugal se hunde en una deriva que no es solo local, sino estructuralmente europea.<\/p>\n\n\n\n<p>Fundado en 2019 por Andr\u00e9 Ventura, un excomentarista deportivo con trayectoria en el Partido Social Dem\u00f3crata, Chega ha canalizado el malestar de sectores golpeados por la precarizaci\u00f3n econ\u00f3mica, pero tambi\u00e9n por un discurso profundamente&nbsp;<a href=\"https:\/\/actualidad-rt.com\/actualidad\/534554-portugal-impedir-migrantes-ilegales-accedan-servicio-nacional-salud\" target=\"_blank\" rel=\"noreferrer noopener\">xen\u00f3fobo<\/a>, antifeminista y autoritario, a menudo alimentado por el resentimiento y el rechazo hacia los derechos sociales, fomentado durante a\u00f1os a trav\u00e9s de una guerra cultural que obvia sistem\u00e1ticamente las condiciones materiales.<\/p>\n\n\n\n<blockquote class=\"wp-block-quote is-layout-flow wp-block-quote-is-layout-flow\">\n<p>El sue\u00f1o de 1974 se tambalea, mientras Portugal se hunde en una deriva que no es s\u00f3lo local, sino estructuralmente europea.<\/p>\n<\/blockquote>\n\n\n\n<p>La derechizaci\u00f3n de Europa no puede entenderse sin atender a&nbsp;<strong>la larga mutaci\u00f3n del modelo liberal europeo<\/strong>, una transformaci\u00f3n estructural que tiene uno de sus puntos de inflexi\u00f3n en la firma del Tratado de Maastricht en 1992.<\/p>\n\n\n\n<p>Ese&nbsp;tratado no solo sent\u00f3 las bases institucionales de la Uni\u00f3n Europea, sino que impuso un marco econ\u00f3mico ultraliberal, inspirado en los experimentos de laboratorio aplicados en la dictadura de&nbsp;<a href=\"https:\/\/actualidad-rt.com\/actualidad\/522657-denuncian-partido-republicano-chile-celebrar-golpe\" target=\"_blank\" rel=\"noreferrer noopener\">Augusto Pinochet<\/a>&nbsp;en Chile: vaciamiento del Estado en lo social, hipertrofia del mercado en todas las esferas de la vida, y blindaje autoritario para garantizar la reproducci\u00f3n del capital.<\/p>\n\n\n\n<p>Desde entonces,&nbsp;<strong>la Europa del bienestar fue sacrificada en nombre de la competitividad<\/strong>, y el mercado se convirti\u00f3 en dogma. La desregulaci\u00f3n, las privatizaciones y los recortes \u2014nunca aplicados al aparato represivo del Estado\u2014 contin\u00faan redefiniendo los m\u00e1rgenes de lo que antes parec\u00eda imposible.<\/p>\n\n\n\n<p>Este escenario, que no se puede comprender sin la ca\u00edda del Bloque socialista y el fin de la Guerra Fr\u00eda, dej\u00f3 el campo abierto a la expansi\u00f3n sin contrapesos del capitalismo realmente existente. Europa, de la mano de EE.UU., aprovech\u00f3 esa era de unipolaridad para consolidar su arquitectura ultraliberal. Y en cada nueva crisis \u2014como la de 2008\u2014 se ha ido reforzando la misma l\u00f3gica: rescates al capital, ajustes para los pueblos.<\/p>\n\n\n\n<blockquote class=\"wp-block-quote is-layout-flow wp-block-quote-is-layout-flow\">\n<p>La emergencia de nuevas izquierdas como el Bloco de Esquerda, ligadas sobre todo a sectores urbanos de clase media, ofreci\u00f3 una alternativa parcial que hoy, como Podemos en el Estado espa\u00f1ol, est\u00e1 al borde de su desaparici\u00f3n.<\/p>\n<\/blockquote>\n\n\n\n<p>Portugal \u2014como Grecia, Espa\u00f1a o Italia\u2014 fue v\u00edctima del castigo financiero y pol\u00edtico de Bruselas. Las llamadas pol\u00edticas de austeridad, impuestas con una violencia colonial encubierta, llevaron a una crisis interna tan profunda que acab\u00f3 con la dimisi\u00f3n del entonces primer ministro Jos\u00e9 S\u00f3crates. El desprecio hacia los pa\u00edses del sur se hizo evidente incluso en el lenguaje: 'PIGS', una sigla despectiva que agrupaba a los m\u00e1s golpeados por las recetas europeas a la crisis econ\u00f3mica.<\/p>\n\n\n\n<p>Portugal, renacida pol\u00edticamente del impulso revolucionario del 25 de abril y de un proyecto de construcci\u00f3n socialista,&nbsp;<strong>se ha visto atrapada en una estructura supranacional<\/strong>&nbsp;que niega su soberan\u00eda popular y social.<\/p>\n\n\n\n<p>La&nbsp;<a href=\"https:\/\/actualidad-rt.com\/actualidad\/548831-portugal-planea-expulsar-miles-migrantes\" target=\"_blank\" rel=\"noreferrer noopener\">degradaci\u00f3n<\/a>&nbsp;de las condiciones de vida, el aumento de la desigualdad entre Estados miembros y la p\u00e9rdida de referentes ideol\u00f3gicos&nbsp;<strong>han favorecido a su vez el vaciamiento del espacio de la izquierda<\/strong>. El Partido Comunista Portugu\u00e9s, aunque m\u00e1s s\u00f3lido organizativa e ideol\u00f3gicamente que sus hom\u00f3logos europeos, ha sido tambi\u00e9n v\u00edctima del repliegue general. La emergencia de nuevas izquierdas como el Bloco de Esquerda, ligadas sobre todo a sectores urbanos de clase media, ofreci\u00f3 una alternativa parcial que hoy, como Podemos en el Estado espa\u00f1ol, est\u00e1 al borde de su desaparici\u00f3n.<\/p>\n\n\n\n<blockquote class=\"wp-block-quote is-layout-flow wp-block-quote-is-layout-flow\">\n<p>La moda reaccionaria se presenta como enfrentamiento al<em>&nbsp;statu quo<\/em>&nbsp;\u2014aunque sea su brazo armado\u2014, desplazando el eje del conflicto desde la lucha de clases hacia una guerra cultural basada en el odio, el miedo y la exclusi\u00f3n.<\/p>\n<\/blockquote>\n\n\n\n<p>En ese vac\u00edo pol\u00edtico e ideol\u00f3gico, emerge la extrema derecha. La moda reaccionaria se presenta como enfrentamiento al<em>&nbsp;statu quo<\/em>&nbsp;\u2014aunque sea su brazo armado\u2014, desplazando el eje del conflicto desde la lucha de clases hacia una guerra cultural basada en el odio, el miedo y la exclusi\u00f3n. Ventura y Chega canalizan ese malestar de forma reaccionaria,&nbsp;<strong>ofreciendo una restauraci\u00f3n del orden con un nuevo envoltorio<\/strong>, pero con el mismo prop\u00f3sito de siempre: sostener los privilegios del capital mediante una pol\u00edtica de fuerza.<\/p>\n\n\n\n<p>El ascenso de Chega, adem\u00e1s, no se explica \u00fanicamente por la din\u00e1mica interna portuguesa. Su emergencia debe entenderse como parte de&nbsp;<strong>una estrategia internacional de reorganizaci\u00f3n reaccionaria<\/strong>, sostenida por redes ideol\u00f3gicas, medi\u00e1ticas y financieras que conectan a las nuevas extremas derechas de todo el mundo.<\/p>\n\n\n\n<p>En esta&nbsp;\"Internacional de la reacci\u00f3n\" confluyen 'think-tanks' ultraliberales como Atlas Network, fundaciones como Disenso \u2014vinculada a Vox\u2014, redes evang\u00e9licas transnacionales, fondos especulativos y plataformas digitales que operan como canales de desinformaci\u00f3n y control cultural.<\/p>\n\n\n\n<p><strong>Esta ofensiva no improvisa<\/strong>: se nutre del fracaso de los progresismos institucionales, del colapso del multilateralismo liberal, y del miedo social generado por la crisis ecol\u00f3gica, migratoria y econ\u00f3mica. As\u00ed, se articula un proyecto global de restauraci\u00f3n autoritaria, que combina nacionalismo excluyente con ultraliberalismo econ\u00f3mico, culto a la tradici\u00f3n con guerra cultural, y un anticomunismo visceral con un desprecio c\u00ednico por los derechos humanos. Como antes Brasil con Bolsonaro,&nbsp;<strong>Portugal se convierte tambi\u00e9n en campo de experimentaci\u00f3n<\/strong>&nbsp;de estas f\u00f3rmulas reaccionarias que cuentan con respaldo geoestrat\u00e9gico. No es casualidad que estas formaciones repitan el mismo lenguaje, compartan asesores, e incluso organicen cumbres conjuntas.<\/p>\n\n\n\n<p>La extrema derecha no desaf\u00eda el poder del capital: lo blinda. Por eso cuenta con el visto bueno de amplios sectores empresariales, medi\u00e1ticos y militares. Su funci\u00f3n hist\u00f3rica, como en los a\u00f1os 30, es contener cualquier intento de transformaci\u00f3n social, pero adapt\u00e1ndose a los marcos comunicacionales y tecnol\u00f3gicos del presente. En este sentido,&nbsp;<strong>Chega no solo representa un peligro para Portugal<\/strong>, sino que implica la inserci\u00f3n&nbsp;activa del pa\u00eds en una red de reacci\u00f3n que busca reorganizar el orden mundial en t\u00e9rminos a\u00fan m\u00e1s brutales, m\u00e1s excluyentes y m\u00e1s autoritarios.<\/p>\n\n\n\n<blockquote class=\"wp-block-quote is-layout-flow wp-block-quote-is-layout-flow\">\n<p>La extrema derecha no desaf\u00eda el poder del capital: lo blinda. Por eso cuenta con el visto bueno de amplios sectores empresariales, medi\u00e1ticos y militares.<\/p>\n<\/blockquote>\n\n\n\n<p>El esp\u00edritu del 25 de abril, que encarn\u00f3 una ruptura hist\u00f3rica con el fascismo y un impulso hacia la soberan\u00eda popular y el socialismo, ha quedado sitiado. Pero no se trata solo del avance de Chega, sino de un orden europeo que desde hace d\u00e9cadas trabaja para borrar cualquier rastro de horizonte emancipador.&nbsp;<strong>La UE no fue nunca un proyecto social<\/strong>: fue un mecanismo de disciplinamiento econ\u00f3mico y geopol\u00edtico que hoy, en crisis, necesita del autoritarismo para sostenerse.<\/p>\n\n\n\n<p>El avance de Chega nos interpela en sentido general. Su crecimiento no responde a una ola espont\u00e1nea, sino a una larga y meticulosa operaci\u00f3n de desideologizaci\u00f3n, frustraci\u00f3n social y vaciamiento del espacio pol\u00edtico. Solo puede avanzar una extrema derecha que se disfraza de antisistema cuando el sistema democr\u00e1tico ha perdido toda credibilidad y legitimidad.<\/p>\n\n\n\n<p>Frente a esto,&nbsp;<strong>la respuesta no puede ser un centrismo<\/strong>&nbsp;impotente ni una izquierda que gestiona ruinas. Hace falta reconstruir un proyecto popular de ruptura que recuerde que hubo un d\u00eda \u2014el 25 de abril de 1974\u2014 en que un pueblo entero, desde los cuarteles hasta las f\u00e1bricas, decidi\u00f3 que hab\u00eda llegado el momento de la dignidad. Y que entienda que hoy, como entonces, no basta con resistir: hay que volver a caminar.<\/p>\n","protected":false},"excerpt":{"rendered":"<p>Carmen Parejo Rend\u00f3n (Russia Today, 28-5-25) La tierra que regal\u00f3 al mundo la&nbsp;Revoluci\u00f3n de los Claveles&nbsp;ha sellado tr\u00e1gicamente su adhesi\u00f3n al ciclo reaccionario que corroe Europa. En apenas dos a\u00f1os, la hegemon\u00eda del Partido Socialista se ha visto arrasada, dando paso, en estas \u00faltimas elecciones, a&nbsp;una Asamblea donde m\u00e1s de dos tercios sirve a la [&hellip;]<\/p>\n","protected":false},"author":1,"featured_media":58102,"comment_status":"open","ping_status":"open","sticky":false,"template":"","format":"standard","meta":{"footnotes":""},"categories":[14,12],"tags":[],"class_list":["post-58101","post","type-post","status-publish","format-standard","has-post-thumbnail","hentry","category-internacionales","category-politica-3"],"_links":{"self":[{"href":"https:\/\/debateplural.net\/site\/wp-json\/wp\/v2\/posts\/58101"}],"collection":[{"href":"https:\/\/debateplural.net\/site\/wp-json\/wp\/v2\/posts"}],"about":[{"href":"https:\/\/debateplural.net\/site\/wp-json\/wp\/v2\/types\/post"}],"author":[{"embeddable":true,"href":"https:\/\/debateplural.net\/site\/wp-json\/wp\/v2\/users\/1"}],"replies":[{"embeddable":true,"href":"https:\/\/debateplural.net\/site\/wp-json\/wp\/v2\/comments?post=58101"}],"version-history":[{"count":1,"href":"https:\/\/debateplural.net\/site\/wp-json\/wp\/v2\/posts\/58101\/revisions"}],"predecessor-version":[{"id":58103,"href":"https:\/\/debateplural.net\/site\/wp-json\/wp\/v2\/posts\/58101\/revisions\/58103"}],"wp:featuredmedia":[{"embeddable":true,"href":"https:\/\/debateplural.net\/site\/wp-json\/wp\/v2\/media\/58102"}],"wp:attachment":[{"href":"https:\/\/debateplural.net\/site\/wp-json\/wp\/v2\/media?parent=58101"}],"wp:term":[{"taxonomy":"category","embeddable":true,"href":"https:\/\/debateplural.net\/site\/wp-json\/wp\/v2\/categories?post=58101"},{"taxonomy":"post_tag","embeddable":true,"href":"https:\/\/debateplural.net\/site\/wp-json\/wp\/v2\/tags?post=58101"}],"curies":[{"name":"wp","href":"https:\/\/api.w.org\/{rel}","templated":true}]}}