{"id":58547,"date":"2025-07-10T11:46:33","date_gmt":"2025-07-10T15:46:33","guid":{"rendered":"https:\/\/debateplural.net\/site\/?p=58547"},"modified":"2025-07-10T11:46:35","modified_gmt":"2025-07-10T15:46:35","slug":"cumbre-2025-los-brics-abrazan-el-multilateralismo-y-piden-reformas-en-las-organizaciones-globales","status":"publish","type":"post","link":"https:\/\/debateplural.net\/site\/2025\/07\/10\/cumbre-2025-los-brics-abrazan-el-multilateralismo-y-piden-reformas-en-las-organizaciones-globales\/","title":{"rendered":"Cumbre 2025: los BRICS abrazan el multilateralismo y piden reformas en las organizaciones globales"},"content":{"rendered":"\n<p> Ulf Thoene (The Conversation, 7-7-25)<\/p>\n\n\n\n<p>La cumbre n\u00famero 17 de los&nbsp;<a href=\"https:\/\/es.wikipedia.org\/wiki\/BRICS\">BRICS<\/a>, que acaba de celebrarse en R\u00edo de Janeiro (6 y 7 de julio de 2025), representa un momento crucial para los pa\u00edses emergentes que se han constituido en&nbsp;<a href=\"https:\/\/es.wikipedia.org\/wiki\/G7\">bloque alternativo al G7<\/a>, el cual re\u00fane los siete pa\u00edses con mayor peso pol\u00edtico, econ\u00f3mico y militar a escala global.<\/p>\n\n\n\n<p>El grupo de los BRICS, creado por Brasil, Rusia, India, China y Sud\u00e1frica,&nbsp;<a href=\"https:\/\/brics.br\/en\/about-the-brics\">cuenta ahora con 10 miembros plenos<\/a>&nbsp;\u2013dado que persisten dudas sobre la&nbsp;<a href=\"https:\/\/www.eluniverso.com\/noticias\/internacional\/arabia-saudi-decide-no-participar-en-la-primera-sesion-de-los-brics-sobre-geopolitica-nota\/\">membres\u00eda plena de Arabia Saudita<\/a>, que no ha ratificado su pertenencia\u2013 y 10 pa\u00edses socios de diversas regiones del mundo.<\/p>\n\n\n\n<h2 class=\"wp-block-heading\">BRICS, una fuerza geopol\u00edtica global<\/h2>\n\n\n\n<p>La&nbsp;<a href=\"https:\/\/brics.br\/en\/documents\/presidency-documents\">Declaraci\u00f3n de R\u00edo<\/a>&nbsp;subraya la intenci\u00f3n de los BRICS de ir m\u00e1s all\u00e1 de una plataforma de coordinaci\u00f3n econ\u00f3mica para convertirse en una fuerza significativa en la geopol\u00edtica global. Adem\u00e1s, aborda los nuevos y complejos desaf\u00edos de seguridad y reafirma su compromiso con un orden mundial multipolar.<\/p>\n\n\n\n<p>Ante los conflictos globales crecientes y la instauraci\u00f3n de nuevas&nbsp;<a href=\"https:\/\/cnnespanol.cnn.com\/2025\/07\/06\/mundo\/resumen-cumbre-brics-rio-de-janeiro-dia-1-efe\">pol\u00edticas comerciales, m\u00e1s proteccionistas<\/a>&nbsp;(<a href=\"https:\/\/foreignpolicy.com\/2025\/07\/02\/brics-america-first-trade\/\">especialmente de EE.&nbsp;UU.<\/a>), la cumbre resalta la creciente ambici\u00f3n del bloque y su disposici\u00f3n para lograr consensos.<\/p>\n\n\n\n<h2 class=\"wp-block-heading\">Ausencias destacadas<\/h2>\n\n\n\n<p>Ya la cumbre BRICS 2024 (celebrada en Kaz\u00e1n, Rusia) marc\u00f3 un precedente por su alta participaci\u00f3n y una&nbsp;<a href=\"https:\/\/www.gov.br\/mre\/pt-br\/canais_atendimento\/imprensa\/notas-a-imprensa\/xvi-cupula-do-brics-2013-kazan-russia-22-a-24-de-outubro-de-2024-declaracao-final\">declaraci\u00f3n detallada<\/a>&nbsp;en apoyo del multilateralismo, la cooperaci\u00f3n econ\u00f3mica y financiera, y los movimientos migratorios entre sus pa\u00edses miembros. Ahora, la presidencia de Brasil prioriza la gobernanza global inclusiva y la colaboraci\u00f3n entre naciones en desarrollo.<\/p>\n\n\n\n<p>Sin embargo, han faltado a esta cita&nbsp;<a href=\"https:\/\/es.euronews.com\/2025\/07\/06\/la-ausencia-de-xi-y-putin-en-la-cumbre-brics-en-brasil-genera-dudas-sobre-la-cohesion-del-\">dos l\u00edderes destacados de los pa\u00edses BRICS<\/a>: el presidente ruso Vlad\u00edmir Putin y el presidente chino Xi Jinping. Putin, sobre quien pesa una orden de detenci\u00f3n de la Corte Penal Internacional, decidi\u00f3 no asistir por temor a que su avi\u00f3n pudiera ser interceptado. La ausencia de Xi probablemente sea deliberada: Rusia y China dominan el bloque y el l\u00edder chino podr\u00eda haber sido reacio a liderar el encuentro sin la presencia de Putin.<\/p>\n\n\n\n<h3 class=\"wp-block-heading\">Understand how AI is changing society<\/h3>\n\n\n\n<p>Get our newsletter<\/p>\n\n\n\n<h2 class=\"wp-block-heading\">La seguridad como eje central<\/h2>\n\n\n\n<p>La Declaraci\u00f3n de R\u00edo resalta el creciente compromiso de los BRICS con la geopol\u00edtica y la seguridad global, una tendencia que ha ido ganando fuerza&nbsp;<a href=\"https:\/\/www.gov.br\/mre\/pt-br\/canais_atendimento\/imprensa\/notas-a-imprensa\/declaracao-de-pequim-da-xiv-cupula-do-brics\">desde la cumbre de 2022<\/a>, celebrada en Pek\u00edn (China).<\/p>\n\n\n\n<p>Aunque el conflicto en Ucrania recibe menos atenci\u00f3n este a\u00f1o, el Medio Oriente y \u00c1frica son preocupaciones principales. Por ello, el presidente brasile\u00f1o, Luiz In\u00e1cio Lula Da Silva, ha propuesto en esta cumbre&nbsp;<a href=\"https:\/\/efe.com\/mundo\/2025-07-06\/brics-cumbre-brasil-rio-janeiro-2025-paz-multilateralismo\/\">la reforma del Consejo de Seguridad de Naciones Unidas<\/a>.<\/p>\n\n\n\n<p>Adem\u00e1s,&nbsp;<a href=\"https:\/\/www.gov.br\/mre\/pt-br\/canais_atendimento\/imprensa\/notas-a-imprensa\/declaracao-de-lideres-do-brics-2014-rio-de-janeiro-06-de-julho-de-2025\">se ha abordado la cuesti\u00f3n del terrorismo<\/a>&nbsp;con una condena expl\u00edcita de&nbsp;<a href=\"https:\/\/www.lavanguardia.com\/internacional\/20250422\/10607088\/ataque-insurgente-civiles-cachemira-india-deja-26-muertos-13-heridos.html\">los ataques en Jammu y Cachemira<\/a>&nbsp;del pasado abril. La declaraci\u00f3n tambi\u00e9n se\u00f1ala los conflictos en Sud\u00e1n, Siria y Hait\u00ed, y hace un llamamiento a la paz y a mantener la acci\u00f3n humanitaria en las zonas en conflicto.<\/p>\n\n\n\n<h2 class=\"wp-block-heading\">Objetivos econ\u00f3micos y disputas comerciales<\/h2>\n\n\n\n<p>A pesar del \u00e9nfasis puesto en la seguridad global, la misi\u00f3n central de BRICS sigue siendo la coordinaci\u00f3n econ\u00f3mica y la reforma multilateral. La declaraci\u00f3n respalda el desarrollo sostenible, las iniciativas clim\u00e1ticas, la digitalizaci\u00f3n, la inteligencia artificial, el desarrollo de la ciberseguridad y los&nbsp;<a href=\"https:\/\/www.ndb.int\/projects\/all-projects\/\">programas de desarrollo y ayuda internacional<\/a>&nbsp;del&nbsp;<a href=\"https:\/\/theconversation.com\/new-development-bank-un-banco-liderado-por-china-para-el-nuevo-orden-mundial-248580\">New Development Bank<\/a>&nbsp;(NBD).<\/p>\n\n\n\n<p>Sobre el cambio clim\u00e1tico, prioridad brasile\u00f1a, los BRICS rechazan el mecanismo de ajuste de carbono en fronteras&nbsp;<a href=\"https:\/\/www.miteco.gob.es\/es\/cambio-climatico\/temas\/cbam\/que-es-el-cbam.html\">aplicado por la UE<\/a>, al que califican de proteccionista (<a href=\"https:\/\/noticiaspia.com\/declaracion-final-de-la-cumbre-del-brics-en-brasil\/\">Art\u00edculo 88<\/a>&nbsp;de la Declaraci\u00f3n de R\u00edo).<\/p>\n\n\n\n<p>La declaraci\u00f3n expresa la preocupaci\u00f3n de los miembros del grupo&nbsp;<a href=\"https:\/\/es.euronews.com\/2025\/07\/07\/los-brics-expresan-una-seria-preocupacion-por-el-aumento-de-los-aranceles-sin-mencionar-a-\">por las medidas arancelarias unilaterales<\/a>, que perturban el comercio y contravienen las reglas de la Organizaci\u00f3n Mundial del Comercio. En cuanto a la discusi\u00f3n sobre la reducci\u00f3n de la dependencia del d\u00f3lar, los BRICS&nbsp;<a href=\"https:\/\/agenciabrasil.ebc.com.br\/es\/internacional\/noticia\/2025-07\/brics-avanzan-negaciaciones-hacia-sistema-de-pago-propio\">proponen un sistema de pago propio<\/a>&nbsp;para disminuir la dependencia de los sistemas financieros occidentales.<\/p>\n\n\n\n<hr class=\"wp-block-separator has-alpha-channel-opacity\"\/>\n\n\n\n<p><em><strong>Read more:&nbsp;<a href=\"https:\/\/theconversation.com\/new-development-bank-un-banco-liderado-por-china-para-el-nuevo-orden-mundial-248580\">New Development Bank, \u00bfun banco liderado por China para el nuevo orden mundial?<\/a><\/strong><\/em><\/p>\n\n\n\n<hr class=\"wp-block-separator has-alpha-channel-opacity\"\/>\n\n\n\n<h2 class=\"wp-block-heading\">Multipolaridad y gobernanza global<\/h2>\n\n\n\n<p>Los BRICS&nbsp;<a href=\"https:\/\/www.lanacion.com.ar\/agencias\/lideres-de-los-brics-se-reunen-en-rio-para-defender-un-multilateralismo-bajo-ataque-nid06072025\/\">abrazan el multilateralismo<\/a>&nbsp;y piden reformas para \u201capoyar las aspiraciones leg\u00edtimas de los pa\u00edses emergentes y en desarrollo de \u00c1frica, Asia y Am\u00e9rica Latina, incluyendo los pa\u00edses BRICS, a desempe\u00f1ar un papel mayor en los asuntos internacionales\u201d y que, en particular, el Consejo de Seguridad de las Naciones Unidas sea \u201cm\u00e1s democr\u00e1tico, representativo, eficaz y eficiente\u201d (<a href=\"https:\/\/noticiaspia.com\/declaracion-final-de-la-cumbre-del-brics-en-brasil\/\">Art\u00edculo 6<\/a>).<\/p>\n\n\n\n<p>Este enfoque se alinea con sus cr\u00edticas a las instituciones nacidas de los Acuerdos de Bretton Woods, como el Banco Mundial y el Fondo Monetario Internacional (FMI), a las que reclama un proceso de reforma para \u201chacerlas m\u00e1s \u00e1giles, eficaces, confiables, inclusivas, adecuadas a su finalidad, imparciales, responsables y representativas, reforzando su legitimidad\u201d (<a href=\"https:\/\/noticiaspia.com\/declaracion-final-de-la-cumbre-del-brics-en-brasil\/\">Art\u00edculo 10<\/a>). Adem\u00e1s, defiende iniciativas propias, como el New Development Bank: \u201creconocemos y apoyamos su creciente papel como un agente robusto y estrat\u00e9gico de desarrollo y modernizaci\u00f3n en el Sur Global\u201d (<a href=\"https:\/\/noticiaspia.com\/declaracion-final-de-la-cumbre-del-brics-en-brasil\/\">Art\u00edculo 46<\/a>).<\/p>\n\n\n\n<p>El presidente brasile\u00f1o, Lula da Silva, se\u00f1al\u00f3 en su intervenci\u00f3n que, con el multilateralismo bajo amenaza, est\u00e1 en juego&nbsp;<a href=\"https:\/\/www.eluniverso.com\/noticias\/internacional\/lula-da-silva-defiende-multilateralismo-en-cita-de-brics-marcada-por-aranceles-de-trump-nota\/\">la autonom\u00eda de las naciones en desarrollo<\/a>.<\/p>\n\n\n\n<h2 class=\"wp-block-heading\">Desaf\u00edos y prioridades estrat\u00e9gicas<\/h2>\n\n\n\n<p>Fortalecer instituciones como el New Development Bank y fomentar la cooperaci\u00f3n Sur-Sur ser\u00e1 crucial para mantener la relevancia de BRICS. Adem\u00e1s, su expansi\u00f3n a 20 pa\u00edses, incluyendo miembros plenos como Egipto, Etiop\u00eda, Ir\u00e1n, los Emiratos \u00c1rabes Unidos e Indonesia, fortalece su influencia global. El bloque representa ya&nbsp;<a href=\"https:\/\/brics.br\/en\/about-the-brics\/brics-data\">cerca del 50&nbsp;% de la poblaci\u00f3n mundial<\/a>, casi el 40&nbsp;% de su econom\u00eda en 2023 y m\u00e1s de dos quintas partes de la producci\u00f3n global de petr\u00f3leo. Sin embargo, este crecimiento complica la construcci\u00f3n de consensos y plantea desaf\u00edos sobre la soberan\u00eda de los pa\u00edses miembros.<\/p>\n\n\n\n<p>En un mundo vol\u00e1til, moldeado por guerras comerciales y conflictos regionales, los BRICS enfrentan un equilibrio delicado. El bloque debe tranquilizar a socios occidentales esc\u00e9pticos, como el presidente estadounidense Donald Trump, quien&nbsp;<a href=\"https:\/\/truthsocial.com\/@realDonaldTrump\/posts\/11480957429606630\">lo ha criticado vehementemente<\/a>&nbsp;en su red social, Truth Social.<\/p>\n","protected":false},"excerpt":{"rendered":"<p>Ulf Thoene (The Conversation, 7-7-25) La cumbre n\u00famero 17 de los&nbsp;BRICS, que acaba de celebrarse en R\u00edo de Janeiro (6 y 7 de julio de 2025), representa un momento crucial para los pa\u00edses emergentes que se han constituido en&nbsp;bloque alternativo al G7, el cual re\u00fane los siete pa\u00edses con mayor peso pol\u00edtico, econ\u00f3mico y militar [&hellip;]<\/p>\n","protected":false},"author":1,"featured_media":54193,"comment_status":"open","ping_status":"open","sticky":false,"template":"","format":"standard","meta":{"footnotes":""},"categories":[14,12],"tags":[],"class_list":["post-58547","post","type-post","status-publish","format-standard","has-post-thumbnail","hentry","category-internacionales","category-politica-3"],"_links":{"self":[{"href":"https:\/\/debateplural.net\/site\/wp-json\/wp\/v2\/posts\/58547"}],"collection":[{"href":"https:\/\/debateplural.net\/site\/wp-json\/wp\/v2\/posts"}],"about":[{"href":"https:\/\/debateplural.net\/site\/wp-json\/wp\/v2\/types\/post"}],"author":[{"embeddable":true,"href":"https:\/\/debateplural.net\/site\/wp-json\/wp\/v2\/users\/1"}],"replies":[{"embeddable":true,"href":"https:\/\/debateplural.net\/site\/wp-json\/wp\/v2\/comments?post=58547"}],"version-history":[{"count":1,"href":"https:\/\/debateplural.net\/site\/wp-json\/wp\/v2\/posts\/58547\/revisions"}],"predecessor-version":[{"id":58548,"href":"https:\/\/debateplural.net\/site\/wp-json\/wp\/v2\/posts\/58547\/revisions\/58548"}],"wp:featuredmedia":[{"embeddable":true,"href":"https:\/\/debateplural.net\/site\/wp-json\/wp\/v2\/media\/54193"}],"wp:attachment":[{"href":"https:\/\/debateplural.net\/site\/wp-json\/wp\/v2\/media?parent=58547"}],"wp:term":[{"taxonomy":"category","embeddable":true,"href":"https:\/\/debateplural.net\/site\/wp-json\/wp\/v2\/categories?post=58547"},{"taxonomy":"post_tag","embeddable":true,"href":"https:\/\/debateplural.net\/site\/wp-json\/wp\/v2\/tags?post=58547"}],"curies":[{"name":"wp","href":"https:\/\/api.w.org\/{rel}","templated":true}]}}