{"id":58610,"date":"2025-07-24T12:31:08","date_gmt":"2025-07-24T16:31:08","guid":{"rendered":"https:\/\/debateplural.net\/site\/?p=58610"},"modified":"2025-07-24T12:31:10","modified_gmt":"2025-07-24T16:31:10","slug":"cumbre-progresista-vs-el-festival-antizurdos-la-pugna-ideologica-que-enciende-latinoamerica","status":"publish","type":"post","link":"https:\/\/debateplural.net\/site\/2025\/07\/24\/cumbre-progresista-vs-el-festival-antizurdos-la-pugna-ideologica-que-enciende-latinoamerica\/","title":{"rendered":"&#8217;Cumbre progresista' vs. el festival 'antizurdos': la pugna ideol\u00f3gica que enciende Latinoam\u00e9rica"},"content":{"rendered":"\n<p>Ociel Al\u00ed L\u00f3pez (Russia Today, 24-7-25)<\/p>\n\n\n\n<p>Chile y Argentina, pa\u00edses vecinos que comparten una larga frontera, fueron esta semana los anfitriones de dos eventos que dan cuenta del estatus del conflicto ideol\u00f3gico que invade a la regi\u00f3n y al mundo.<\/p>\n\n\n\n<p>Por un lado, el evento 'Democracia Siempre', tambi\u00e9n llamado 'Cumbre Progresista', se escenific\u00f3 el pasado lunes en Santiago de Chile para enfrentar los flagelos que atentan contra la democracia, entre ellos, la extrema derecha. Por el otro, en C\u00f3rdoba (Argentina), tuvo cita el 'Derecha Fest', un encuentro cultural \"antizurdo\" en el que de manera \"incorrecta\" se enaltecieron los programas m\u00e1s derechistas del gobierno argentino.<\/p>\n\n\n\n<h3 class=\"wp-block-heading\"><strong>&#8217;Cumbre Progre': mucha moderaci\u00f3n, \u00bfcu\u00e1nta eficiencia?<\/strong><\/h3>\n\n\n\n<p>La reuni\u00f3n de alto nivel 'Democracia Siempre', realizada en Santiago de Chile a principios de esta semana con la participaci\u00f3n de los presidentes Pedro S\u00e1nchez (Espa\u00f1a), Luiz In\u00e1cio Lula da Silva (Brasil), Gustavo Petro (Colombia), Yamand\u00fa Orsi (Uruguay), y el anfitri\u00f3n, Gabriel Boric, fue llamada por los medios como una \"cumbre progresista\". \u00bfSu objetivo? Abrirse paso como contrapeso frente al auge de las \"extremas derechas\".<\/p>\n\n\n\n<blockquote class=\"wp-block-quote is-layout-flow wp-block-quote-is-layout-flow\">\n<p>M\u00e1s all\u00e1 del diagn\u00f3stico, queda por develar las formas de revertir el escenario pesimista. La reuni\u00f3n presidencial, que parte de un an\u00e1lisis realista,&nbsp;deja m\u00e1s dudas que certezas&nbsp;sobre la salud actual de la democracia.<\/p>\n<\/blockquote>\n\n\n\n<p>En su comunicado oficial, los convocantes dejaron&nbsp;entrever el n\u00facleo de sus&nbsp;preocupaciones: \"El mundo atraviesa un per\u00edodo de profunda incertidumbre, en el que los valores democr\u00e1ticos son desafiados de forma permanente. Frente a ello, creemos que es un imperativo \u00e9tico y pol\u00edtico impulsar&nbsp;<strong>una estrategia com\u00fan para enfrentar fen\u00f3menos globales<\/strong>&nbsp;como la creciente desigualdad, la desinformaci\u00f3n, los desaf\u00edos que plantean las tecnolog\u00edas digitales y la inteligencia artificial\". Muchos problemas graves, pero&nbsp;<strong>sin apuntar a enemigos o culpables directos<\/strong>.<\/p>\n\n\n\n<p>El encuentro permiti\u00f3 compartir un diagn\u00f3stico complejo, cuando menos, de la situaci\u00f3n en la que se encuentra la democracia actualmente. El grupo considera que est\u00e1 asediada por fen\u00f3menos como el advenimiento del&nbsp;<a href=\"https:\/\/actualidad.rt.com\/actualidad\/557936-politicas-trump-no-simpatizan-america-latina\" target=\"_blank\" rel=\"noreferrer noopener\">trumpismo<\/a>&nbsp;y un c\u00famulo de pr\u00e1cticas comunicacionales de nuevo cu\u00f1o que, en criterio del c\u00f3nclave,&nbsp;ponen en peligro al sistema.<\/p>\n\n\n\n<p>M\u00e1s all\u00e1 del diagn\u00f3stico, queda por develar las formas de revertir el escenario pesimista. La reuni\u00f3n presidencial, que parte de un an\u00e1lisis realista,&nbsp;deja m\u00e1s dudas que certezas&nbsp;sobre la salud actual de la democracia.<\/p>\n\n\n\n<p>S\u00e1nchez blandi\u00f3 su discurso para se\u00f1alar a \"una coalici\u00f3n de intereses entre oligarcas y ultraderecha, una internacional del odio y la mentira que avanza en ambos continentes\", como el claro adversario que est\u00e1 erosionando las bases democr\u00e1ticas. No obstante, el documento firmado por los asistentes<strong>&nbsp;se redact\u00f3 de forma mucho m\u00e1s moderada<\/strong>, sin enemigos establecidos ni sectores pol\u00edticos se\u00f1alados.<\/p>\n\n\n\n<p>De la misma forma, todos los presidentes hablaron a favor del&nbsp;<a href=\"https:\/\/actualidad.rt.com\/actualidad\/557384-lula-advierte-riesgo-colapso-orden-internacional\" target=\"_blank\" rel=\"noreferrer noopener\">multilateralismo<\/a>, pero&nbsp;los acuerdos no fueron&nbsp;tan contundentes como la amenaza a&nbsp;la que enfrentan. En ese sentido, los&nbsp;se\u00f1alamientos en contra de&nbsp;la aplicaci\u00f3n de aranceles que ha impuesto el presidente de EE.UU., Donald Trump, contra todos sus pa\u00edses, fueron d\u00e9biles.<\/p>\n\n\n\n<blockquote class=\"wp-block-quote is-layout-flow wp-block-quote-is-layout-flow\">\n<p>El evento tambi\u00e9n podr\u00eda tener fines electorales y apunta a los comicios presidenciales de Chile en noviembre, contra una derecha bastante radicalizada.<\/p>\n<\/blockquote>\n\n\n\n<p>En el documento final de la cumbre&nbsp;<strong>no se dan nociones claras de c\u00f3mo enfrentar el auge de la extrema derecha<\/strong>&nbsp;y han preferido no apuntar a actores en concreto, optando por llamados generales y algo abstractos, como una denuncia al \"extremismo\", sin ubicarlo ni ideol\u00f3gica ni geogr\u00e1ficamente.<\/p>\n\n\n\n<p>El evento tambi\u00e9n podr\u00eda tener fines electorales y apunta a los comicios presidenciales de Chile en noviembre, contra una derecha bastante radicalizada. De hecho, varios de los presentes han apoyado la candidatura de la comunista Jeannette Jara, recientemente ganadora del las primarias del progresismo chileno. Sin embargo, el accionar izquierdista no pierde de vista las presidenciales que se llevar\u00e1n a cabo el a\u00f1o que viene en Colombia y Brasil, as\u00ed como unos posibles comicios legislativos en Espa\u00f1a.&nbsp;<\/p>\n\n\n\n<p>Es estas citas comiciales veremos la efectividad de esta estrategia conjunta de&nbsp;<strong>apropiarse de la idea centrista de democracia<\/strong>&nbsp;y moderar el discurso frente al extremismo derechista.<\/p>\n\n\n\n<h3 class=\"wp-block-heading\"><strong>El festival \"m\u00e1s antizurdo del mundo\"<\/strong><\/h3>\n\n\n\n<p>Al d\u00eda siguiente, en C\u00f3rdoba, Argentina, se llev\u00f3 a cabo el 'Derecha Fest', festival en el que el gran protagonista fue el presidente argentino, Javier Milei, quien en medio de c\u00e1nticos y discursos radicales declar\u00f3 el espacio como \"no apto para kukas\" (kirchneristas), ni progres, ni zurdos, una verdadera respuesta al encuentro del d\u00eda anterior en Santiago, en la que el discurso extremista de Milei se dej\u00f3 colar cuando llam\u00f3 \"mandriles\" a sus opositores y \"bruta traidora\" a su vicepresidenta, Victoria Villaruel.&nbsp;<strong>En esta cumbre, la incorrecci\u00f3n es parte del paisaje<\/strong>.<\/p>\n\n\n\n<p>As\u00ed las cosas, este encuentro tuvo caracter\u00edsticas mucho menos protocolares y m\u00e1s similares a una velada cultural-ideol\u00f3gica que el realizado en Santiago.&nbsp;<strong>Se llen\u00f3 de famosos 'influencers' de la derecha radical&nbsp;<\/strong>y en sus 'stands' se vendieron \"zapatos libertarios\" y un conjunto de art\u00edculos \"antiwoke\". Tambi\u00e9n se produjeron charlas sobre \"batalla espiritual\" donde pastores evang\u00e9licos levantaron sus voces contra \"la colonizaci\u00f3n\" de las ideas progres.&nbsp; &nbsp;<\/p>\n\n\n\n<p>En el lugar de la cita, el hotel Quorum, los presidentes Donald Trump (EE.UU.), Nayib Bukele (El Salvador) y Giorgia Meloni (Italia), representados en im\u00e1genes de cart\u00f3n tama\u00f1o real, escudaban a la figura de Milei: la extrema derecha tiene sus \u00eddolos internacionales y coloca al argentino como una estrella m\u00e1s dentro del firmamento derechista. &nbsp; &nbsp;<\/p>\n\n\n\n<p>Otro tipo de paneles, como el llamado \"no odiamos suficiente a los periodistas\", ofrec\u00eda la versi\u00f3n mile\u00edsta, tambi\u00e9n conflictiva y en esto coincide con el encuentro \"progre\", en tantos ambos ofrecen sus m\u00e1s directas cr\u00edticas contra los medios y las redes sociales.<\/p>\n\n\n\n<p>Los&nbsp;<strong>militantes libertarios igualmente proyectan su accionar hacia las pr\u00f3ximas elecciones de medio t\u00e9rmino<\/strong>, en noviembre, que podr\u00edan enterrar o catapultar el proyecto de Milei, as\u00ed que su encuentro tambi\u00e9n tiene objetivos comiciales.&nbsp;<\/p>\n\n\n\n<h3 class=\"wp-block-heading\"><strong>\u00bfQuien ganar\u00e1?<\/strong><strong><\/strong><\/h3>\n\n\n\n<p>La cumbre \"progre\", que se preocupa por enfrentar los flagelos que atacan&nbsp;la democracia, todav\u00eda no da luces claras sobre el c\u00f3mo hacerlo. Solo anuncian que lo dir\u00e1n pronto. Por&nbsp;el momento, hacen un llamado a ampliar el grupo, dar las conclusiones en el 80.\u00ba Per\u00edodo Ordinario de Sesiones de la Asamblea General de la ONU y la promesa de Boric de que \"est\u00e1 naciendo algo grande\".<\/p>\n\n\n\n<p>Habr\u00e1 que esperar hasta el pr\u00f3ximo mes de septiembre para saber si la democracia puede ser \"salvada\" de sus \"enemigos\", y si los gobiernos reunidos esta semana en Santiago ayudar\u00e1n a lograrlo.<\/p>\n\n\n\n<p>Por su parte, en el 'Derecha Fest' Milei habl\u00f3 sobre la \"construcci\u00f3n del milagro\" para hacer referencia al tiempo que lleva su gesti\u00f3n de gobierno y pronostic\u00f3 que \"<strong>muchos se van a sorprender con los resultados de octubre<\/strong>\", en referencia al apoyo que pronostica que recibir\u00e1 en las pr\u00f3ximas legislativas.<\/p>\n\n\n\n<p>Ambos eventos dan cuenta de las sensibilidades que cada bando est\u00e1 proyectando. La izquierda se modera y trata de no salirse de sus cabales para tratar de colonizar el centro pol\u00edtico y los sectores democr\u00e1ticos no izquierdistas. La ultraderecha, por su lado, apuesta a polarizar y, por ende, a disminuir al centro ideol\u00f3gico a su m\u00ednima expresi\u00f3n, ubic\u00e1ndose desde una perspectiva \"antipol\u00edtica\".<\/p>\n\n\n\n<p>\u00bfQui\u00e9n ganar\u00e1? A\u00fan no lo sabemos. La batalla cultural apenas comienza.<\/p>\n","protected":false},"excerpt":{"rendered":"<p>Ociel Al\u00ed L\u00f3pez (Russia Today, 24-7-25) Chile y Argentina, pa\u00edses vecinos que comparten una larga frontera, fueron esta semana los anfitriones de dos eventos que dan cuenta del estatus del conflicto ideol\u00f3gico que invade a la regi\u00f3n y al mundo. Por un lado, el evento 'Democracia Siempre', tambi\u00e9n llamado 'Cumbre Progresista', se escenific\u00f3 el pasado [&hellip;]<\/p>\n","protected":false},"author":1,"featured_media":58611,"comment_status":"open","ping_status":"open","sticky":false,"template":"","format":"standard","meta":{"footnotes":""},"categories":[14,12],"tags":[],"class_list":["post-58610","post","type-post","status-publish","format-standard","has-post-thumbnail","hentry","category-internacionales","category-politica-3"],"_links":{"self":[{"href":"https:\/\/debateplural.net\/site\/wp-json\/wp\/v2\/posts\/58610"}],"collection":[{"href":"https:\/\/debateplural.net\/site\/wp-json\/wp\/v2\/posts"}],"about":[{"href":"https:\/\/debateplural.net\/site\/wp-json\/wp\/v2\/types\/post"}],"author":[{"embeddable":true,"href":"https:\/\/debateplural.net\/site\/wp-json\/wp\/v2\/users\/1"}],"replies":[{"embeddable":true,"href":"https:\/\/debateplural.net\/site\/wp-json\/wp\/v2\/comments?post=58610"}],"version-history":[{"count":1,"href":"https:\/\/debateplural.net\/site\/wp-json\/wp\/v2\/posts\/58610\/revisions"}],"predecessor-version":[{"id":58612,"href":"https:\/\/debateplural.net\/site\/wp-json\/wp\/v2\/posts\/58610\/revisions\/58612"}],"wp:featuredmedia":[{"embeddable":true,"href":"https:\/\/debateplural.net\/site\/wp-json\/wp\/v2\/media\/58611"}],"wp:attachment":[{"href":"https:\/\/debateplural.net\/site\/wp-json\/wp\/v2\/media?parent=58610"}],"wp:term":[{"taxonomy":"category","embeddable":true,"href":"https:\/\/debateplural.net\/site\/wp-json\/wp\/v2\/categories?post=58610"},{"taxonomy":"post_tag","embeddable":true,"href":"https:\/\/debateplural.net\/site\/wp-json\/wp\/v2\/tags?post=58610"}],"curies":[{"name":"wp","href":"https:\/\/api.w.org\/{rel}","templated":true}]}}