{"id":58719,"date":"2025-08-07T10:43:21","date_gmt":"2025-08-07T14:43:21","guid":{"rendered":"https:\/\/debateplural.net\/site\/?p=58719"},"modified":"2025-08-07T10:43:23","modified_gmt":"2025-08-07T14:43:23","slug":"el-ocaso-del-patron-y-el-ascenso-del-mesias-uribe-y-bukele-en-la-encrucijada-de-la-derecha-latinoamericana","status":"publish","type":"post","link":"https:\/\/debateplural.net\/site\/2025\/08\/07\/el-ocaso-del-patron-y-el-ascenso-del-mesias-uribe-y-bukele-en-la-encrucijada-de-la-derecha-latinoamericana\/","title":{"rendered":"El ocaso del 'patr\u00f3n' y el ascenso del 'mes\u00edas': Uribe y Bukele en la encrucijada de la derecha latinoamericana"},"content":{"rendered":"\n<p>Ociel AL\u00ed L\u00f3pez (Russia Today, 6-8-25)<\/p>\n\n\n\n<p>La coyuntura pol\u00edtica actual en Am\u00e9rica Latina ha hecho que dos l\u00edderes prominentes e hist\u00f3ricos de la derecha latinoamericana salgan a la palestra por razones opuestas, yuxtaponiendo as\u00ed sus trayectorias pol\u00edticas.<\/p>\n\n\n\n<p>La semana pasada, el expresidente colombiano, \u00c1lvaro Uribe, fue&nbsp;<a href=\"https:\/\/actualidad.rt.com\/actualidad\/559827-condena-poner-cuerdas-alvaro-uribe-colombia\" target=\"_blank\" rel=\"noreferrer noopener\">declarado<\/a>&nbsp;culpable por soborno de testigos y fraude procesal con una pena de 12 a\u00f1os de prisi\u00f3n domiciliaria. Aunque todav\u00eda tiene derecho de apelaci\u00f3n y suele cumplirse el viejo refr\u00e1n \"en pol\u00edtica no hay decesos\", la sentencia parece la estocada final de una carrera pol\u00edtica que ven\u00eda en franca decadencia, pero que en su&nbsp;<em>prime<\/em>&nbsp;gobern\u00f3 Colombia durante ocho a\u00f1os (2002-2010) y mantuvo una influencia tremenda en varios gobiernos posteriores, hasta el triunfo de Gustavo Petro en 2022.<\/p>\n\n\n\n<p>Uribe ha sido una figura innegablemente popular que gan\u00f3 ingentes adeptos por medio de un carisma muy conservador. Utiliz\u00f3 el discurso de la seguridad p\u00fablica para vencer, una y otra vez, a sus enemigos en las urnas electorales y en el terreno militar y as\u00ed mantener un legado al punto de ganar un plebiscito en contra de los Acuerdos de Paz&nbsp;de 2016.&nbsp;<strong>Un l\u00edder \"populista de derecha\" que fue aliado incondicional de EE.UU.<\/strong>, tanto de sus gobiernos dem\u00f3cratas como republicanos. En pleno auge del \"ciclo progresista latinoamericano\", mantuvo inc\u00f3lume su&nbsp;gesti\u00f3n en medio de una ola de gobiernos izquierdistas que en cierta forma lo acecharon.<\/p>\n\n\n\n<blockquote class=\"wp-block-quote is-layout-flow wp-block-quote-is-layout-flow\">\n<p>La sentencia de Uribe parece la estocada final de una carrera pol\u00edtica que ven\u00eda en franca decadencia.<\/p>\n<\/blockquote>\n\n\n\n<p>En sentido inverso, otro l\u00edder derechista ha vuelto nuevamente a la palestra estos d\u00edas. Se trata del presidente de El Salvador, Nayib Bukele. Su situaci\u00f3n actual es diferente a la de Uribe, ya que su carrera, lejos de estar en declive, se&nbsp;asegur\u00f3 la posibilidad de reelecci\u00f3n indefinida gracias al cambio constitucional realizado por el Congreso de su pa\u00eds que incluye prolongar el per\u00edodo presidencial por un a\u00f1o m\u00e1s, para ampliarlo de cinco a seis a\u00f1os. Bukele gobierna desde 2019 y apenas comienza su segundo per\u00edodo.<\/p>\n\n\n\n<p>Ambos personajes comparten varias similitudes ideol\u00f3gicas aunque con estilos diferentes.&nbsp;La m\u00e1s relevante es el uso del discurso de la seguridad nacional. Es decir, las razones por las que Bukele llega a perpetuarse y a tener legitimidad es la misma que Uribe: llevar al paroxismo una guerra contra un enemigo interno, violento, que pone en jaque a la naci\u00f3n: las pandillas, en el caso del primero; la insurgencia marxista, para el segundo.<\/p>\n\n\n\n<p>La categor\u00eda \"populistas de derecha\" no es una cualificaci\u00f3n negativa para comparar ambos estilos pol\u00edticos. Se trata de figuras que&nbsp;<strong>gozan de popularidad a partir de convertirse en especies de \"vengadores de la sociedad\"<\/strong>, que con un discurso radical y \"antisist\u00e9mico\", sin importar la institucionalidad y sin un respeto m\u00ednimo a las reglas de juego de la democracia liberal, decidieron enfrentar, contra viento y marea, a un enemigo interno y en ambos casos lograron derrotarlo, lo que antes de sus respectivas irrupciones parec\u00eda imposible. All\u00ed se asienta el \u00e9xito de ambos, con una diferencia innegable en sus estilos: el colombiano, m\u00e1s tradicionalista; el salvadore\u00f1o, mucho m\u00e1s posmoderno por su impronta digital.<\/p>\n\n\n\n<h3 class=\"wp-block-heading\"><strong>L\u00edderes bajo el manto protector de EE.UU.<\/strong><\/h3>\n\n\n\n<p>Tanto Bukele como Uribe han actuado como aliados de EE.UU. Aunque habr\u00eda que decir que Bukele ha tenido un enfoque m\u00e1s variable: ha sido cr\u00edtico con los dem\u00f3cratas y un aliado cercano de los republicanos, especialmente de Trump. Esto resulta parad\u00f3jico ya que, a pesar de que El Salvador tiene una numerosa migraci\u00f3n hacia EE.UU. \u2014y las remesas que env\u00edan tienen un lugar central en los ingresos del pa\u00eds\u2014,&nbsp; el presidente salvadore\u00f1o se ha convertido en un actor de peso para el&nbsp;<a href=\"https:\/\/actualidad.rt.com\/actualidad\/543123-eeuu-pagara-millones-dolares-salvador-acoger-tren-aragua\" target=\"_blank\" rel=\"noreferrer noopener\">impulso<\/a>&nbsp;de las pol\u00edticas antimigratorias de Trump.<\/p>\n\n\n\n<p>Por su parte, Uribe promovi\u00f3 la intervenci\u00f3n de militares estadounidenses en Colombia para enfrentar a la guerrilla. El contubernio&nbsp;entre las fuerzas armadas colombianas y los grupos paramilitares y las oficinas de inteligencia y antinarc\u00f3ticos de EE.UU., llev\u00f3 a pr\u00e1cticas ilegales contra la insurgencia, resultando en la creaci\u00f3n de los \"<a href=\"https:\/\/actualidad.rt.com\/actualidad\/525729-condenan-alias-zarco-colombia-falsos-positivos\" target=\"_blank\" rel=\"noreferrer noopener\">falsos positivos<\/a>\", que produjeron el asesinato de millares de campesinos inocentes enterrados en fosas comunes, que fueron presentados como guerrilleros muertos en combate.<\/p>\n\n\n\n<blockquote class=\"wp-block-quote is-layout-flow wp-block-quote-is-layout-flow\">\n<p>Uribe promovi\u00f3 la intervenci\u00f3n de militares estadounidenses en Colombia para enfrentar a la guerrilla.<\/p>\n<\/blockquote>\n\n\n\n<p>Bukele ha sido destacado por su exitoso enfoque en la lucha contra las pandillas, utilizando como m\u00e1ximo s\u00edmbolo las c\u00e1rceles de&nbsp;<a href=\"https:\/\/actualidad.rt.com\/actualidad\/558482-venezuela-abrir-denuncia-penal-bukele\" target=\"_blank\" rel=\"noreferrer noopener\">confinamiento severo<\/a>&nbsp;donde los derechos humanos son p\u00fablicamente relegados. Su modelo de reducci\u00f3n de la delincuencia a trav\u00e9s de medidas extremas ha sido adoptado como un referente por otros gobiernos derechistas de la regi\u00f3n, como los de Ecuador y Argentina.<\/p>\n\n\n\n<p>La principal diferencia que hasta ahora ha tenido el auge de ambos procesos radica sobre todo en sus instituciones: en Colombia, \u00c1lvaro Uribe enfrent\u00f3 l\u00edmites por parte del Congreso y termin\u00f3 condenado por la justicia de su pa\u00eds, mientras que&nbsp;<strong>en El Salvador, Bukele controla todos los poderes p\u00fablicos<\/strong>&nbsp;y su reelecci\u00f3n se decidi\u00f3 por una votaci\u00f3n entre congresistas y no por el voto popular.<\/p>\n\n\n\n<p>Uribe, de 73 a\u00f1os, en su momento se convirti\u00f3 en el modelo conservador para Am\u00e9rica Latina, pero ahora mismo vive lo que pareciera un per\u00edodo de decadencia debido no solo al largo juicio al que fue sometido sino tambi\u00e9n a las derrotas electorales del uribismo. Bukele, en cambio, parece ir en ascenso, se asegura su continuidad y cada vez se entroniza m\u00e1s como un l\u00edder para la regi\u00f3n. Sin embargo, la juventud del salvadore\u00f1o (45 a\u00f1os) impide determinar cu\u00e1l ser\u00e1 su suerte final, sobre todo si tomamos en cuenta que su pa\u00eds ha sido siempre conflictivo y&nbsp; que puede dar giros inesperados.<\/p>\n\n\n\n<p>Tanto&nbsp;<strong>Bukele como Uribe cuestionaron el sistema pol\u00edtico y los partidos existentes<\/strong>, emergiendo como supuestas figuras&nbsp;<em>outsiders<\/em>. Sin embargo, sus procedencias pol\u00edticas son opuestas: Bukele proviene de la izquierda, habiendo sido parte, incluso como alcalde de la capital, del Frente Farabundo Mart\u00ed para la Liberaci\u00f3n Nacional (FMLN) antes de moverse hacia posiciones antiizquierdistas debido a la expulsi\u00f3n a la que fue sometido por su partido en 2017. Uribe, en cambio, surgi\u00f3 de una familia conservadora y se posicion\u00f3 como un \"justiciero\" de la misma, afectada por la violencia guerrillera.<\/p>\n\n\n\n<p>La mayor coincidencia es que ambos han hecho de la \"izquierda realmente existente\" su gran enemiga, la dotadora de sentido de sus propuestas pol\u00edticas con las que pudieron cohesionar a ingentes sectores conservadores y convocar a muchedumbres juveniles, algo que la derecha latinoamericana no hab\u00eda sabido hacer durante este siglo.<\/p>\n\n\n\n<p>Estos han sido sus grandes aportes a la pol\u00edtica derechista de la regi\u00f3n a la que logran influenciar de diversos modos. Ambos han generado una escuela con un legado cuyas proyecciones en la actual coyuntura se yuxtaponen: una hacia el ocaso; otra en aparente ascendencia, aunque no sabemos por cu\u00e1nto tiempo.<\/p>\n","protected":false},"excerpt":{"rendered":"<p>Ociel AL\u00ed L\u00f3pez (Russia Today, 6-8-25) La coyuntura pol\u00edtica actual en Am\u00e9rica Latina ha hecho que dos l\u00edderes prominentes e hist\u00f3ricos de la derecha latinoamericana salgan a la palestra por razones opuestas, yuxtaponiendo as\u00ed sus trayectorias pol\u00edticas. La semana pasada, el expresidente colombiano, \u00c1lvaro Uribe, fue&nbsp;declarado&nbsp;culpable por soborno de testigos y fraude procesal con una [&hellip;]<\/p>\n","protected":false},"author":1,"featured_media":58720,"comment_status":"open","ping_status":"open","sticky":false,"template":"","format":"standard","meta":{"footnotes":""},"categories":[14,12],"tags":[],"class_list":["post-58719","post","type-post","status-publish","format-standard","has-post-thumbnail","hentry","category-internacionales","category-politica-3"],"_links":{"self":[{"href":"https:\/\/debateplural.net\/site\/wp-json\/wp\/v2\/posts\/58719"}],"collection":[{"href":"https:\/\/debateplural.net\/site\/wp-json\/wp\/v2\/posts"}],"about":[{"href":"https:\/\/debateplural.net\/site\/wp-json\/wp\/v2\/types\/post"}],"author":[{"embeddable":true,"href":"https:\/\/debateplural.net\/site\/wp-json\/wp\/v2\/users\/1"}],"replies":[{"embeddable":true,"href":"https:\/\/debateplural.net\/site\/wp-json\/wp\/v2\/comments?post=58719"}],"version-history":[{"count":1,"href":"https:\/\/debateplural.net\/site\/wp-json\/wp\/v2\/posts\/58719\/revisions"}],"predecessor-version":[{"id":58721,"href":"https:\/\/debateplural.net\/site\/wp-json\/wp\/v2\/posts\/58719\/revisions\/58721"}],"wp:featuredmedia":[{"embeddable":true,"href":"https:\/\/debateplural.net\/site\/wp-json\/wp\/v2\/media\/58720"}],"wp:attachment":[{"href":"https:\/\/debateplural.net\/site\/wp-json\/wp\/v2\/media?parent=58719"}],"wp:term":[{"taxonomy":"category","embeddable":true,"href":"https:\/\/debateplural.net\/site\/wp-json\/wp\/v2\/categories?post=58719"},{"taxonomy":"post_tag","embeddable":true,"href":"https:\/\/debateplural.net\/site\/wp-json\/wp\/v2\/tags?post=58719"}],"curies":[{"name":"wp","href":"https:\/\/api.w.org\/{rel}","templated":true}]}}