{"id":58796,"date":"2025-08-13T09:00:00","date_gmt":"2025-08-13T13:00:00","guid":{"rendered":"https:\/\/debateplural.net\/site\/?p=58796"},"modified":"2025-08-14T11:54:11","modified_gmt":"2025-08-14T15:54:11","slug":"el-inmigrante-que-llevamos-dentro-2","status":"publish","type":"post","link":"https:\/\/debateplural.net\/site\/2025\/08\/13\/el-inmigrante-que-llevamos-dentro-2\/","title":{"rendered":"El inmigrante que llevamos dentro"},"content":{"rendered":"\n<p>Jose del Castillo (D. Libre, 11-8-18)<\/p>\n\n\n\n<p>EN LOS PRIMEROS 40&nbsp;a\u00f1os tras el ajusticiamiento de Trujillo \u2500nieto de ibero y biznieto de haitiano\u2500 cuatro hijos de inmigrantes protagonizaron la pol\u00edtica. Tres alcanzaron la presidencia: Juan Bosch Gavi\u00f1o, descendiente de catalanes y gallegos (con escala borinque\u00f1a); Joaqu\u00edn Balaguer, de padre boricua Balaguer Lespier de ancestro catal\u00e1n, y madre dominicana (Ricardo Heureaux) de ascendencia haitiana, prima de Ulises Heureaux; y Jacobo Majluta Azar, de impronta libanesa por ambos costados. Balaguer gobern\u00f3 22 a\u00f1os como el arquetipo de estadista que gravit\u00f3 hasta el \u00faltimo h\u00e1lito de su vida al incidir en la reposici\u00f3n de la reelecci\u00f3n en la reforma constitucional del 2002.<\/p>\n\n\n\n<p>Bosch, cabeza del experimento de reformas democr\u00e1ticas tras la decapitaci\u00f3n de la dictadura, s\u00f3lo ejerci\u00f3 por siete meses en 1963, depuesto por un golpe de Estado en una convulsionada d\u00e9cada que nos depar\u00f3 la guerra civil y la intervenci\u00f3n militar norteamericana del 65. Fundador de dos partidos democr\u00e1ticos y pedagogo pol\u00edtico por excelencia, fue catalogado por los conservadores en la contienda del 62, como \u201cel extranjero\u201d, alusi\u00f3n a sus ancestros y a los 25 a\u00f1os de exilio. Majluta \u2500su ministro de Finanzas de 27 a\u00f1os\u2500 lleg\u00f3 a la vicepresidencia y culmin\u00f3 el ciclo constitucional de Guzm\u00e1n, gobernando por mes y medio.<\/p>\n\n\n\n<p>El cuarto pol\u00edtico hijo de inmigrantes fue Pe\u00f1a G\u00f3mez \u2500\u2014a quien Bosch dedic\u00f3 su&nbsp;<em>Crisis de la Democracia de Am\u00e9rica en la Rep\u00fablica Dominicana<\/em>\u2014, nunca se instal\u00f3 en el Palacio, pese a su formidable liderazgo de masas, verba mesi\u00e1nica y relaciones que le llevaron a la c\u00fapula de la Internacional Socialista y la COPPAL. De ascendencia haitiana y librado del \u201ccorte\u201d del 37 cual Mois\u00e9s amparado por familias criollas, fue frenado en las urnas en 1994. Y otra vez en 1996, por una coalici\u00f3n sin precedentes, el Frente Patri\u00f3tico que uni\u00f3 al izquierdista PLD con el conservador PRSC. As\u00ed como por el sistema de doble vuelta que obligaba a la mayor\u00eda absoluta. Bajo el modelo de mayor\u00eda relativa, su 46% en 1ra vuelta le habr\u00eda franqueado el poder.<\/p>\n\n\n\n<p>Un joven pol\u00edtico mulato claro poco conocido, disc\u00edpulo de Bosch, acad\u00e9mico talentoso dotado del \u00e1ngel de la comunicaci\u00f3n, fue \u2500\u2014como estilaba decir Balaguer\u2014\u2500 \u201cel instrumento del destino\u201d que dio un giro al curso de la historia. Leonel Fern\u00e1ndez, al ascender al poder en 1996, clausur\u00f3 el ciclo pol\u00edtico dominado por los hijos de inmigrantes. Iniciando una nueva etapa hegemonizada por un miembro retornado de la di\u00e1spora, al proceder \u00e9l, al igual que su madre, de la hornada de emigrantes que se radicaron en New York a partir de los 60. Gobernando por 12 a\u00f1os y encabezando el partido oficial por 18.<\/p>\n\n\n\n<p>Estos hechos son \u201cla obviedad de lo obvioso\u201d, como sol\u00eda decir Carlos Fredes, mi profesor de Historia de Chile, e indican que la nuestra es una sociedad de inmigrantes, algo de lo cual no cobramos conciencia. Desde hace medio siglo, adem\u00e1s, nos hemos convertido en una comunidad de emigrantes que ya supera los dos millones de movilizados, con creciente presencia en EEUU, Puerto Rico, Europa y otros destinos, al grado que m\u00e1s de 800 mil \u201causentes\u201d retornan anualmente de vacaciones. Parte de los m\u00e1s de seis millones de turistas que recibimos en 2017. A lo cual se agrega la presencia de m\u00e1s de un mill\u00f3n de haitianos y otros extranjeros residentes. Entre ellos venezolanos, afectados por la crisis de esa naci\u00f3n. Y chinos que ya dominan comercialmente la Duarte con sus importadoras multifac\u00e9ticas.<\/p>\n\n\n\n<p>Somos una comunidad de mutantes andantes, como tantos grupos humanos que se mueven en el planeta desde un conf\u00edn a otro. Portando su propio equipaje cultural hecho de lengua, religi\u00f3n, valores familiares, creencias, h\u00e1bitos y costumbres, sellado bajo una identidad nacional. Al tiempo que nos adaptamos a otros medios, aprendemos nuevas lenguas y destrezas tecnol\u00f3gicas, nos sujetamos a disciplinas sociales normadas por valores diferentes.<\/p>\n\n\n\n<p>Estamos destinados a mutar, a enriquecernos culturalmente, a adoptar reglas funcionales a la sobrevivencia en un mundo voraz cada vez m\u00e1s globalizado. Y a veces, a asimilarnos a culturas m\u00e1s fuertes y hegem\u00f3nicas. Por eso las migraciones modernas condensan con su saga el drama de millones de mutantes andantes. Y nosotros, quiz\u00e1s sin saberlo, estamos en el v\u00f3rtice de la tormenta demogr\u00e1fica.<\/p>\n\n\n\n<p>J.F. Kennedy, al referirse a la sociedad norteamericana, la llam\u00f3 una naci\u00f3n de inmigrantes. El poeta nacional, Pedro Mir Valent\u00edn, era hijo de mec\u00e1nico azucarero cubano y j\u00edbara boricua nacido en las entra\u00f1as fabriles de un ingenio americano. Como mis primos Haza del Castillo, cuyo padre cubano era administrador en el Este. A finales del siglo XIX e inicios del XX, cubanos, puertorrique\u00f1os, norteamericanos, ingleses, franceses, italianos, alemanes, fundaron ingenios azucareros y emplazaron las redes del ferrocarril, atrayendo a trabajadores de las Antillas Menores, puertorrique\u00f1os y de Hait\u00ed, as\u00ed como a comerciantes \u00e1rabes. Dinamizando varios centros urbanos portuarios, que conoc\u00ed desde chico acompa\u00f1ando al t\u00edo To\u00f1o Pichardo Sard\u00e1 a la inspecci\u00f3n sanitaria de los barcos que ven\u00edan a cargar az\u00facar.<\/p>\n\n\n\n<p>Me cri\u00e9 escuchando nombres como Chico Conton, Walter James, Garabato Sackie, Rico Carty, peloteros hijos de inmigrantes de las islas que antecedieron a los Sammy, Duncan, Griffin, Offerman, Rodney, que hoy nos llenan de orgullo por sus haza\u00f1as en Grandes Ligas. Al igual la exquisita soprano Violeta Stephen y la polifac\u00e9tica familia Lockward procedente de Islas Turcas, que nos prodig\u00f3 a Juan, el Mago de la Media Voz. Iglesias protestantes, logias de&nbsp;<em>odd felows<\/em>, sociedades mutualistas, gremios, bandas musicales.<\/p>\n\n\n\n<p>Poetas como Norberto James, pintores como Nadal Walcot y reverendos como Tel\u00e9sforo Isaac. Los bailes de los Guloyas, el crujiente yaniqueque, los domplines y el guavaberry. Las ense\u00f1anzas de ingl\u00e9s de Mr. Hodge, quien tocaba el \u00f3rgano en la Catedral en la misa dominical de La Salle. Todos ellos conjugan contribuciones \u201ccocolas\u201d a nuestra cultura, a\u00fan vivas en ciudades como San Pedro de Macor\u00eds, donde \u201clos ingleses\u201d poblaron el barrio Miramar, aparte de los bateyes azucareros circunvecinos.<\/p>\n\n\n\n<p>El aporte de inmigrantes lo encontramos por igual en La Romana con el central que lleva su nombre, fomentado por norteamericanos con poblamiento boricua. De ah\u00ed la Casa de Puerto Rico. El antiguo&nbsp;<em>sugar town<\/em>&nbsp;hoy es el epicentro de un formidable desarrollo tur\u00edstico, zona franca industrial, sin abandonar el az\u00facar.<\/p>\n\n\n\n<p>Cuando mozo era asiduo de las librer\u00edas fundadas por espa\u00f1oles, como Amengual y el Instituto del Libro de los catalanes Escofet Hermanos. As\u00ed como de la Dominicana, dirigida por don Julio Postigo, editor de la colecci\u00f3n&nbsp;<em>Pensamiento Dominicano<\/em>, con m\u00e1s de 50 vol\u00famenes, una de las cabezas de la Iglesia Evang\u00e9lica. La casa de mis abuelos paternos en San Carlos \u2500comunidad de origen canario, como Ban\u00ed y otros pueblos\u2500, fue la del educador puertorrique\u00f1o Eugenio Ma. de Hostos hasta su partida a Chile en 1888. Mi madre se educ\u00f3 con las \u00edtalo-descendientes Pellerano, y tuvo como preceptor a Federico Henr\u00edquez y Carvajal, don Fed, el Maestro, colaborador de Hostos.<\/p>\n\n\n\n<p>Los Henr\u00edquez, con Noel \u2500quien trajo de Curazao su arca prodigiosa a mediados del siglo XIX\u2500, nos aportaron a los hijos de Israel en versi\u00f3n sefardita: Federico, Francisco, Enrique, Enrique Apolinar, Pedro, Max, Camila, Francisco (Chito) y Federico (el Gratereaux), de trascendente significaci\u00f3n en la cultura dominicana y las letras hispanoamericanas. Otros sefarditas, como los Marchena, nos dieron comerciantes y pol\u00edticos, y a un exquisito m\u00fasico y diplom\u00e1tico como don Enrique. Haim L\u00f3pez- Penha Marchena dio brillo a la masoner\u00eda, legando una historia de la instituci\u00f3n que dirigi\u00f3. Carlos Curiel, agudo periodista, doctor en derecho y catedr\u00e1tico universitario, proced\u00eda de esa etnia.<\/p>\n\n\n\n<p>Mi madre \u2500a quien los marines cre\u00edan durante la Ocupaci\u00f3n una \u2018turquita\u201d\u2500 convivi\u00f3 en su infancia en El Conde con las familias \u00e1rabes \u2500Terc, Brinz, Azar\u2500 que en la d\u00e9cada del diez del siglo XX se asentaron en los contornos del Baluarte. Yo, desde ni\u00f1o, iba a las fiestas del Club Sirio Liban\u00e9s Palestino, del cual soy socio. Y recog\u00eda en la guagua de La Salle en la Avenida Mella a los Selman, Scheker, Yeara, Dauhajre, Jana, Decaran, Lycha, Mauad, Alma, Nader, Z\u00e1iter. Hijos de inmigrantes fuertes en el comercio, que derivaron hacia las profesiones, descollando como m\u00e9dicos, ingenieros, arquitectos, economistas. O en la milicia, Wessin. La academia, Kasse Acta, Cury, Tolentino Dipp, Rosario Resek. Hazim Azar, Abinader, Hazoury, Scheker. Y la pol\u00edtica, Isa Conde, Abinader, Raful, entre otros.<\/p>\n\n\n\n<p>Acompa\u00f1aba a mi progenitora a realizar la compra en la Casa P\u00e9rez, el Colmado Nacional o en la Casa Vel\u00e1zquez. A buscar pan y galletas en la Panader\u00eda Quico o provisiones en los almacenes de Adelino S\u00e1nchez y Bello C\u00e1mpora. \u00cdbamos al Bar Am\u00e9rica a degustar helados y tostadas. A las tiendas de tejidos Cerame, La Opera, Gonz\u00e1lez Ramos, El Palacio. Todos negocios de espa\u00f1oles, como el almac\u00e9n de Manuel Corripio, donde compr\u00e1bamos material de construcci\u00f3n o la Ferreter\u00eda Morey y la Cuesta. En El 1y5 de Paliza se saboreaba buen caf\u00e9 expreso o en La Cafetera de don Benito Paliza, ambos sin\u00f3nimo de excelencia. Como Munn\u00e9 y Cort\u00e9s en chocolate. Y ahora, Rizek.<\/p>\n\n\n\n<p>Es hora de inventariar, al inmigrante que llevamos dentro.<\/p>\n\n\n<div class=\"wp-block-post-date\"><time datetime=\"2025-08-13T09:00:00-04:00\">13 de agosto de 2025<\/time><\/div>","protected":false},"excerpt":{"rendered":"<p>Jose del Castillo (D. Libre, 11-8-18) EN LOS PRIMEROS 40&nbsp;a\u00f1os tras el ajusticiamiento de Trujillo \u2500nieto de ibero y biznieto de haitiano\u2500 cuatro hijos de inmigrantes protagonizaron la pol\u00edtica. Tres alcanzaron la presidencia: Juan Bosch Gavi\u00f1o, descendiente de catalanes y gallegos (con escala borinque\u00f1a); Joaqu\u00edn Balaguer, de padre boricua Balaguer Lespier de ancestro catal\u00e1n, y [&hellip;]<\/p>\n","protected":false},"author":1,"featured_media":26898,"comment_status":"open","ping_status":"open","sticky":false,"template":"","format":"standard","meta":{"footnotes":""},"categories":[18,5],"tags":[],"class_list":["post-58796","post","type-post","status-publish","format-standard","has-post-thumbnail","hentry","category-cultura","category-nacionales"],"_links":{"self":[{"href":"https:\/\/debateplural.net\/site\/wp-json\/wp\/v2\/posts\/58796"}],"collection":[{"href":"https:\/\/debateplural.net\/site\/wp-json\/wp\/v2\/posts"}],"about":[{"href":"https:\/\/debateplural.net\/site\/wp-json\/wp\/v2\/types\/post"}],"author":[{"embeddable":true,"href":"https:\/\/debateplural.net\/site\/wp-json\/wp\/v2\/users\/1"}],"replies":[{"embeddable":true,"href":"https:\/\/debateplural.net\/site\/wp-json\/wp\/v2\/comments?post=58796"}],"version-history":[{"count":1,"href":"https:\/\/debateplural.net\/site\/wp-json\/wp\/v2\/posts\/58796\/revisions"}],"predecessor-version":[{"id":58797,"href":"https:\/\/debateplural.net\/site\/wp-json\/wp\/v2\/posts\/58796\/revisions\/58797"}],"wp:featuredmedia":[{"embeddable":true,"href":"https:\/\/debateplural.net\/site\/wp-json\/wp\/v2\/media\/26898"}],"wp:attachment":[{"href":"https:\/\/debateplural.net\/site\/wp-json\/wp\/v2\/media?parent=58796"}],"wp:term":[{"taxonomy":"category","embeddable":true,"href":"https:\/\/debateplural.net\/site\/wp-json\/wp\/v2\/categories?post=58796"},{"taxonomy":"post_tag","embeddable":true,"href":"https:\/\/debateplural.net\/site\/wp-json\/wp\/v2\/tags?post=58796"}],"curies":[{"name":"wp","href":"https:\/\/api.w.org\/{rel}","templated":true}]}}