{"id":59048,"date":"2025-09-08T12:11:41","date_gmt":"2025-09-08T16:11:41","guid":{"rendered":"https:\/\/debateplural.net\/site\/?p=59048"},"modified":"2025-09-08T13:02:14","modified_gmt":"2025-09-08T17:02:14","slug":"una-carta-al-listin-diario-desde-brasil-del-8-de-agosto-de-1966-sobre-dominicanos-y-haitianos","status":"publish","type":"post","link":"https:\/\/debateplural.net\/site\/2025\/09\/08\/una-carta-al-listin-diario-desde-brasil-del-8-de-agosto-de-1966-sobre-dominicanos-y-haitianos\/","title":{"rendered":"Una carta a El Nacional desde Brasil del 8 de agosto de 1966 sobre dominicanos y haitianos"},"content":{"rendered":"\n<p>Por Angel Moreta (Autor-Editor)<\/p>\n\n\n\n<p>Rio de Janeiro, Brasil, 8 de agosto de 1966<\/p>\n\n\n\n<p>Distinguido director:<\/p>\n\n\n\n<p>Le agradecemos nos deje hacer algunas aclaraciones m\u00e1s o menos objetivas sobre los art\u00edculos que \u00faltimamente ha venido publicando el Sr. Morales Hidalgo con el t\u00edtulo de poblaci\u00f3n y vivienda.<\/p>\n\n\n\n<p>El autor y quien quiera, tiene derecho a sustentar un criterio; a lo que no hay derecho es a confundir un concepto con otro. Que los art\u00edculos tienen poco m\u00e9todo y mucho racismo; que hay, m\u00e1s que especulaci\u00f3n cient\u00edfica, mala literatura, obstinaci\u00f3n y prejuicio; que revelan desconocimiento de nociones de Antropolog\u00eda y Sociolog\u00eda; que el t\u00edtulo no corresponde al tema, son asuntos que no vamos a tratar. Simple y escuetamente esto:<\/p>\n\n\n\n<p>I) El autor ni distingue entre cultura y raza. Habla de raza haitiana: \u00bfexiste raza haitiana?&#8230; No existe raza haitiana: existe una cultura haitiana. Existe raza dominicana, venezolana, puertorrique\u00f1a?&#8230;.. Creemos que lo que existe es una cultura dominicana, puertorrique\u00f1a, venezolana. Del mismo modo: existe raza negra dentro de la cual est\u00e1n los haitianos, nunca raza haitiana dentro de la cual est\u00e1 la cultura negra. &nbsp;&nbsp;&nbsp;&nbsp;&nbsp;&nbsp;&nbsp;&nbsp;&nbsp;<\/p>\n\n\n\n<p>Cuando se habla de dominicanidad no se habla de raza dominicana, puesto que no existe, sino de los rasgos nacionales que definen y diferencian a los dominicanos. Cuando se habla de hispanidad no se habla de raza blanca o de raza, se habla de los valores hist\u00f3ricos que definen a pueblos agrupados bajo un mismo com\u00fan denominador.<\/p>\n\n\n\n<figure class=\"wp-block-image size-large is-resized\"><a href=\"https:\/\/debateplural.net\/site\/wp-content\/uploads\/2025\/09\/Haiti-R.-Dominicana.png\"><img loading=\"lazy\" decoding=\"async\" width=\"1024\" height=\"512\" src=\"https:\/\/debateplural.net\/site\/wp-content\/uploads\/2025\/09\/Haiti-R.-Dominicana-1024x512.png\" alt=\"\" class=\"wp-image-59049\" style=\"width:709px;height:auto\" srcset=\"https:\/\/debateplural.net\/site\/wp-content\/uploads\/2025\/09\/Haiti-R.-Dominicana-1024x512.png 1024w, https:\/\/debateplural.net\/site\/wp-content\/uploads\/2025\/09\/Haiti-R.-Dominicana-300x150.png 300w, https:\/\/debateplural.net\/site\/wp-content\/uploads\/2025\/09\/Haiti-R.-Dominicana-768x384.png 768w, https:\/\/debateplural.net\/site\/wp-content\/uploads\/2025\/09\/Haiti-R.-Dominicana-1536x768.png 1536w, https:\/\/debateplural.net\/site\/wp-content\/uploads\/2025\/09\/Haiti-R.-Dominicana-2048x1024.png 2048w, https:\/\/debateplural.net\/site\/wp-content\/uploads\/2025\/09\/Haiti-R.-Dominicana-810x405.png 810w, https:\/\/debateplural.net\/site\/wp-content\/uploads\/2025\/09\/Haiti-R.-Dominicana-1140x570.png 1140w\" sizes=\"(max-width: 1024px) 100vw, 1024px\" \/><\/a><\/figure>\n\n\n\n<p>II) \u00a1Salvar la hispanidad! La hispanidad es un fondo hist\u00f3rico y cultural m\u00faltiple y no se salva atendi\u00e9ndola exclusivamente, sino atendiendo a una serie de condiciones que la mantienen y dentro de las cuales se encuentran la sociedad. No se salva ni mantiene proclamando afanosamente que tal rasgo \u00e9tnico y tal color son lo que nos convienen. Tampoco con el solo hecho de echar del suelo patrio a los haitianos, anatematiz\u00e1ndolos; ni hablando de sus cabellos, sus narices y sus labios o comparando sin fundamento cient\u00edfico-experimental la resistencia f\u00edsica de \u00e9stos con los dominicanos.<\/p>\n\n\n\n<p>Hay razones m\u00e1s profundas: la simple hispanidad no deben ser las razones y la divisa de nuestra lucha. Tenemos razones de lucha que convienen y se compadecen m\u00e1s con el momento: el problema social global con todas sus ra\u00edces hist\u00f3ricas. Un gobierno ideol\u00f3gico, que imprima din\u00e1mica y estructuras nuevas, a costo de lo que sea, a la saciedad, pol\u00edtica, que incorpore el pueblo a la cultura y la riqueza, que explote, con amplias perspectivas, nuestra potencialidad, que de un nuevo uso a los recursos nacionales, que difunda una nueva interpretaci\u00f3n de las relaciones econ\u00f3micas y sociales, etc\u00e9tera, estar\u00e1 contribuyendo con los atributos de la hispanidad. Queremos decir: que antes que la hispanidad misma, hay algo m\u00e1s exigente y que a largo plazo beneficia sus atributos.<\/p>\n\n\n\n<figure class=\"wp-block-image size-large is-resized\"><a href=\"https:\/\/debateplural.net\/site\/wp-content\/uploads\/2020\/12\/Crisis-en-Hait\u00ed.jpg\"><img loading=\"lazy\" decoding=\"async\" width=\"1024\" height=\"534\" src=\"https:\/\/debateplural.net\/site\/wp-content\/uploads\/2020\/12\/Crisis-en-Hait\u00ed-1024x534.jpg\" alt=\"\" class=\"wp-image-44648\" style=\"width:618px;height:auto\" srcset=\"https:\/\/debateplural.net\/site\/wp-content\/uploads\/2020\/12\/Crisis-en-Hait\u00ed-1024x534.jpg 1024w, https:\/\/debateplural.net\/site\/wp-content\/uploads\/2020\/12\/Crisis-en-Hait\u00ed-300x156.jpg 300w, https:\/\/debateplural.net\/site\/wp-content\/uploads\/2020\/12\/Crisis-en-Hait\u00ed-768x400.jpg 768w, https:\/\/debateplural.net\/site\/wp-content\/uploads\/2020\/12\/Crisis-en-Hait\u00ed-810x422.jpg 810w, https:\/\/debateplural.net\/site\/wp-content\/uploads\/2020\/12\/Crisis-en-Hait\u00ed-1140x594.jpg 1140w, https:\/\/debateplural.net\/site\/wp-content\/uploads\/2020\/12\/Crisis-en-Hait\u00ed-375x195.jpg 375w, https:\/\/debateplural.net\/site\/wp-content\/uploads\/2020\/12\/Crisis-en-Hait\u00ed.jpg 1170w\" sizes=\"(max-width: 1024px) 100vw, 1024px\" \/><\/a><\/figure>\n\n\n\n<p>III) Las razas no salvar\u00edan a la humanidad. Creemos que los haitianos, antes que por el color, por sus condiciones perjudican \u2013siempre y cuando sea en masa- a la sociedad dominicana. Por el lado econ\u00f3mico: desplazamiento de la mano de obra criolla; por el social: choques, ect. (debido a que los dominadores de las instituciones pol\u00edticas \u2013oligarqu\u00eda- y las econ\u00f3micas o medios de producci\u00f3n \u2013burgues\u00eda- am\u00e9n de otros grupos interesados, azuzan las viejas diferencias y dan una visi\u00f3n falsa del elemento haitiano) por el cultural: incremento de la supercher\u00eda y alteraciones de la lengua. Es decir: no como emigrantes de color, como emigrantes, los haitianos aportan poco o nada a la Rep\u00fablica Dominicana.<\/p>\n\n\n\n<p>IV) Entre otras vamos a se\u00f1alar una contradicci\u00f3n. La escogemos para demostrar el tipo de ideas y la calidad de los juicios que se encuentran en los art\u00edculos.<\/p>\n\n\n\n<p>a) Cuba es, como nosotros, un pa\u00eds de cultura hispana. Pues bien; cuando habla sobre este pa\u00eds y las \u201cexportaci\u00f3n de personas blancas de las regiones ucranianas\u201d, deja entrever que esa exportaci\u00f3n, como trae un refinamiento del elemento cubano, beneficia al pa\u00eds y que en ese sentido nos llevan ventaja puesto que, al contrario, a nosotros lo que nos llega por la frontera son haitianos\u2026..<\/p>\n\n\n\n<p>Que se hizo aqu\u00ed la hispanidad que \u00e9l tanto defiende?&#8230;..Los ucranianos van a conservar la hispanidad de Cuba? el Sr. Morales Hidalgo no solo deja entrever racismo, sino falta de capacidad y audacia para argumentar sobre la hispanidad.<\/p>\n\n\n\n<figure class=\"wp-block-image size-full is-resized\"><a href=\"https:\/\/debateplural.net\/site\/wp-content\/uploads\/2025\/09\/Bandera-dominicana.jpg\"><img loading=\"lazy\" decoding=\"async\" width=\"894\" height=\"894\" src=\"https:\/\/debateplural.net\/site\/wp-content\/uploads\/2025\/09\/Bandera-dominicana.jpg\" alt=\"\" class=\"wp-image-59050\" style=\"width:600px;height:auto\" srcset=\"https:\/\/debateplural.net\/site\/wp-content\/uploads\/2025\/09\/Bandera-dominicana.jpg 894w, https:\/\/debateplural.net\/site\/wp-content\/uploads\/2025\/09\/Bandera-dominicana-300x300.jpg 300w, https:\/\/debateplural.net\/site\/wp-content\/uploads\/2025\/09\/Bandera-dominicana-150x150.jpg 150w, https:\/\/debateplural.net\/site\/wp-content\/uploads\/2025\/09\/Bandera-dominicana-768x768.jpg 768w, https:\/\/debateplural.net\/site\/wp-content\/uploads\/2025\/09\/Bandera-dominicana-810x810.jpg 810w\" sizes=\"(max-width: 894px) 100vw, 894px\" \/><\/a><\/figure>\n\n\n\n<p>b) No esta dem\u00e1s decir que donde \u00e9l cree atacar a la ocupaci\u00f3n norteamericana, la \u00faltima lo que hace es insultar a los dominicanos. Dice que ella nos trajo beneficios econ\u00f3micos (cuales, por ejemplo) pero no de sangre. \u2013B\u00fasquese- el p\u00e1rrafo \u00faltimo del art\u00edculo 3: revista 139, p\u00e1g. 44.<\/p>\n\n\n\n<p>En todos los art\u00edculos donde est\u00e1 la palabra hispanidad deb\u00eda estar la palabra raza. A\u00fan as\u00ed: \u00bfexiste raza hispana?&#8230;..<\/p>\n\n\n\n<p>Se\u00f1or Morillo, muchas gracias. Como parte de esta generaci\u00f3n que surge no podemos dejar de hacer aclaraciones objetivas que son parte de nuestra responsabilidad en el destino del pa\u00eds.<\/p>\n\n\n\n<p>Atentamente,<\/p>\n\n\n\n<p>Giuseppe R\u00edmoli Mart\u00ednez,<\/p>\n\n\n\n<p>\u00c1ngel Moreta Aguasvivas.<\/p>\n\n\n\n<p>Estudiantes dominicanos.<\/p>\n\n\n\n<p>Av. San Martin, 435 Lebl\u00f3n<\/p>\n\n\n\n<p>Rio de Janeiro, Brasil<\/p>\n\n\n\n<p>Nota:&nbsp; la presente comunicaci\u00f3n, enviada desde Rio de Janeiro al List\u00edn Diario, por el estudiante de la Universidad Cat\u00f3lica de Rio de Janeiro (PUC), por \u00c1ngel Moreta, muestra la manera originaria en que se pensaba el problema Hait\u00ed-Rep\u00fablica Dominicana.<\/p>\n","protected":false},"excerpt":{"rendered":"<p>Por Angel Moreta (Autor-Editor) Rio de Janeiro, Brasil, 8 de agosto de 1966 Distinguido director: Le agradecemos nos deje hacer algunas aclaraciones m\u00e1s o menos objetivas sobre los art\u00edculos que \u00faltimamente ha venido publicando el Sr. Morales Hidalgo con el t\u00edtulo de poblaci\u00f3n y vivienda. El autor y quien quiera, tiene derecho a sustentar un [&hellip;]<\/p>\n","protected":false},"author":2,"featured_media":59051,"comment_status":"open","ping_status":"open","sticky":false,"template":"","format":"standard","meta":{"footnotes":""},"categories":[5,12],"tags":[],"class_list":["post-59048","post","type-post","status-publish","format-standard","has-post-thumbnail","hentry","category-nacionales","category-politica-3"],"_links":{"self":[{"href":"https:\/\/debateplural.net\/site\/wp-json\/wp\/v2\/posts\/59048"}],"collection":[{"href":"https:\/\/debateplural.net\/site\/wp-json\/wp\/v2\/posts"}],"about":[{"href":"https:\/\/debateplural.net\/site\/wp-json\/wp\/v2\/types\/post"}],"author":[{"embeddable":true,"href":"https:\/\/debateplural.net\/site\/wp-json\/wp\/v2\/users\/2"}],"replies":[{"embeddable":true,"href":"https:\/\/debateplural.net\/site\/wp-json\/wp\/v2\/comments?post=59048"}],"version-history":[{"count":2,"href":"https:\/\/debateplural.net\/site\/wp-json\/wp\/v2\/posts\/59048\/revisions"}],"predecessor-version":[{"id":59065,"href":"https:\/\/debateplural.net\/site\/wp-json\/wp\/v2\/posts\/59048\/revisions\/59065"}],"wp:featuredmedia":[{"embeddable":true,"href":"https:\/\/debateplural.net\/site\/wp-json\/wp\/v2\/media\/59051"}],"wp:attachment":[{"href":"https:\/\/debateplural.net\/site\/wp-json\/wp\/v2\/media?parent=59048"}],"wp:term":[{"taxonomy":"category","embeddable":true,"href":"https:\/\/debateplural.net\/site\/wp-json\/wp\/v2\/categories?post=59048"},{"taxonomy":"post_tag","embeddable":true,"href":"https:\/\/debateplural.net\/site\/wp-json\/wp\/v2\/tags?post=59048"}],"curies":[{"name":"wp","href":"https:\/\/api.w.org\/{rel}","templated":true}]}}