{"id":59237,"date":"2025-09-23T11:31:24","date_gmt":"2025-09-23T15:31:24","guid":{"rendered":"https:\/\/debateplural.net\/site\/?p=59237"},"modified":"2025-09-23T11:31:25","modified_gmt":"2025-09-23T15:31:25","slug":"han-decidido-ya-la-cia-y-el-mossad-despertar-a-sus-celulas-yihadistas-en-europa","status":"publish","type":"post","link":"https:\/\/debateplural.net\/site\/2025\/09\/23\/han-decidido-ya-la-cia-y-el-mossad-despertar-a-sus-celulas-yihadistas-en-europa\/","title":{"rendered":"\u00bfHan decidido ya la CIA y el Mossad despertar a sus c\u00e9lulas yihadistas en Europa?"},"content":{"rendered":"\n<p>Germ\u00e1n Gorr\u00e1iz L\u00f3pez (Aporrea, 23-9-25)<\/p>\n\n\n\n<p>Coincidiendo con el reconocimiento por varios pa\u00edses europeos del Estado Palestino, el Estado Isl\u00e1mico y sus grup\u00fasculos han lanzado amenazas contra Europa.En este contexto, asistimos a la reuni\u00f3n en Nueva York del secretario del Estado de EEUU, Marco Rubio con el presidente sirio, Ahmed al-Sharaa, reuni\u00f3n en la que se habr\u00eda acordado despertar a las c\u00e9lulas yihadistas de la CIA y el Mossad en Europa para provocar atentados en territorio europeo.<\/p>\n\n\n\n<p>Qui\u00e9n ha resucitado al ISIS?<\/p>\n\n\n\n<p>La mass media occidental habr\u00eda contribuido a instalar en el imaginario colectivo la imagen del Estado Isl\u00e1mico como \"un enemigo exterior que amenaza los valores pac\u00edficos y democr\u00e1ticos del mundo occidental\" as\u00ed como \"la necesidad de aceptar cualquier tipo de pol\u00edtica represiva de las libertades, dentro de la cruzada contra el Terrorismo que podr\u00eda derivar en la implementaci\u00f3n de un estado policial.<\/p>\n\n\n\n<p>Los globalistas del eje anglo- jud\u00edo habr\u00edan ideado resucitar al ISIS, organizaci\u00f3n creada por la CIA, el MOSSAD y el MI6 para defenestrar al Gobierno sirio de Al Assad por gravitar en la \u00f3rbita rusa.As\u00ed,elementos del ISIS del patio trasero de Rusia habr\u00edan sido reclutados por la CIA con el objetivo confeso de sembrar el caos mediante la doctrina conocida como \" estrategia de la tensi\u00f3n\", consistente en crear una atm\u00f3sfera de miedo e intimidaci\u00f3n.<\/p>\n\n\n\n<p>El estreno de la Operaci\u00f3n ISIS fue el cruento atentado en la sala de conciertos Crocus de Moscu, con el saldo de cerca de 140 muertos y m\u00e1s de 150 heridos y cuya autor\u00eda fue inicialmente reivindicada por el Estado Isl\u00e1mico (EI).Posteriormente, Putin reconoci\u00f3 que los autores del cruento atentado ser\u00edan \"islamistas radicales\" originarios de Tayikistan, pero la sombra de la autor\u00eda intelectual seguir\u00eda sobrevolando sobre la CIA y la inteligencia brit\u00e1nica y no serian descartables nuevos atentados cometidos bajo el marchamo del ISIS.<\/p>\n\n\n\n<p>Riesgo de atentados en Europa?<\/p>\n\n\n\n<p>Coincidiendo con el reconocimiento por varios pa\u00edses europeos del Estado Palestino, el Estado Isl\u00e1mico y sus grup\u00fasculos han lanzado amenazas contra Europa. As\u00ed, dirigentes del EI han ordenado a sus combatientes \"dirigirse a las costas de Europa \" y perpetrar atentados indiscriminados para sembrar el caos en la sociedad europa.<\/p>\n\n\n\n<p>Dichos avisos se encuadrar\u00edan en la doctrina de \"la amenaza terrorista local\", promovida por los gobiernos occidentales y apoyada por los medios de comunicaci\u00f3n con el fin de \"crear una atm\u00f3sfera de miedo e intimidaci\u00f3n, que lleve a una anulaci\u00f3n de las libertades civiles y favorezca la posterior implementaci\u00f3n de un estado policial\".<\/p>\n\n\n\n<p>Ello ser\u00eda una deriva involucionista de los estados democr\u00e1ticos fruto de la supresi\u00f3n de los derechos individuales que lleva impl\u00edcita la cruzada de \"Guerra Global contra el Terrorismo\" y que contar\u00eda con el apoyo medi\u00e1tico de los medios de comunicaci\u00f3n.En este contexto, asistimos a la reuni\u00f3n en Nueva York del secretario del Estado de EEUU, Marco Rubio con el presidente sirio, Ahmed al-Sharaa, reuni\u00f3n en la que se habr\u00eda decidido despertar a las c\u00e9lulas yihadistas durmientes de la CIA y el Mossad en Europa para provocar atentados en territorio europeo con el objetivo inequ\u00edvoco de sembrar el caos mediante la llamada \" estrategia de la tensi\u00f3n\" y provocar finalmente la implementaci\u00f3n de un estado policial en Europa.<\/p>\n","protected":false},"excerpt":{"rendered":"<p>Germ\u00e1n Gorr\u00e1iz L\u00f3pez (Aporrea, 23-9-25) Coincidiendo con el reconocimiento por varios pa\u00edses europeos del Estado Palestino, el Estado Isl\u00e1mico y sus grup\u00fasculos han lanzado amenazas contra Europa.En este contexto, asistimos a la reuni\u00f3n en Nueva York del secretario del Estado de EEUU, Marco Rubio con el presidente sirio, Ahmed al-Sharaa, reuni\u00f3n en la que se [&hellip;]<\/p>\n","protected":false},"author":1,"featured_media":48804,"comment_status":"open","ping_status":"open","sticky":false,"template":"","format":"standard","meta":{"footnotes":""},"categories":[14,12],"tags":[],"class_list":["post-59237","post","type-post","status-publish","format-standard","has-post-thumbnail","hentry","category-internacionales","category-politica-3"],"_links":{"self":[{"href":"https:\/\/debateplural.net\/site\/wp-json\/wp\/v2\/posts\/59237"}],"collection":[{"href":"https:\/\/debateplural.net\/site\/wp-json\/wp\/v2\/posts"}],"about":[{"href":"https:\/\/debateplural.net\/site\/wp-json\/wp\/v2\/types\/post"}],"author":[{"embeddable":true,"href":"https:\/\/debateplural.net\/site\/wp-json\/wp\/v2\/users\/1"}],"replies":[{"embeddable":true,"href":"https:\/\/debateplural.net\/site\/wp-json\/wp\/v2\/comments?post=59237"}],"version-history":[{"count":1,"href":"https:\/\/debateplural.net\/site\/wp-json\/wp\/v2\/posts\/59237\/revisions"}],"predecessor-version":[{"id":59238,"href":"https:\/\/debateplural.net\/site\/wp-json\/wp\/v2\/posts\/59237\/revisions\/59238"}],"wp:featuredmedia":[{"embeddable":true,"href":"https:\/\/debateplural.net\/site\/wp-json\/wp\/v2\/media\/48804"}],"wp:attachment":[{"href":"https:\/\/debateplural.net\/site\/wp-json\/wp\/v2\/media?parent=59237"}],"wp:term":[{"taxonomy":"category","embeddable":true,"href":"https:\/\/debateplural.net\/site\/wp-json\/wp\/v2\/categories?post=59237"},{"taxonomy":"post_tag","embeddable":true,"href":"https:\/\/debateplural.net\/site\/wp-json\/wp\/v2\/tags?post=59237"}],"curies":[{"name":"wp","href":"https:\/\/api.w.org\/{rel}","templated":true}]}}