{"id":59394,"date":"2025-10-08T11:33:54","date_gmt":"2025-10-08T15:33:54","guid":{"rendered":"https:\/\/debateplural.net\/site\/?p=59394"},"modified":"2025-10-08T11:33:56","modified_gmt":"2025-10-08T15:33:56","slug":"por-que-es-importante-la-clase-trabajadora","status":"publish","type":"post","link":"https:\/\/debateplural.net\/site\/2025\/10\/08\/por-que-es-importante-la-clase-trabajadora\/","title":{"rendered":"Por qu\u00e9 es importante la clase trabajadora"},"content":{"rendered":"\n<p>Yanis Varoufakis (Sin Permiso, 8-10-25)<\/p>\n\n\n\n<p>Un espectro acecha a Occidente: el espectro de una clase trabajadora a la que se le ha cerrado el acceso a la pol\u00edtica. A lo largo de decenas de a\u00f1os, seducidas por los cantos de sirena de la \u00abtercera v\u00eda\u00bb de Bill Clinton, Tony Blair y Gerhard Schr\u00f6der, las fuerzas de centroizquierda abandonaron el lenguaje de la lucha de clases.<\/p>\n\n\n\n<p>Pero en su prisa por convertirse en respetables y demostrar que eran gestores m\u00e1s eficientes y justos del capitalismo, dejaron de hablar de explotaci\u00f3n y optaron por ignorar el antagonismo inherente \u2014incluso la violencia\u2014 de la relaci\u00f3n entre el capital y el trabajo. Eliminaron por completo del discurso pol\u00edtico las palabras, los gestos, la forma de ser y las aspiraciones de los trabajadores. Y luego denigraron a sus antiguos electores calific\u00e1ndolos de \u00abdeplorables\u00bb.<\/p>\n\n\n\n<p>Cuando la movilidad descendente y la insolvencia se apoderan de grandes zonas del interior, donde una clase trabajadora que antes se sent\u00eda orgullosa ahora se siente abandonada y de las que los partidos establecidos apartan la mirada, surge el anhelo de un nuevo proyecto de restauraci\u00f3n de la dignidad, de un relato que enfrente a un \u00abnosotros\u00bb colectivo contra un \u00abellos\u00bb poderoso. Hace una d\u00e9cada, un narrador venenoso con un siglo de experiencia en llenar esos vac\u00edos entr\u00f3 en uno nuevo: la extrema derecha xen\u00f3foba.<\/p>\n\n\n\n<p>Los movimientos y l\u00edderes que los centristas tildaron torpemente de \u00abpopulistas\u00bb no son quienes crearon ese anhelo, sino que simplemente lo explotaron con el cinismo de un monopolista experimentado que descubre un mercado sin explotar. Desde las zonas obreras del sur del Pireo, a un tiro de piedra de donde escribo estas l\u00edneas, hasta los antiguos suburbios \u00abrojos\u00bb de Par\u00eds o Marsella, podemos ver c\u00f3mo hay bloques de votantes que pasan de los partidos comunistas y socialdem\u00f3cratas a aquellos creados por los herederos pol\u00edticos de Mussolini y Hitler. Al igual que sus antecesores, estos camaleones pol\u00edticos se presentan como los abanderados de una clase obrera marginada. Mientras tanto, en los Estados Unidos, los supremacistas blancos, los fundamentalistas cristianos, los se\u00f1ores tecnofeudales y los antiguos votantes dem\u00f3cratas ya hartos vibran juntos apasionadamente en una coalici\u00f3n que se ha hecho ya dos veces con la Casa Blanca.<\/p>\n\n\n\n<p>La comparaci\u00f3n a la que se est\u00e1n entregando muchos con el per\u00edodo de entreguerras puede llevarnos por mal camino si no tenemos cuidado, pero resulta pertinente. Y aunque la tendencia de la izquierda a tildar de fascistas a todos los oponentes conservadores o centristas resulta inexcusable, lo cierto es que el fascismo est\u00e1 ahora en el aire. \u00bfC\u00f3mo podr\u00eda ser de otra manera? Cuando qued\u00f3 abandonada la clase trabajadora en todo Occidente, result\u00f3 f\u00e1cil devolverle su esperanza con la promesa de un renacimiento nacional basado en una ficticia Edad de Oro.<\/p>\n\n\n\n<p>Una vez que mordieron el anzuelo, el siguiente paso fue desviar su ira de las fuerzas socioecon\u00f3micas que los hab\u00edan llevado a la pobreza hacia una nebulosa conspiraci\u00f3n: los \u00abglobalistas\u00bb, el \u00abEstado profundo\u00bb o alg\u00fan complot dirigido por George Soros para \u00abreemplazarlos\u00bb en su propio terru\u00f1o. Aprovechando el entusiasmo as\u00ed inspirado, los pol\u00edticos de ultraderecha comienzan a apuntar contra las \u00e9lites liberales, los banqueros, los extranjeros ricos en el extranjero y los extranjeros pobres en el pa\u00eds, personas a las que se puede retratar como usurpadores de la Edad de Oro y obst\u00e1culos para el renacimiento nacional.<\/p>\n\n\n\n<p>Entonces (y s\u00f3lo entonces) llega el rechazo de la lucha de clases, descartando la representaci\u00f3n pol\u00edtica de los intereses econ\u00f3micos de la clase trabajadora. La ira dirigida a los propietarios norteamericanos que cierran la f\u00e1brica local y la trasladan entera a Vietnam se redirige contra los trabajadores chinos. La furia dirigida al banco que embarg\u00f3 la casa familiar se convierte en odio hacia los abogados jud\u00edos, los m\u00e9dicos musulmanes y los jornaleros mexicanos. Cualquiera que les recuerde que el capital se acumula devorando, desplazando y, finalmente, deshaci\u00e9ndose del trabajo de personas como ellos viene a ser tratado como traidor a la patria.<\/p>\n\n\n\n<p>En la d\u00e9cada de 2020, al igual que en la de 1920, la ultraderecha ha surgido a ra\u00edz de este proceso. No ocurri\u00f3 de la noche a la ma\u00f1ana. El proceso de p\u00e9rdida de las clases trabajadoras, inicialmente hacia la desesperanza y finalmente hacia la mentalidad fascista, comenz\u00f3 con el fin de Bretton Woods en 1971. Pero, \u00bfqu\u00e9 es lo que desencaden\u00f3 la transformaci\u00f3n de la extrema derecha de un movimiento de protesta dentro de la pol\u00edtica conservadora a una fuerza aut\u00f3noma que toma el poder, arrasa sin pudor las instituciones liberales burguesas y se embarca en un proyecto de aniquilaci\u00f3n del \u00abbolchevismo cultural\u00bb, t\u00e9rmino tan caro al coraz\u00f3n de Joseph Goebbels?<\/p>\n\n\n\n<p>Hay dos acontecimientos que llaman la atenci\u00f3n. En primer lugar, la crisis financiera mundial de 2008, el momento 1929 de nuestra generaci\u00f3n, llev\u00f3 a los centristas en el poder a imponer una dura austeridad a la clase trabajadora, al tiempo que extend\u00edan la solidaridad \u00absocialista\u00bb patrocinada por el Estado a las grandes empresas. En segundo lugar, al igual que en los a\u00f1os 20 y 30, los centristas y los conservadores no fascistas tem\u00edan y detestaban m\u00e1s a la izquierda democr\u00e1tica que a la derecha autoritaria.<\/p>\n\n\n\n<p>La lecci\u00f3n para la izquierda resulta dolorosamente clara. Centrarse exclusivamente en la identidad \u2014en la raza y el g\u00e9nero\u2014 mientras se ignora la realidad material de las clases constituye un error estrat\u00e9gico catastr\u00f3fico. Significa desarmarse ante un enemigo que ha convertido en arma la historia misma a la que han renunciado los partidos de centroizquierda.<\/p>\n\n\n\n<p>La tarea consiste en integrar las luchas vitales contra el racismo y el patriarcado en una cr\u00edtica renovada y s\u00f3lida del poder de clase. Debemos recuperar el vocabulario de la solidaridad y la explotaci\u00f3n, demostrando que el verdadero enemigo de los trabajadores no es el inmigrante, sino el rentista, el se\u00f1or tecnofeudal, el patrono monopsonista y el financiero que trata su futuro como un derivado sobre el que especular. L\u00edderes nuevos como el candidato a la alcald\u00eda de Nueva York, Zohran Mamdani, deben contribuir a encontrar una s\u00edntesis que se transmita a la totalidad de la persona.<\/p>\n\n\n\n<p>La alternativa supone seguir siendo espectadores de nuestra propia tragedia pol\u00edtica, viendo c\u00f3mo se despacha a las personas olvidadas por la izquierda a luchar en una fantas\u00eda derechista de pureza nacional. La clase trabajadora es importante. Es hora de empezar a actuar en consecuencia.<\/p>\n","protected":false},"excerpt":{"rendered":"<p>Yanis Varoufakis (Sin Permiso, 8-10-25) Un espectro acecha a Occidente: el espectro de una clase trabajadora a la que se le ha cerrado el acceso a la pol\u00edtica. A lo largo de decenas de a\u00f1os, seducidas por los cantos de sirena de la \u00abtercera v\u00eda\u00bb de Bill Clinton, Tony Blair y Gerhard Schr\u00f6der, las fuerzas [&hellip;]<\/p>\n","protected":false},"author":1,"featured_media":59395,"comment_status":"open","ping_status":"open","sticky":false,"template":"","format":"standard","meta":{"footnotes":""},"categories":[14,12],"tags":[],"class_list":["post-59394","post","type-post","status-publish","format-standard","has-post-thumbnail","hentry","category-internacionales","category-politica-3"],"_links":{"self":[{"href":"https:\/\/debateplural.net\/site\/wp-json\/wp\/v2\/posts\/59394"}],"collection":[{"href":"https:\/\/debateplural.net\/site\/wp-json\/wp\/v2\/posts"}],"about":[{"href":"https:\/\/debateplural.net\/site\/wp-json\/wp\/v2\/types\/post"}],"author":[{"embeddable":true,"href":"https:\/\/debateplural.net\/site\/wp-json\/wp\/v2\/users\/1"}],"replies":[{"embeddable":true,"href":"https:\/\/debateplural.net\/site\/wp-json\/wp\/v2\/comments?post=59394"}],"version-history":[{"count":1,"href":"https:\/\/debateplural.net\/site\/wp-json\/wp\/v2\/posts\/59394\/revisions"}],"predecessor-version":[{"id":59396,"href":"https:\/\/debateplural.net\/site\/wp-json\/wp\/v2\/posts\/59394\/revisions\/59396"}],"wp:featuredmedia":[{"embeddable":true,"href":"https:\/\/debateplural.net\/site\/wp-json\/wp\/v2\/media\/59395"}],"wp:attachment":[{"href":"https:\/\/debateplural.net\/site\/wp-json\/wp\/v2\/media?parent=59394"}],"wp:term":[{"taxonomy":"category","embeddable":true,"href":"https:\/\/debateplural.net\/site\/wp-json\/wp\/v2\/categories?post=59394"},{"taxonomy":"post_tag","embeddable":true,"href":"https:\/\/debateplural.net\/site\/wp-json\/wp\/v2\/tags?post=59394"}],"curies":[{"name":"wp","href":"https:\/\/api.w.org\/{rel}","templated":true}]}}