{"id":5944,"date":"2016-06-14T10:19:14","date_gmt":"2016-06-14T14:19:14","guid":{"rendered":"http:\/\/debateplural.com\/?p=5944"},"modified":"2016-06-23T13:31:54","modified_gmt":"2016-06-23T13:31:54","slug":"el-siguiente-alto-cargo-de-la-onu-deberia-representar-a-europa-del-este","status":"publish","type":"post","link":"https:\/\/debateplural.net\/site\/2016\/06\/14\/el-siguiente-alto-cargo-de-la-onu-deberia-representar-a-europa-del-este\/","title":{"rendered":"\"El siguiente alto cargo de la ONU deber\u00eda representar a Europa del Este\""},"content":{"rendered":"<div id=\"attachment_5945\" style=\"width: 715px\" class=\"wp-caption aligncenter\"><img loading=\"lazy\" decoding=\"async\" aria-describedby=\"caption-attachment-5945\" class=\"size-full wp-image-5945\" src=\"http:\/\/tripletecnologia.com\/website\/debateplural\/wp-content\/uploads\/2016\/06\/el-vicecanciller-ruso-guennadi-gatc3adlov.jpg\" alt=\"El vicecanciller ruso, Guennadi Gat\u00edlov\" width=\"705\" height=\"381\" \/><p id=\"caption-attachment-5945\" class=\"wp-caption-text\">El vicecanciller ruso, Guennadi Gat\u00edlov<\/p><\/div>\n<p class=\"b-article__lead\" style=\"text-align:justify;\">A finales del presente a\u00f1o concluir\u00e1 el mandato de Ban Ki-moon, y el mayor organismo internacional \u2014la <a href=\"http:\/\/localhost\/debateplural\/tag\/onu\">ONU<\/a>\u2014 contar\u00e1 con un nuevo secretario general. El vicecanciller ruso, Guennadi Gat\u00edlov, explic\u00f3 la posici\u00f3n del pa\u00eds eslavo con respecto a las candidaturas a ocupar el puesto.<!--more--><\/p>\n<div class=\"b-article__text\" style=\"text-align:justify;\">\n<p style=\"text-align:justify;\">El proceso de discusi\u00f3n de las candidaturas ya est\u00e1 en marcha y, entre los aspirantes, hay un importante grupo de funcionarios proveniente de Europa del Este, afirm\u00f3 Gat\u00edlov en una entrevista a RIA N\u00f3vosti.<\/p>\n<p class=\"marker-quote1\" style=\"text-align:justify;\">\"Desde el principio sostenemos que un representante de Europa del Este deber\u00eda asumir la Secretar\u00eda General de la ONU. Todas las dem\u00e1s regiones del mundo ya tuvieron a sus representantes en este cargo\", coment\u00f3 el vicecanciller ruso.<\/p>\n<p style=\"text-align:justify;\">Casi todos los aspirantes han visitado ya Mosc\u00fa para presentar sus programas y sus puntos de vista, y se reunieron con el ministro de Exteriores ruso, <a href=\"http:\/\/localhost\/debateplural\/tag\/Sergu\u00e9i-Lavrov\">Sergu\u00e9i Lavrov<\/a>. En la misma Asamblea General, tambi\u00e9n, pasaron dos rondas de debate en forma de di\u00e1logo con los pa\u00edses participantes.<\/p>\n<p class=\"marker-quote1\" style=\"text-align:justify;\">\"Los debates fueron introducidos recientemente para asegurar m\u00e1s transparencia en el proceso\u00a0\u2014de selecci\u00f3n\u2014\", record\u00f3 Gat\u00edlov.<\/p>\n<p style=\"text-align:justify;\">R<a href=\"http:\/\/localhost\/debateplural\/tag\/rusia\">usia<\/a> no est\u00e1 en contra de esta pr\u00e1ctica, dado que \"es l\u00f3gico\" que los miembros de la ONU busquen mejorar la comunicaci\u00f3n con los potenciales secretarios generales.<\/p>\n<p style=\"text-align:justify;\">Sin embargo, los contactos bilaterales, as\u00ed como las reuniones en el marco de los grupos regionales y con los miembros del Consejo de Seguridad tienen mucha importancia en el proceso de selecci\u00f3n.<\/p>\n<p style=\"text-align:justify;\">Adem\u00e1s, surgen voces que proponen nombrar a una mujer como m\u00e1ximo mandatario de Naciones Unidas, seg\u00fan Gatilov. Mosc\u00fa considera estas propuestas justas, a condici\u00f3n de que \"no se fomenten artificialmente\".<\/p>\n<p>\"Los criterios principales\u00a0\u2014para la elecci\u00f3n del jefe de la ONU\u2014 son el profesionalismo, el peso pol\u00edtico y la visi\u00f3n sobre el desarrollo de la organizaci\u00f3n\", sostuvo el diplom\u00e1tico.<\/p>\n<p style=\"text-align:justify;\">Al mismo tiempo, Gat\u00edlov reconoci\u00f3 que entre los candidatos actuales hay multitud de mujeres capaces de asumir este alto cargo, como, por ejemplo, la directora de la Unesco, la b\u00falgara Irina B\u00f3kova, as\u00ed como otras candidatas.<\/p>\n<p style=\"text-align:justify;\">Mientras los pol\u00edticos de otras regiones del mundo contin\u00faan presentando sus candidaturas a la Secretar\u00eda de la ONU, el vicecanciller reiter\u00f3 que la parte rusa \"ve como prioridad que un representante de Europa del Este sea elegido como secretario general de la ONU\".<\/p>\n<\/div>\n","protected":false},"excerpt":{"rendered":"<p>A finales del presente a\u00f1o concluir\u00e1 el mandato de Ban Ki-moon, y el mayor organismo internacional \u2014la ONU\u2014 contar\u00e1 con un nuevo secretario general. El vicecanciller ruso, Guennadi Gat\u00edlov, explic\u00f3 la posici\u00f3n del pa\u00eds eslavo con respecto a las candidaturas a ocupar el puesto.<\/p>\n","protected":false},"author":1,"featured_media":6222,"comment_status":"open","ping_status":"open","sticky":false,"template":"","format":"standard","meta":{"footnotes":""},"categories":[14,12],"tags":[43,40,78],"class_list":["post-5944","post","type-post","status-publish","format-standard","has-post-thumbnail","hentry","category-internacionales","category-politica-3","tag-onu","tag-rusia","tag-serguei-lavrov"],"_links":{"self":[{"href":"https:\/\/debateplural.net\/site\/wp-json\/wp\/v2\/posts\/5944"}],"collection":[{"href":"https:\/\/debateplural.net\/site\/wp-json\/wp\/v2\/posts"}],"about":[{"href":"https:\/\/debateplural.net\/site\/wp-json\/wp\/v2\/types\/post"}],"author":[{"embeddable":true,"href":"https:\/\/debateplural.net\/site\/wp-json\/wp\/v2\/users\/1"}],"replies":[{"embeddable":true,"href":"https:\/\/debateplural.net\/site\/wp-json\/wp\/v2\/comments?post=5944"}],"version-history":[{"count":1,"href":"https:\/\/debateplural.net\/site\/wp-json\/wp\/v2\/posts\/5944\/revisions"}],"predecessor-version":[{"id":6223,"href":"https:\/\/debateplural.net\/site\/wp-json\/wp\/v2\/posts\/5944\/revisions\/6223"}],"wp:featuredmedia":[{"embeddable":true,"href":"https:\/\/debateplural.net\/site\/wp-json\/wp\/v2\/media\/6222"}],"wp:attachment":[{"href":"https:\/\/debateplural.net\/site\/wp-json\/wp\/v2\/media?parent=5944"}],"wp:term":[{"taxonomy":"category","embeddable":true,"href":"https:\/\/debateplural.net\/site\/wp-json\/wp\/v2\/categories?post=5944"},{"taxonomy":"post_tag","embeddable":true,"href":"https:\/\/debateplural.net\/site\/wp-json\/wp\/v2\/tags?post=5944"}],"curies":[{"name":"wp","href":"https:\/\/api.w.org\/{rel}","templated":true}]}}