{"id":59487,"date":"2025-10-15T12:37:24","date_gmt":"2025-10-15T16:37:24","guid":{"rendered":"https:\/\/debateplural.net\/site\/?p=59487"},"modified":"2025-10-15T12:37:26","modified_gmt":"2025-10-15T16:37:26","slug":"los-grandes-meritos-de-maximo-gomez","status":"publish","type":"post","link":"https:\/\/debateplural.net\/site\/2025\/10\/15\/los-grandes-meritos-de-maximo-gomez\/","title":{"rendered":"Los grandes m\u00e9ritos de M\u00e1ximo G\u00f3mez"},"content":{"rendered":"\n<p>Ra\u00fal Rodr\u00edguez la O (List\u00edn, 15-3-25)<\/p>\n\n\n\n<p>Ahora que el pueblo natal del general M\u00e1ximo G\u00f3mez se propone designar con su nombre la provincia que re\u00fane sus municipios, quienes nos sentimos felices con esa iniciativa legislativa dominicana, desde Cuba aportamos nuestras motivaciones y agradecimientos para ver realizado ese justo reconocimiento.<\/p>\n\n\n\n<p>G\u00f3mez B\u00e1ez naci\u00f3 el 18 de noviembre de 1836 en Ban\u00ed, Rep\u00fablica Dominicana y falleci\u00f3 el 17 de junio de 1905 en el barrio El Vedado, La Habana, Cuba. Sus padres fueron Andr\u00e9s G\u00f3mez Guerrero y Clemencia B\u00e1ez P\u00e9rez. Procedente de su tierra natal lleg\u00f3 a Cuba por primera vez acompa\u00f1ado de su madre y dos hermanas, Mar\u00eda de Jes\u00fas y Regina G\u00f3mez, en julio de 1865.<\/p>\n\n\n\n<p>Con sus familiares se estableci\u00f3 en El D\u00e1til, peque\u00f1o poblado cerca de la ciudad de Bayamo en la parte oriental de la Isla. Ante las injusticias que presenci\u00f3 all\u00ed y seg\u00fan \u00e9l mismo relatara despu\u00e9s, comenz\u00f3 a conspirar y se sum\u00f3 como combatiente y con grado de sargento a la primera guerra de independencia cubana, iniciada el 10 de octubre de 1868, por el Padre de la Patria, Carlos Manuel de C\u00e9spedes, en el ingenio Demajagua, en Manzanillo, Oriente (en el territorio correspondiente a la actual provincia Granma).<\/p>\n\n\n\n<p>Aparte de sus extraordinarias cualidades militares, fue tambi\u00e9n un buen escritor, de estilo \u00fanico y gran poder de s\u00edntesis, resultando en la pr\u00e1ctica un cronista de la guerra, como prueban su \u201cEpistolario\u201d, su \u201cDiario de Campa\u00f1a\u201d y las circulares y partes militares, as\u00ed como pasajes y relatos sobre acontecimientos y figuras de la contienda.<\/p>\n\n\n\n<p>Por eso es justo verlo como un hombre de ideas que luch\u00f3 por ellas y por Cuba con las armas y la pluma, por lo que Jos\u00e9 Mart\u00ed, quien tanto lo admir\u00f3, al comentar un escrito suyo titulado \u201cEl H\u00e9roe del Naranjo\u201d, escribi\u00f3 en Patria, correspondiente al 16 de abril de 1892, un comentario muy elogioso bajo el t\u00edtulo \u201cDel general M\u00e1ximo G\u00f3mez\u201d, donde entre otras cosas, afirma:<\/p>\n\n\n\n<p>\u201cEl folleto del general G\u00f3mez, conmovedor y conciso, es buena prueba de que una misma mano puede mover la pluma y la espada. La narraci\u00f3n es un arranque de justicia, y toda ella parece escrita a caballo, con el afecto misterioso que junta a los que hombro a hombro, en la hora de lo sobrenatural, se vieron dignos de ella. Las p\u00e1ginas rebosan en aquel amor de padre por sus segundos que afianza al jefe en el coraz\u00f3n de los que han de ayudarle a vencer, y en la admiraci\u00f3n del hombre genuino por la virtud sencilla y verdadera\u201d.<\/p>\n\n\n\n<p>Durante esa primera guerra de independencia que dur\u00f3 diez a\u00f1os y finaliz\u00f3 en 1878 luego de la firma del Pacto del Zanj\u00f3n sin que los cubanos pudieran alcanzar la victoria y a pesar de la gloriosa Protesta de Baragu\u00e1, protagonizada por el general Antonio Maceo el 15 de marzo de ese a\u00f1o, M\u00e1ximo G\u00f3mez lleg\u00f3 a ocupar el cargo de Secretario de la Guerra del Gobierno en Armas. Pero no estuvo de acuerdo ni particip\u00f3 en el Pacto del Zanj\u00f3n raz\u00f3n por la cual decidi\u00f3 abandonar Cuba. En su Diario de Campa\u00f1a correspondiente al 6 de marzo de 1878, d\u00eda en que parti\u00f3 rumbo a Jamaica en el buque espa\u00f1ol \u201cVig\u00eda\u201d, escribi\u00f3 sobre ese triste momento: \u201cSon las seis de la tarde y vamos a perder a Cuba de vista, quiz\u00e1s para siempre. \u00bfCu\u00e1l ser\u00e1 mi destino despu\u00e9s que he sufrido tanto y tanto en esta tierra en pos de la realizaci\u00f3n de un ideal que ha costado tanta sangre y tantas l\u00e1grimas? \u00a1Adi\u00f3s, Cuba, cuenta siempre conmigo mientras respire \u2013t\u00fa guardas las cenizas de mi Madre y de mis hijos \u2013y siempre te amar\u00e9 y te servir\u00e9!\u201d. Sobre esa importante decisi\u00f3n suya de ausentarse del pa\u00eds, escribi\u00f3 en unos relatos redactados en Honduras en 1881 y dedicados a su hija Clemencia, lo siguiente:<\/p>\n\n\n\n<p>\u201cNo quise yo quedarme en Cuba; no era decoroso para m\u00ed vivir en paz bajo la bandera que hab\u00eda combatido, y tom\u00e9 el camino del destierro con los harapos de la pobreza m\u00e1s absoluta y mi mujer y tres ni\u00f1os, contando Francisco tres a\u00f1os pr\u00f3ximamente. Ca\u00edmos como n\u00e1ufragos en una tierra desconocida para nosotros, y era \u2018nada menos\u2019 que Jamaica, colonia inglesa. Los que conocen aquello sabr\u00e1n entender lo que quiere decir ese \u2018nada menos\u2019. Como Dios est\u00e1 siempre detr\u00e1s de los hombres para castigarlos o premiarlos, s\u00f3lo a \u00e9l debo que mis hijos no se murieran de hambre. Vivimos un tiempo all\u00ed, despu\u00e9s me recogi\u00f3 Honduras \u2013 que amo tanto como \u00e1 Santo Domingo y \u00e1 Cuba ; m\u00e1s tarde pasamos a Nueva Orleans; despu\u00e9s, volvimos a Jamaica, y finalmente fui a plantar mi tienda \u00e1 Santo Domingo. De tumbo en tumbo, all\u00ed, a mi tierra, fui a parar, despu\u00e9s de rodar un poco \u2013 sin \u00e9xito puedo decir \u2013 pero eso s\u00ed, sin descuidar nunca la educaci\u00f3n de mis hijos. Ya \u00e9ramos nueve: siete hijos, el mayor de los varones Francisco; y curiosa circunstancia: mi casa representa un conjunto de nacionalidades; unos son cubanos, otros ingleses, otros americanos, y no hay m\u00e1s dominicanos que yo y la predilecta de la familia, la \u00faltima nacida: Margarita.\u201d<\/p>\n\n\n\n<p>Igualmente en esos mismos relatos dedicados a su hija Clemencia y escritos en Honduras, en 1881, al recordar algunos pasajes de la guerra de 1868 a 1878 y su familia, escribi\u00f3:<\/p>\n\n\n\n<p>\u201cUn lazo m\u00e1s vino a unirme fuertemente a la causa de Cuba que desde entonces consider\u00e9 como m\u00eda. Conoc\u00ed a tu madre, la am\u00e9, y segura ella de la sinceridad de mi afecto, me am\u00f3 tambi\u00e9n y bien pronto nos unimos.<\/p>\n\n\n\n<p>Desde entonces fui m\u00e1s feliz, con la esperanza de que tendr\u00eda una segunda patria si el triunfo era seguro, como deb\u00eda esperarse; pero \u00a1ay! El destino otra cosa nos ten\u00eda reservado(&#8230;) Diez a\u00f1os de constantes combates y llenos de miles y miles de peripecias horribles y sangrientas, dur\u00f3 la guerra, y all\u00ed, en medio de tantos peligros y zozobras, viste t\u00fa la luz: all\u00ed en los campos libres de Cuba, naciste bajo el humo de las batallas. La estrella solitaria alumbr\u00f3 tu cuna.<\/p>\n\n\n\n<p>Tu madre jam\u00e1s quiso abandonarme y me segu\u00eda a todas partes. \u00a1Cu\u00e1nto no pasar\u00eda! (&#8230;) Nada es comparable con el amor de una madre\u201d.<\/p>\n\n\n\n<p>Y as\u00ed como corroboran estos escritos suyos vamos a ver durante toda la vida del general M\u00e1ximo G\u00f3mez al patriota \u00edntegro y leal a la causa independentista de nuestra Patria, inseparablemente unida a su amor y dedicaci\u00f3n a su esposa cubana, Bernarda Toro y a sus hijos surgidos de esa uni\u00f3n y de otras relaciones anteriores en Rep\u00fablica Dominicana, as\u00ed como a su padre, madre, hermanas y dem\u00e1s familiares y amigos.<\/p>\n\n\n\n<p>Ya en la emigraci\u00f3n durante la segunda guerra de independencia cubana y denominada Guerra Chiquita (1879- 1880) no particip\u00f3 por considerarla prematura y por lo tanto sin posibilidad de \u00e9xito como as\u00ed le manifest\u00f3 en su momento al general Calixto Garc\u00eda, principal jefe de esa contienda b\u00e9lica.<\/p>\n\n\n\n<p>Luego, al llamado de la emigraci\u00f3n revolucionaria cubana en los Estados Unidos, encabez\u00f3 junto al general Antonio Maceo un nuevo movimiento independentista, conocido como \u201cPlan G\u00f3mez-Maceo\u201d y que se desarroll\u00f3 desde agosto de 1884 hasta septiembre de 1886 cuando el propio general G\u00f3mez lo dio por finalizado al no haber podido enviar ninguna expedici\u00f3n armada a Cuba en ese per\u00edodo.<\/p>\n\n\n\n<p>Es en esa d\u00e9cada de 1880 cuando visita nuevamente su tierra dominicana luego de tantos avatares y vicisitudes e incluso sufre prisi\u00f3n injusta en su propio pa\u00eds, se encuentra con algunos familiares y amigos que hab\u00eda dejado antes de su partida a Cuba por primera vez, sobre todo con su hija Ignacia G\u00f3mez y Castillo a quien no ve\u00eda desde que ten\u00eda meses de nacida y ahora pasaba de los 20 a\u00f1os. Veamos algunos fragmentos de cartas que le escribi\u00f3 a esa hija, fruto de sus primeros amores y a quien quiere recuperar luego de tan larga separaci\u00f3n sin haberla podido atender personalmente como hubiera deseado:<\/p>\n\n\n\n<p>\u201cNo me gusta retratarme, pero solo por ti voy a hacerlo y mand\u00e1rtelo en la pr\u00f3xima ocasi\u00f3n. Espero que t\u00fa har\u00e1s lo mismo (&#8230;) No quiero que me trates de Ud. sino de t\u00fa, pues me parece que con el Ud. no me quieres\u201d. (Nueva Orleans, 17 de noviembre de 1884)<\/p>\n\n\n\n<p>\u201cMi querid\u00edsima hija m\u00eda: Ayer, o digo hace cuatro o cinco d\u00edas te escrib\u00ed. Hoy lo hago otra vez, remiti\u00e9ndote dos ejemplares de una novelita (se refiere a \u201cCecilia Vald\u00e9s\u201d, novela del cubano Cirilo Villaverde) que creo te agradar\u00e1 leer; por ella, es pues, puramente hist\u00f3rica, conocer\u00e1s algo, quiz\u00e1s mucho, de la historia del pa\u00eds a que me encuentro ligado.<\/p>\n\n\n\n<p>Te mando dos libros, uno para que lo conserves como un recuerdo m\u00edo, y el otro para que lo dediques a alguna amiga, predilecta tuya o a quien quieras\u201d (New Orleans, 21 noviembre de 1884)<\/p>\n\n\n\n<p>\u201c Mi adorada Ignacita: Te mando 50 pesos para que te compres lo que te haga falta para tu traje de retrato pues quiero que te pongas bien bonita. No tengas temor de gastar en tus caprichos de tocador que tengo que darte m\u00e1s tan pronto realice unas letras que traje. Te quiere tu pap\u00e1. (Sto. Domingo, 1885)<\/p>\n\n\n\n<p>\u201cMi querida Ignacia: Tengo la atrevida seguridad de sin saber c\u00f3mo te fue en el baile, felicitarte por lo bien que habr\u00e1s pasado la noche, pues para corazones como el tuyo no han debido ser creadas las decepciones ni los desenga\u00f1os que son los peores enemigos en un sal\u00f3n de baile. Has debido pasar una noche cual la mariposa que revolotea en el jard\u00edn alrededor de las flores y al son de la m\u00fasica del c\u00e9firo\u201d. (Sto. Domingo, 1885).<\/p>\n\n\n\n<p>Ciertamente esos fragmentos anteriormente citados de las cartas de G\u00f3mez a su hija Ignacia G\u00f3mez Castillo revelan toda la sensibilidad, amor y preocupaci\u00f3n suya por ella y el resto de sus hijos con la cubana Bernarda Toro (Manana), como tambi\u00e9n lo pudo verificar personalmente m\u00e1s de una vez Jos\u00e9 Mart\u00ed en los encuentros con el general junto a su familia en Rep\u00fablica Dominicana y reflejarlo posteriormente en algunos de sus escritos elogiosos sobre las cualidades extraordinarias y humanas del legendario combatiente internacionalista y padre ejemplar a quien por sus m\u00e9ritos revolucionarios de lealtad y amor a nuestra patria, le ofreci\u00f3, en su condici\u00f3n de Delegado del Partido Revolucionario Cubano, el cargo de General en Jefe del Ej\u00e9rcito Libertador en nuestra \u00faltima guerra por la independencia, iniciada el 24 de febrero de 1895. Con \u00e9l y cuatro patriotas m\u00e1s salieron juntos desde Rep\u00fablica Dominicana para dirigir la guerra que ambos hab\u00edan organizado. Fue testigo de la despedida del h\u00e9roe con su familia el primero de abril del mencionado a\u00f1o de 1895 y pudo apreciar en esos felices y angustiosos instantes y durante el trayecto hacia Cuba los sentimientos del bravo guerrero que tanto se opuso al imperio espa\u00f1ol como a la intervenci\u00f3n y ocupaci\u00f3n de Cuba por los Estados Unidos de Norteam\u00e9rica, en 1898, y cuestion\u00f3 siempre la Enmienda Platt que se le impuso por la fuerza a los cubanos como ap\u00e9ndice constitucional.<\/p>\n\n\n\n<p>En carta de abril de 1895, dirigida por Jos\u00e9 Mart\u00ed a Bernarda Toro de G\u00f3mez, al expresarle lo que sent\u00eda y recordaba sobre su familia, le escribi\u00f3 sobre su esposo quien lo acompa\u00f1aba, entre otras cosas:<\/p>\n\n\n\n<p>\u201cVamos cosidos unos a otro, el padre y yo, con un solo coraz\u00f3n, y la mayor amistad y dulzura que da la compa\u00f1\u00eda cari\u00f1osa en las cosas dif\u00edciles. Entre los compa\u00f1eros no va una sola alma repulsiva ni hostil. El padre va robusto, y con la fe justa que nos anima a todos: de cuando en cuando, sin que nadie m\u00e1s que yo lo note, vuelve los ojos a las costas donde Uds. viven: yo lo noto, porque los vuelvo yo tambi\u00e9n. Uds. son m\u00edos\u201d.<\/p>\n\n\n\n<p>Ese hermoso testimonio anteriormente citado de Mart\u00ed, se corrobora y complementa con estas otras palabras que en carta de despedida a sus hijos menores, Urbanito, Bernardito, Andresito e Itica, escribiera el general G\u00f3mez, fechada en Cabo Haitiano, el 8 de abril de 1895:<\/p>\n\n\n\n<p>\u201cEn la madrugada del d\u00eda primero de abril de 1895, yo me desped\u00ed de ustedes sin ustedes saberlo. Yo los bes\u00e9 dormidos y ped\u00ed a Dios, que es el gran padre de todo lo que vemos y sentimos, que me guarde y cuide a todos ustedes para cuando yo vuelva que pasemos d\u00edas muy llenos de contento.<\/p>\n\n\n\n<p>Yo espero que ustedes cuidar\u00e1n con mucha dulzura y cari\u00f1o de su mam\u00e1, de Clemencia, de sus t\u00edas y de Itica. Espero, que en esa casa santa para todos, no se oiga nunca un mal modo, ni una mala palabra, que se respeten unos a otros, y que siendo su mam\u00e1, Clemencia y Margarita las reinas de nuestra casa, el brillo de nuestros nombres y donde debe ir a parar todo nuestro amor, es necesario, pues, que a ellas debemos rendirles mucho respeto y consideraci\u00f3n.<\/p>\n\n\n\n<p>Yo quiero que ustedes se aprendan esta carta de memoria y que cada uno saque una copia, pues as\u00ed s\u00e9 que no me han de olvidar\u201d.<\/p>\n","protected":false},"excerpt":{"rendered":"<p>Ra\u00fal Rodr\u00edguez la O (List\u00edn, 15-3-25) Ahora que el pueblo natal del general M\u00e1ximo G\u00f3mez se propone designar con su nombre la provincia que re\u00fane sus municipios, quienes nos sentimos felices con esa iniciativa legislativa dominicana, desde Cuba aportamos nuestras motivaciones y agradecimientos para ver realizado ese justo reconocimiento. G\u00f3mez B\u00e1ez naci\u00f3 el 18 de [&hellip;]<\/p>\n","protected":false},"author":1,"featured_media":59488,"comment_status":"open","ping_status":"open","sticky":false,"template":"","format":"standard","meta":{"footnotes":""},"categories":[5,17],"tags":[],"class_list":["post-59487","post","type-post","status-publish","format-standard","has-post-thumbnail","hentry","category-nacionales","category-sociedad"],"_links":{"self":[{"href":"https:\/\/debateplural.net\/site\/wp-json\/wp\/v2\/posts\/59487"}],"collection":[{"href":"https:\/\/debateplural.net\/site\/wp-json\/wp\/v2\/posts"}],"about":[{"href":"https:\/\/debateplural.net\/site\/wp-json\/wp\/v2\/types\/post"}],"author":[{"embeddable":true,"href":"https:\/\/debateplural.net\/site\/wp-json\/wp\/v2\/users\/1"}],"replies":[{"embeddable":true,"href":"https:\/\/debateplural.net\/site\/wp-json\/wp\/v2\/comments?post=59487"}],"version-history":[{"count":1,"href":"https:\/\/debateplural.net\/site\/wp-json\/wp\/v2\/posts\/59487\/revisions"}],"predecessor-version":[{"id":59489,"href":"https:\/\/debateplural.net\/site\/wp-json\/wp\/v2\/posts\/59487\/revisions\/59489"}],"wp:featuredmedia":[{"embeddable":true,"href":"https:\/\/debateplural.net\/site\/wp-json\/wp\/v2\/media\/59488"}],"wp:attachment":[{"href":"https:\/\/debateplural.net\/site\/wp-json\/wp\/v2\/media?parent=59487"}],"wp:term":[{"taxonomy":"category","embeddable":true,"href":"https:\/\/debateplural.net\/site\/wp-json\/wp\/v2\/categories?post=59487"},{"taxonomy":"post_tag","embeddable":true,"href":"https:\/\/debateplural.net\/site\/wp-json\/wp\/v2\/tags?post=59487"}],"curies":[{"name":"wp","href":"https:\/\/api.w.org\/{rel}","templated":true}]}}