{"id":59539,"date":"2025-10-17T13:19:26","date_gmt":"2025-10-17T17:19:26","guid":{"rendered":"https:\/\/debateplural.net\/site\/?p=59539"},"modified":"2025-10-17T13:19:28","modified_gmt":"2025-10-17T17:19:28","slug":"premio-nobel-de-la-paz-2025-sombras-y-luces","status":"publish","type":"post","link":"https:\/\/debateplural.net\/site\/2025\/10\/17\/premio-nobel-de-la-paz-2025-sombras-y-luces\/","title":{"rendered":"Premio Nobel de la Paz 2025: sombras y luces"},"content":{"rendered":"\n<p>Mirko Casale (Russia Today, 17-10-25)<\/p>\n\n\n\n<p>Mar\u00eda Corina Machado&nbsp;<a href=\"https:\/\/www.nobelprize.org\/prizes\/peace\/2025\/machado\/facts\/\" target=\"_blank\" rel=\"noreferrer noopener\">gan\u00f3<\/a>&nbsp;el Premio Nobel de la Paz y eso es tanto una excelente como preocupante noticia, seg\u00fan como se analice. Excelencia y preocupaci\u00f3n que, como veremos, son las dos caras de una misma moneda.<\/p>\n\n\n\n<p>Por otra parte, Donald Trump se qued\u00f3 finalmente&nbsp;<a href=\"https:\/\/esrt.space\/actualidad\/568211-entregan-premio-nobel-paz-2025\" target=\"_blank\" rel=\"noreferrer noopener\">sin<\/a>&nbsp;su tan ansiado galard\u00f3n, del que hab\u00eda presumido por adelantado desde hace meses. Seg\u00fan el mandatario estadounidense, en lo que lleva de este su segundo gobierno detuvo varios conflictos b\u00e9licos, por lo que nadie m\u00e1s que \u00e9l se merec\u00eda el trofeo m\u00e1s pacifista del mundo. Tantas, pero tantas guerras detuvo, que, de hecho, acab\u00f3 hasta con contiendas militares que nunca existieron, como cuando sac\u00f3 pecho por terminar con el largo e imaginario conflicto b\u00e9lico entre&nbsp;<a href=\"https:\/\/esrt.space\/actualidad\/564767-azerbaiyan-albania-trump-conflictos\" target=\"_blank\" rel=\"noreferrer noopener\">Albania<\/a>&nbsp;y Azerbaiy\u00e1n, que no solo no existi\u00f3 recientemente, sino que nunca tuvo lugar en la historia.<\/p>\n\n\n\n<p>Aunque oficialmente el Comit\u00e9 del Nobel no revela qui\u00e9nes son los nominados que pasan su filtro, como las postulaciones s\u00ed son p\u00fablicas, siempre hay nombres en el aire que suenan como posibles 'nobelables' y este a\u00f1o, adem\u00e1s de Trump, estaban los voluntarios de las llamadas \"C\u00e9lulas de Intervenci\u00f3n de Emergencia\" activas en el conflicto armado interno en Sud\u00e1n, Zelenski, la viuda de Alex\u00e9i Navalny y hasta la OTAN (los tres por sus posturas hacia Mosc\u00fa) y, finalmente, una serie de candidatos relacionados con la oposici\u00f3n o la atenci\u00f3n al genocidio en Gaza, como Reporteros Sin Fronteras, la Agencia de Apoyo a Refugiados de la ONU, la Corte Penal Internacional o Greta Thunberg, entre otros.<\/p>\n\n\n\n<h3 class=\"wp-block-heading\">La candidata inesperada<\/h3>\n\n\n\n<p>Sin embargo, en horas previas al anuncio oficial, en las casas de apuestas comenz\u00f3 a subir el nombre de la opositora venezolana Mar\u00eda Corina Machado, quien termin\u00f3 alz\u00e1ndose con el galard\u00f3n. El anuncio, a su manera, result\u00f3 sorprendente, porque la veterana pol\u00edtica no figuraba inicialmente entre los favoritos. El&nbsp;<a href=\"https:\/\/esrt.space\/a-fondo\/568270-mayor-beneficio-humanidad-personas-premio-nobel\" target=\"_blank\" rel=\"noreferrer noopener\">Comit\u00e9 Noruego<\/a>&nbsp;del Nobel justific\u00f3 su decisi\u00f3n \u2013cito textualmente\u2013 \"por su incansable trabajo promoviendo los derechos democr\u00e1ticos del pueblo de Venezuela y por su lucha por una justa y pac\u00edfica transici\u00f3n de dictadura a democracia\".<\/p>\n\n\n\n<blockquote class=\"wp-block-quote is-layout-flow wp-block-quote-is-layout-flow\">\n<p>Dentro de la propia oposici\u00f3n, Mar\u00eda Corina Machado siempre ha sido considerada intransigente, narcisista y alejada de metas realistas<\/p>\n<\/blockquote>\n\n\n\n<p>La ganadora es una vieja opositora al chavismo \u2013vieja por sus a\u00f1os ejerciendo como opositora, no me malinterpreten\u2013 con un largo historial de vinculaci\u00f3n con Washington que nunca se ha esforzado demasiado en disimular. La cosa es que bastantes pol\u00edticos opositores venezolanos tienen esa misma caracter\u00edstica y claro, la competencia es grande. Aunque ha sido derrotada una y otra vez en las propias primarias opositoras (organizadas por opositores, valga la aclaraci\u00f3n), en el \u00faltimo a\u00f1o Mar\u00eda Corina Machado ha tratado de capitalizar a su favor el fracaso de los hoy olvidados Leopoldo L\u00f3pez y Juan Guaid\u00f3 a la hora de lograr su tan anhelado \"cambio de r\u00e9gimen\" en Caracas.<\/p>\n\n\n\n<p>Aunque no lo suelen reconocer en p\u00fablico, dentro de la propia oposici\u00f3n, la dirigente de Vente Venezuela siempre ha sido considerada como la m\u00e1s intransigente, narcisista y alejada de metas realistas entre todos ellos. Sus llamados a una intervenci\u00f3n militar internacional en Venezuela, as\u00ed como su apoyo a la aplicaci\u00f3n de sanciones contra el pa\u00eds, est\u00e1n ampliamente documentados y qu\u00e9 mejor prueba de ello que sus seguidores suelan defenderla con argumentos del tipo \"Mar\u00eda Corina nunca ha apoyado una invasi\u00f3n, pero yo estoy con ella porque s\u00ed apoyo una invasi\u00f3n\".<\/p>\n\n\n\n<p>Con semejantes antecedentes 'pac\u00edficos', su victoria dej\u00f3 algo desconcertada incluso a buena parte de la prensa corporativa, que en estos d\u00edas ha hecho malabares para presentar como pol\u00edtica sensata, de consenso y amante de la paz a quien durante la \u00faltima d\u00e9cada describieron como la opci\u00f3n m\u00e1s washingtoniana y extremista dentro del arco opositor venezolano.<\/p>\n\n\n\n<h3 class=\"wp-block-heading\">De espaldas a Palestina, rumbo al descr\u00e9dito<\/h3>\n\n\n\n<p>El galard\u00f3n a Machado, adem\u00e1s, caus\u00f3 cierta sorpresa tambi\u00e9n debido a que el Comit\u00e9 del Nobel dio la espalda por completo a Gaza por segundo a\u00f1o consecutivo. Segundo a\u00f1o de genocidio, para ser precisos. Encima, a la segunda oportunidad, en lugar de tratar de salvar las apariencias entreg\u00e1ndoselo a alguna ONG como Reporteros Sin Fronteras o similar, se lo entregaron a una defensora ac\u00e9rrima de la entidad israel\u00ed: Mar\u00eda Corina Machado siempre se ha pronunciado del lado de Tel Aviv en cualquier asunto y en 2020 su partido firm\u00f3 un acuerdo de cooperaci\u00f3n con la formaci\u00f3n de Benjam\u00edn Netanyahu. Es decir, en lugar de lavarse la cara fingiendo que no ignoran una limpieza \u00e9tnica, los jueces del certamen se echaron fango y sangre en el rostro para dejar claro que, en efecto, no los conmueve lo m\u00e1s m\u00ednimo.<\/p>\n\n\n\n<blockquote class=\"wp-block-quote is-layout-flow wp-block-quote-is-layout-flow\">\n<p>Muchos se\u00f1alan que el galard\u00f3n&nbsp;es&nbsp;una especie de 'coartada moral preventiva' de cara a alg\u00fan tipo de intervenci\u00f3n estadounidense contra Venezuela<\/p>\n<\/blockquote>\n\n\n\n<p>Pero, tal como se\u00f1al\u00e1bamos al inicio de este art\u00edculo, todo lo sucedido alrededor de esta edici\u00f3n del Premio Nobel puede analizarse tanto desde la preocupaci\u00f3n como desde el optimismo. Porque, por un lado, no son pocas las personas que se\u00f1alan que el galard\u00f3n entregado a Machado no es otra cosa que un intento de crear una especie de 'coartada moral preventiva' de cara a alg\u00fan tipo de&nbsp;<a href=\"https:\/\/esrt.space\/opinion\/ociel-ali-lopez\/569005-nobel-maria-corina-machado-que-cambiar\" target=\"_blank\" rel=\"noreferrer noopener\">intervenci\u00f3n militar<\/a>&nbsp;estadounidense contra Venezuela, sea la que sea, desde ataques puntuales hasta una invasi\u00f3n abierta. En otras palabras, la Casa Blanca se sentir\u00eda m\u00e1s c\u00f3moda anunciando que atacaron \"el pa\u00eds donde la Premio Nobel de la Paz es perseguida\" que \"el pa\u00eds con las mayores reservas probadas de petr\u00f3leo\". El \u00e9nfasis con el que Trump amenaza a la naci\u00f3n caribe\u00f1a \u00faltimamente, la creciente presencia militar estadounidense en la regi\u00f3n, los bombardeos contra presuntas 'narcolanchas' y esta premiaci\u00f3n podr\u00edan apuntar en la misma direcci\u00f3n.<\/p>\n\n\n\n<p>Sin embargo, m\u00e1s all\u00e1 de la muy l\u00f3gica preocupaci\u00f3n que genera esa perspectiva, la presente edici\u00f3n de este premio tambi\u00e9n, como todo, puede analizarse desde una \u00f3ptica, si se quiere, hasta optimista. Y es que, aunque ya ven\u00eda desprestigi\u00e1ndose desde hace tiempo con su entrega a Henry Kissinger, Barack 'Bombama' o quien fuera ministro de Defensa de Colombia cuando se implementaron los llamados 'falsos positivos', por no hablar de la cada vez m\u00e1s frecuente 'nobelizaci\u00f3n' de activistas opositores prooccidentales en exclusiva, otorgarlo a una ferviente sionista tras dos a\u00f1os de genocidio israel\u00ed en Gaza es ya como mucho con demasiado.<\/p>\n\n\n\n<p>Y el hecho de que una de las instituciones m\u00e1s 'respetadas' del Norte Global se autoinmole de esta manera tan obvia y a la vista del planeta entero con tal de no ofender a la monstruosa criatura m\u00e1s protegida por 'la comunidad internacional' no solo es indignante: tambi\u00e9n es se\u00f1al de c\u00f3mo ese presunto 'mundo basado en reglas', creado y mantenido por la fuerza para beneficio de unos pocos pa\u00edses, goza de cada vez menos credibilidad y camina, de manera inevitable, hacia su final.<\/p>\n","protected":false},"excerpt":{"rendered":"<p>Mirko Casale (Russia Today, 17-10-25) Mar\u00eda Corina Machado&nbsp;gan\u00f3&nbsp;el Premio Nobel de la Paz y eso es tanto una excelente como preocupante noticia, seg\u00fan como se analice. Excelencia y preocupaci\u00f3n que, como veremos, son las dos caras de una misma moneda. Por otra parte, Donald Trump se qued\u00f3 finalmente&nbsp;sin&nbsp;su tan ansiado galard\u00f3n, del que hab\u00eda presumido [&hellip;]<\/p>\n","protected":false},"author":1,"featured_media":59459,"comment_status":"open","ping_status":"open","sticky":false,"template":"","format":"standard","meta":{"footnotes":""},"categories":[14,12],"tags":[],"class_list":["post-59539","post","type-post","status-publish","format-standard","has-post-thumbnail","hentry","category-internacionales","category-politica-3"],"_links":{"self":[{"href":"https:\/\/debateplural.net\/site\/wp-json\/wp\/v2\/posts\/59539"}],"collection":[{"href":"https:\/\/debateplural.net\/site\/wp-json\/wp\/v2\/posts"}],"about":[{"href":"https:\/\/debateplural.net\/site\/wp-json\/wp\/v2\/types\/post"}],"author":[{"embeddable":true,"href":"https:\/\/debateplural.net\/site\/wp-json\/wp\/v2\/users\/1"}],"replies":[{"embeddable":true,"href":"https:\/\/debateplural.net\/site\/wp-json\/wp\/v2\/comments?post=59539"}],"version-history":[{"count":1,"href":"https:\/\/debateplural.net\/site\/wp-json\/wp\/v2\/posts\/59539\/revisions"}],"predecessor-version":[{"id":59540,"href":"https:\/\/debateplural.net\/site\/wp-json\/wp\/v2\/posts\/59539\/revisions\/59540"}],"wp:featuredmedia":[{"embeddable":true,"href":"https:\/\/debateplural.net\/site\/wp-json\/wp\/v2\/media\/59459"}],"wp:attachment":[{"href":"https:\/\/debateplural.net\/site\/wp-json\/wp\/v2\/media?parent=59539"}],"wp:term":[{"taxonomy":"category","embeddable":true,"href":"https:\/\/debateplural.net\/site\/wp-json\/wp\/v2\/categories?post=59539"},{"taxonomy":"post_tag","embeddable":true,"href":"https:\/\/debateplural.net\/site\/wp-json\/wp\/v2\/tags?post=59539"}],"curies":[{"name":"wp","href":"https:\/\/api.w.org\/{rel}","templated":true}]}}