{"id":5990,"date":"2016-06-16T10:02:08","date_gmt":"2016-06-16T14:02:08","guid":{"rendered":"http:\/\/debateplural.com\/?p=5990"},"modified":"2016-06-23T13:31:08","modified_gmt":"2016-06-23T13:31:08","slug":"francia-pierde-la-cara","status":"publish","type":"post","link":"https:\/\/debateplural.net\/site\/2016\/06\/16\/francia-pierde-la-cara\/","title":{"rendered":"Francia pierde la cara"},"content":{"rendered":"<div id=\"attachment_5992\" style=\"width: 715px\" class=\"wp-caption aligncenter\"><img loading=\"lazy\" decoding=\"async\" aria-describedby=\"caption-attachment-5992\" class=\"size-full wp-image-5992\" src=\"http:\/\/tripletecnologia.com\/website\/debateplural\/wp-content\/uploads\/2016\/06\/cafe-de-flore-en-paris.jpg\" alt=\"Cafe de Flore en Paris\" width=\"705\" height=\"381\" \/><p id=\"caption-attachment-5992\" class=\"wp-caption-text\">Cafe de Flore en Paris<\/p><\/div>\n<p class=\"b-article__lead\" style=\"text-align:justify;\"><strong>Debateplural.com, comparte con sus lectores el\u00a0art\u00edculo de Luis Rivas, titulado \"Francia pierde la cara\", publicado en el portal \u00a0Sputniknews.com, en fecha 15 del mes de junio de 2016.<\/strong><!--more--><\/p>\n<p class=\"b-article__lead\" style=\"text-align:justify;\">Los gobiernos gastan sumas colosales en vender una imagen atractiva de su pa\u00eds a los inversores y turistas internacionales. Algunos pa\u00edses europeos sufragan departamentos de mercadeo de cara al exterior en m\u00faltiples campos: industrial, tur\u00edstico, cultural\u2026<\/p>\n<div class=\"b-article__text\" style=\"text-align:justify;\">\n<p style=\"text-align:justify;\">En el caso de Francia, la suma invertida ha sido siempre acompa\u00f1ada de una imagen atractiva del pa\u00eds, trabajada desde hace d\u00e9cadas y facilitada por unas caracter\u00edsticas geogr\u00e1ficas y naturales que hacen de este pa\u00eds el primer destino tur\u00edstico mundial. Al tiempo, hasta hace poco, <a href=\"http:\/\/localhost\/debateplural\/tag\/francia\">Francia<\/a> era sin\u00f3nimo de \"glamour\", una palabra devaluada por su uso exagerado, para los ciudadanos de cualquier continente.<\/p>\n<p style=\"text-align:justify;\">Por supuesto, las rivalidades comerciales y pol\u00edticas dan lugar peri\u00f3dicamente a campa\u00f1as de \"french bashing\" (ataques a Francia), provenientes en su mayor\u00eda de sus \"aliados\" norteamericanos y brit\u00e1nicos, o, para ser m\u00e1s preciso, ingleses.<\/p>\n<p style=\"text-align:justify;\">En el campeonato del mundo de los clich\u00e9s, Francia se lleva la medalla de oro de lo que muchos consideran como arrogancia y poca humildad. Los m\u00e1s cr\u00edticos con esa supuesta actitud francesa son tambi\u00e9n los ciudadanos de los pa\u00edses que m\u00e1s le admiran.<\/p>\n<p style=\"text-align:justify;\">El video y la fotograf\u00eda se han convertido en los \u00faltimos meses en los enemigos principales de la \"Marca Francia\". Los periodistas saben bien c\u00f3mo unas im\u00e1genes fijas o en movimiento pueden ofrecer una idea distorsionada, o no, de la realidad. Por eso las dictaduras impiden a la prensa, nacional o extranjera, moverse libremente por su territorio.<\/p>\n<p><strong>Salvajes nacionales y extranjeros<\/strong><\/p>\n<p style=\"text-align:justify;\">Las im\u00e1genes de unos energ\u00famenos atacando un veh\u00edculo de polic\u00edas municipales en Par\u00eds, apaleando a su conductor y prendiendo fuego al auto en pleno centro de Par\u00eds, ofrecen al mundo un panorama de caos y ausencia de autoridad que para muchos es la se\u00f1al para cambiar el billete de turista o la inversi\u00f3n econ\u00f3mica hacia tierras menos intensas.<\/p>\n<div class=\"b-inject m-inject-min\">\n<div class=\"b-inject__media\">Esa imagen de violencia era el c\u00e9nit de otras secuencias de las protestas contra las reformas laborales del gobierno socialista de Fran\u00e7ois Hollande. Las autoridades francesas no fueron capaces de disociar las manifestaciones pac\u00edficas contra la nueva ley del trabajo, de las acciones salvajes de grupos solo interesados en desafiar a los s\u00edmbolos del Estado y destrozar el mobiliario p\u00fablico. Y el espectador de televisi\u00f3n o lector de peri\u00f3dicos, digitales o de papel, deber\u00eda saber que cualquier periodista prefiere una foto o un video espectacular para ilustrar una protesta, aunque los fines de los violentos no tengan nada que ver con las exigencias de los manifestantes.<\/div>\n<\/div>\n<p><strong>Caf\u00e9 con desperdicios<\/strong><\/p>\n<p style=\"text-align:justify;\">En un Par\u00eds intramuros que se quiere vender como una maqueta de film de Walt Disney, la foto de la basura acumulada frente al m\u00edtico Caf\u00e9 de Flore ha sido uno de los peores golpes a la imagen de la llamada \"ciudad luz\". Ese establecimiento de restauraci\u00f3n hace tiempo que ha dejado de ser un centro de reuni\u00f3n de intelectuales o literatos. Sus sillas han sido invadidas por turistas japoneses y chinos que quiz\u00e1 desconocen lo que el caf\u00e9 signific\u00f3 para la vida cultural de la capital en el pasado. Es lo mismo. Ahora no se trata de atraer a futuros escritores o fil\u00f3sofos y alimentarles de caf\u00e9. Se trata de sacarles los yenes y los yuanes.<\/p>\n<p>A los atentados terroristas del 2015 se le a\u00f1adi\u00f3 la pasada primavera lo que algunos querr\u00edan que fuese \"la primavera francesa\", la protesta que liberar\u00e1 al pa\u00eds del gran demonio: el liberalismo y la austeridad inoculada desde la Uni\u00f3n Europea y el \"panzer econ\u00f3mico\" alem\u00e1n.<\/p>\n<p style=\"text-align:justify;\">A las im\u00e1genes de destrozos callejeros, violencia,\u00a0\u2014de y contra\u2014 las fuerzas policiales, a las columnas de humo negro que bloqueaban los accesos a puertos, centrales nucleares o refiner\u00edas, siguieron las de las inundaciones y las crecidas del Sena, que hizo temer la repetici\u00f3n de las que convirtieron el centro e Par\u00eds en una Venecia forzada, en 1910.<\/p>\n<p style=\"text-align:justify;\">Y aqu\u00ed, las im\u00e1genes que han dado la vuelta al mundo, adem\u00e1s de las tomas a\u00e9reas y de las evacuaciones de apartamentos y museos, fueron las de los tres polic\u00edas municipales naufragando en una barca de pl\u00e1stico m\u00e1s propia para juegos de playa que para salvar a los ancianos atrapados sin luz y calefacci\u00f3n en sus buhardillas.<\/p>\n<p>La celebraci\u00f3n de acontecimientos deportivos es algo por lo que las naciones se baten a golpe de marketing y promesas, que al fin y al cabo es lo mismo. Organizar un evento como la Eurocopa de f\u00fatbol cost\u00f3 mucho trabajo pol\u00edtico y econ\u00f3mico a la Francia de Nicolas Sarkozy. Para la Francia de Fran\u00e7ois Hollande deber\u00eda suponer un b\u00e1lsamo que hiciera olvidar la agitaci\u00f3n social. Pero parece incre\u00edble que el primer mandatario franc\u00e9s no conozca a sus propios compatriotas.<\/p>\n<p style=\"text-align:justify;\">A la protesta y las huelgas de ciertos sectores, quiz\u00e1 los m\u00e1s privilegiados de la vida econ\u00f3mica y social del pa\u00eds, se unieron otros que vieron en la EURO2016 la ocasi\u00f3n perfecta para poner contra la pared a un gobierno debilitado, que bate el r\u00e9cord de impopularidad en la historia del pa\u00eds.<\/p>\n<p style=\"text-align:justify;\">La ceremonia de apertura del campeonato europeo, tan cursi y \u00f1o\u00f1o como suelen ser estos espect\u00e1culos, fue seguida de una de las realidades que pocos en Francia hab\u00edan previsto: la aparici\u00f3n de los \"hooligans\", palabra que ya no hace falta traducir en ninguna lengua.<\/p>\n<p style=\"text-align:justify;\">Las batallas campales de los primeros d\u00edas de la competici\u00f3n hac\u00eda a\u00f1os que no se registraban en <a href=\"http:\/\/localhost\/debateplural\/tag\/europa\">Europa<\/a>. Pero lo m\u00e1s negativo de las im\u00e1genes era la incapacidad de las fuerzas del orden francesas para haber previsto y atajado lo que cualquier barman tem\u00eda.<\/p>\n<p><strong>\u00bfEstado de emergencia?<\/strong><\/p>\n<p style=\"text-align:justify;\">Francia vive desde la matanza de Par\u00eds del 13 de noviembre en estado de emergencia. O bien ese grado de alerta se ha devaluado y no significa nada, o bien las autoridades del pa\u00eds siguen siendo del pa\u00eds pero han renunciado a la autoridad.<\/p>\n<p>Es esa autoridad a la que desafiaba de nuevo otro asesino yihadista que acuchillaba a dos polic\u00edas en su domicilio, delante del hijo de ambos, de tres a\u00f1os. Para este hecho, las \u00fanicas im\u00e1genes las conservan los investigadores del nuevo atentado.<\/p>\n<p style=\"text-align:justify;\">Fran\u00e7ois Hollande sigue empe\u00f1ado en presentarse a las elecciones presidenciales de 2017 a pesar de una gesti\u00f3n que las cifras econ\u00f3micas y los sondeos se\u00f1alan como calamitosa. En su contra est\u00e1 tambi\u00e9n un sector de su propio Partido Socialista y varios cabecillas de esa organizaci\u00f3n, que no se frenan en pedir un cambio radical de pol\u00edtica. Un cambio hacia la izquierda. En la calle, la movilizaci\u00f3n masiva del 14 de junio insisti\u00f3 en la misma petici\u00f3n.<\/p>\n<div class=\"b-inject m-inject-min\">\n<div class=\"b-inject__media\">La respuesta de Hollande a la crisis es intentar contentar a cada voz disidente sacando la chequera del dinero p\u00fablico. El Jefe del Estado franc\u00e9s conf\u00eda en que a menos de un a\u00f1o de los comicios el desempleo se recupere lo suficiente como para vender la \"recuperaci\u00f3n\". Y rezando laicamente para que el terrorismo no se convierta en primera p\u00e1gina.<\/div>\n<\/div>\n<p>Aunque Hollande gan\u00f3 puntos con la gesti\u00f3n de los atentados del pasado a\u00f1o, los franceses no parecen dispuestos a respaldar a un l\u00edder al que ni siquiera la comunicaci\u00f3n ya funciona. Y esa es la imagen que en el extranjero tambi\u00e9n se tiene, por el momento, de Francia.<\/p>\n<\/div>\n","protected":false},"excerpt":{"rendered":"<p>Debateplural.com, comparte con sus lectores el\u00a0art\u00edculo de Luis Rivas, titulado \"Francia pierde la cara\", publicado en el portal \u00a0Sputniknews.com, en fecha 15 del mes de junio de 2016.<\/p>\n","protected":false},"author":1,"featured_media":6192,"comment_status":"open","ping_status":"open","sticky":false,"template":"","format":"standard","meta":{"footnotes":""},"categories":[14,12],"tags":[67,9],"class_list":["post-5990","post","type-post","status-publish","format-standard","has-post-thumbnail","hentry","category-internacionales","category-politica-3","tag-europa","tag-francia"],"_links":{"self":[{"href":"https:\/\/debateplural.net\/site\/wp-json\/wp\/v2\/posts\/5990"}],"collection":[{"href":"https:\/\/debateplural.net\/site\/wp-json\/wp\/v2\/posts"}],"about":[{"href":"https:\/\/debateplural.net\/site\/wp-json\/wp\/v2\/types\/post"}],"author":[{"embeddable":true,"href":"https:\/\/debateplural.net\/site\/wp-json\/wp\/v2\/users\/1"}],"replies":[{"embeddable":true,"href":"https:\/\/debateplural.net\/site\/wp-json\/wp\/v2\/comments?post=5990"}],"version-history":[{"count":1,"href":"https:\/\/debateplural.net\/site\/wp-json\/wp\/v2\/posts\/5990\/revisions"}],"predecessor-version":[{"id":6193,"href":"https:\/\/debateplural.net\/site\/wp-json\/wp\/v2\/posts\/5990\/revisions\/6193"}],"wp:featuredmedia":[{"embeddable":true,"href":"https:\/\/debateplural.net\/site\/wp-json\/wp\/v2\/media\/6192"}],"wp:attachment":[{"href":"https:\/\/debateplural.net\/site\/wp-json\/wp\/v2\/media?parent=5990"}],"wp:term":[{"taxonomy":"category","embeddable":true,"href":"https:\/\/debateplural.net\/site\/wp-json\/wp\/v2\/categories?post=5990"},{"taxonomy":"post_tag","embeddable":true,"href":"https:\/\/debateplural.net\/site\/wp-json\/wp\/v2\/tags?post=5990"}],"curies":[{"name":"wp","href":"https:\/\/api.w.org\/{rel}","templated":true}]}}