{"id":60363,"date":"2026-01-07T13:23:36","date_gmt":"2026-01-07T17:23:36","guid":{"rendered":"https:\/\/debateplural.net\/site\/?p=60363"},"modified":"2026-01-07T13:23:37","modified_gmt":"2026-01-07T17:23:37","slug":"el-emperador-esta-desnudo","status":"publish","type":"post","link":"https:\/\/debateplural.net\/site\/2026\/01\/07\/el-emperador-esta-desnudo\/","title":{"rendered":"El emperador est\u00e1 desnudo"},"content":{"rendered":"\n<p>Jorge Majfud\u00a0(Rebeli\u00f3n, 7-1-26)<\/p>\n\n\n\n<p>En una contratapa de&nbsp;<a rel=\"noreferrer noopener\" href=\"https:\/\/www.pagina12.com.ar\/diario\/contratapa\/13-86778-2007-06-18.html\" target=\"_blank\"><em>P\u00e1gina\/12<\/em><\/a>&nbsp;de 2007, reflexion\u00e1bamos sobre el ideol\u00e9xico&nbsp;<em>ser<\/em>&nbsp;<em>de derecha<\/em>: \u201cVeinte o treinta a\u00f1os atr\u00e1s en el Cono Sur era suficiente declararse izquierdista para ir a la c\u00e1rcel o perder la vida en una sesi\u00f3n de tortura (\u2026). Ser de derecha no s\u00f3lo era pol\u00edticamente correcto sino, adem\u00e1s, una necesidad de sobrevivencia. La valoraci\u00f3n de este ideol\u00e9xico ha cambiado de forma dram\u00e1tica. Lo demuestra un reciente juicio que tiene lugar en Uruguay.&nbsp;<em>B\u00fasqueda<\/em>&nbsp;ha entablado juicio contra un senador de la rep\u00fablica, Jos\u00e9 Korzeniak, porque lo defini\u00f3 como \u2018de derecha\u2026\u201d.<\/p>\n\n\n\n<p>Los ideol\u00e9xicos (y, con ellos, las cristalizaciones ideol\u00f3gicas) parecen mostrar ciclos de 30 a\u00f1os\u2015una generaci\u00f3n. Pero estos ciclos, m\u00e1s all\u00e1 de una posible din\u00e1mica social o de una naturaleza psicol\u00f3gica, como \u201c<a href=\"https:\/\/majfud.org\/2025\/04\/09\/la-generacion-del-silencio-a-modo-de-ficcion-y-de-reflexion\/\" target=\"_blank\" rel=\"noreferrer noopener\">la din\u00e1mica de las cuatro generaciones<\/a>\u201d, tambi\u00e9n est\u00e1n afectados, distorsionados y hasta determinados por&nbsp;<em>la mirada de los imperios<\/em>&nbsp;(ver \u201c<a href=\"https:\/\/majfud.org\/2025\/12\/16\/la-logica-interna-de-las-ola-reaccionaria-en-america-latina\/\" target=\"_blank\" rel=\"noreferrer noopener\">La l\u00f3gica de las olas reaccionarias en Am\u00e9rica Latina<\/a>\u201d).<\/p>\n\n\n\n<p>Diferente, en el epicentro del Imperio, esta din\u00e1mica ideol\u00f3gica tiene ciclos mayores (60 a\u00f1os), porque no dependen de intervenciones exteriores. Dependen del poder relativo de su clase dominante\u2015no de la clase dominante de otro pa\u00eds. En cualquier caso, las leyes son la expresi\u00f3n del poder (plutocracia) o de los poderes (democracia) de una sociedad. En las sociedades capitalistas y, a\u00fan de forma m\u00e1s radical, en las plutocracias del capitalismo neoliberal y neofeudal, el poder radica en la concentraci\u00f3n del dinero, por lo cual los millonarios compran pol\u00edticos y sus corporaciones escriben directamente las leyes, como en Estados Unidos, o deciden gobiernos en las rep\u00fablicas bananeras.<\/p>\n\n\n\n<p>Como ning\u00fan sistema jur\u00eddico reconoce el derecho de un pa\u00eds para escribir las leyes de otros pa\u00edses soberanos, los imperios y los gobiernos supremacistas escriben&nbsp;<em>doctrinas<\/em>, como la Doctrina Monroe y otros tratados para que otros pueblos obedezcan mientras les sirva a los due\u00f1os del ca\u00f1\u00f3n. Pero estas doctrinas y esta tras-ideologizaci\u00f3n de las colonias siempre se visti\u00f3 de alguna excusa sagrada, como Dios, la raza, la libertad, la propiedad privada o la democracia. Algo que, en Estados Unidos, comienza a secarse, dejando al desnudo y sin disimulo las verdaderas razones de su violencia, como lo es el reconocimiento del presidente Trump de invadir Venezuela para \u201c<em>hacer mucho dinero con (nuestro) petr\u00f3leo<\/em>\u201d\u2015en su conferencia de prensa tras el secuestro del presidente Maduro, mencion\u00f3 23 veces la palabra&nbsp;<em>petr\u00f3leo<\/em>&nbsp;y ni una sola vez&nbsp;<em>democracia<\/em>, lo que se ajusta al Proyecto 2025 y los&nbsp;<a href=\"https:\/\/rebelion.org\/self-made-virgos\/\" target=\"_blank\" rel=\"noreferrer noopener\">neo mon\u00e1rquicos como Curtis Yarvin.<\/a><\/p>\n\n\n\n<p>El imperialismo norteamericano viene del fanatismo protestante, calvinista y privatizador de cuatro siglos atr\u00e1s, desde que se inici\u00f3 el despojo de los \u201csalvajes que nos atacaron sin ninguna provocaci\u00f3n\u201d. Hoy, su conducta violenta de intervenci\u00f3n y despojo se repite con la misma desnudez que al principio, como cuando James Polk le orden\u00f3 a un emisario buscar un r\u00edo dentro de M\u00e9xico con el mismo nombre del por entonces l\u00edmite fronterizo o, si no encontraba, nombrar otro r\u00edo con el mismo nombre para provocar una \u201cguerra de defensa\u201d contra M\u00e9xico y as\u00ed quitarle la mitad de su territorio. Exactamente lo mismo hizo Trump acusando a Maduro de narcotr\u00e1fico y luego decretando que el fentanilo era \u201carma de destrucci\u00f3n masiva\u201d, una decoraci\u00f3n usada para la invasi\u00f3n de Irak, el secuestro de Sadam Hussein y la apropiaci\u00f3n del petr\u00f3leo.<\/p>\n\n\n\n<p>Hasta entonces, los emperadores como Bush y Obama manten\u00edan el smoking bastante bien planchado. Con el Tea Party y, luego, con la primera presidencia de Trump, ser fascista, racista y mis\u00f3gino comenz\u00f3 a ser considerado un orgullo. All\u00ed comenz\u00f3 \u201cLa rebeli\u00f3n de los amos\u201d, peleada, como en las batallas medievales, por los peones sin rostro, sin nombres y sin nada que ganar o perder, excepto la vida.<\/p>\n\n\n\n<p>En sus primeros a\u00f1os en la Casa Blanca, Trump todav\u00eda negaba ser machista, racista o imperialista. En su segundo per\u00edodo, continu\u00f3 siendo el mismo de siempre, pero ya no lo disimul\u00f3 m\u00e1s. En una conferencia en el Despacho Oval le preguntaron al alcalde electo de Nueva York si todav\u00eda pensaba que Trump era un fascista, a lo que Trump le dijo que no hab\u00eda problema: \u201c<em>diles que s\u00ed<\/em>\u201d. Mamdani respondi\u00f3 que s\u00ed, para satisfacci\u00f3n del presidente.<\/p>\n\n\n\n<p>Hace unos a\u00f1os propusimos la f\u00f3rmula&nbsp;<em>P = d.t<\/em>&nbsp;que relaciona poder (P), tolerancia (t) y diversidad\/disidencia (d), seg\u00fan la cual los imperios incontestables tienen una alta tolerancia a la diversidad y a la disidencia cuando su poder (P) es incontestable, y se vuelven intolerantes a la diversidad y a la disidencia cuando su poder comienza a disminuir, relaci\u00f3n que mantiene la ecuaci\u00f3n en&nbsp;<em>P-d.t = 0&nbsp;<\/em>en equilibrio. Actualmente, la creciente intolerancia a la disidencia, a la cr\u00edtica, a los libros y cursos sobre sobre la historia esclavista e imperial, o a la aceptaci\u00f3n de iguales derechos para diferentes etnias, g\u00e9neros, sexos o clases sociales es un signo inequ\u00edvoco de la creciente debilidad del Imperio americano.<\/p>\n\n\n\n<p>Las m\u00e1scaras y el smoking ya no son necesarios. La CIA lanz\u00f3 su operaci\u00f3n de secuestro del presidente Maduro para ser juzgado por narcotr\u00e1fico tres semanas despu\u00e9s de que el presidente Trump ordenase la liberaci\u00f3n del expresidente hondure\u00f1o, Juan Orlando Hern\u00e1ndez, condenado a 40 a\u00f1os de prisi\u00f3n por un jurado federal del mismo Estado, por narcotr\u00e1fico, y 24 horas despu\u00e9s de reuniese con Benjam\u00edn Netanyahu, requerido por la Corte Penal Internacional por cr\u00edmenes de Guerra y de lesa humanidad en Palestina.<\/p>\n\n\n\n<p>Ante el acoso y luego bombardeo de Venezuela (que ya cost\u00f3 la vida de decenas de personas y que, con el tiempo, producir\u00e1 m\u00e1s violencia), la ONU y varios presidentes han manifestado lo mismo: sentidas declaraciones de canciller\u00edas sobre que \u201c<em>el ataque militar estadounidense sienta un precedente peligroso<\/em>\u201d.<\/p>\n\n\n\n<p>\u00bfNo hace m\u00e1s de 200 a\u00f1os que estamos sentando precedentes peligrosos? \u00bfQu\u00e9 est\u00e1 ocurriendo que no haya ocurrido antes? (1) Invasi\u00f3n imperial por avaricia de los recursos naturales, solo que ahora las excusas no son importantes; (2) cipayismo criollo, cobarde y entreguista; (3) timidez de los l\u00edderes izquierdistas de la regi\u00f3n; (4) ausencia de consenso ante las m\u00e1s graves violaciones al derecho internacional\u2026<\/p>\n\n\n\n<p>\u00bfAlgo nuevo? Seguimos avanzando hacia la \u201cRebeli\u00f3n de los amos\u201d a trav\u00e9s de la \u201cPalestinizaci\u00f3n del mundo\u201d como un conductor que se duerme lentamente sobre el volante. Esto es s\u00f3lo un cap\u00edtulo m\u00e1s de un proceso que se radicalizar\u00e1.<\/p>\n\n\n\n<p>El secuestro de l\u00edderes desobedientes es una vieja pr\u00e1ctica imperial. Los imperios siempre violaron las leyes ajenas, pero se cuidaron de hacerlo dentro de sus propios feudos (raz\u00f3n por la cual la c\u00e1rcel de Guant\u00e1namo est\u00e1 en Cuba y no en Illinois), pero tambi\u00e9n esto ha cambiado. Ahora, los enmascarados del ICE y la Guardia Nacional han extendido la palestinizaci\u00f3n del mundo dentro de las fronteras de Estados Unidos, acostumbrando a su poblaci\u00f3n a la brutalidad, al miedo y a la violaci\u00f3n de los Derechos Humanos.<\/p>\n\n\n\n<p>Los conflictos reaccionarios de los supremacistas y decadentes imperios occidentales continuar\u00e1n sumando intervenciones al viejo estilo; invasiones, golpes de Estado, revueltas y guerras civiles inoculadas por las agencias secretas (CIA-MI6-Mossad). Seguiremos viendo un escenario de creciente violencia de Estados Unidos y Europa-Israel en sus patios traseros\u2015Am\u00e9rica latina, \u00c1frica y Oriente Medio.<\/p>\n\n\n\n<p>El objetivo es aplastar el surgimiento de China y del Sur Global, pero esta lucha desangrar\u00e1 m\u00e1s a Medio Oriente, \u00c1frica y Am\u00e9rica Latina que a China, hasta que \u00e9sta no tenga otra opci\u00f3n que intervenir en un conflicto b\u00e9lico masivo.<\/p>\n\n\n\n<p>Por el momento, a Rusia le importa Ucrania y a China, Taiw\u00e1n. Por eso, sus reacciones ante la re-colonizaci\u00f3n supremacista del Sur Global son apenas simb\u00f3licas.<\/p>\n\n\n\n<p>El sur global est\u00e1 solo.<\/p>\n\n\n\n<p><\/p>\n","protected":false},"excerpt":{"rendered":"<p>Jorge Majfud\u00a0(Rebeli\u00f3n, 7-1-26) En una contratapa de&nbsp;P\u00e1gina\/12&nbsp;de 2007, reflexion\u00e1bamos sobre el ideol\u00e9xico&nbsp;ser&nbsp;de derecha: \u201cVeinte o treinta a\u00f1os atr\u00e1s en el Cono Sur era suficiente declararse izquierdista para ir a la c\u00e1rcel o perder la vida en una sesi\u00f3n de tortura (\u2026). Ser de derecha no s\u00f3lo era pol\u00edticamente correcto sino, adem\u00e1s, una necesidad de sobrevivencia. [&hellip;]<\/p>\n","protected":false},"author":1,"featured_media":60364,"comment_status":"open","ping_status":"open","sticky":false,"template":"","format":"standard","meta":{"footnotes":""},"categories":[14,12],"tags":[],"class_list":["post-60363","post","type-post","status-publish","format-standard","has-post-thumbnail","hentry","category-internacionales","category-politica-3"],"_links":{"self":[{"href":"https:\/\/debateplural.net\/site\/wp-json\/wp\/v2\/posts\/60363"}],"collection":[{"href":"https:\/\/debateplural.net\/site\/wp-json\/wp\/v2\/posts"}],"about":[{"href":"https:\/\/debateplural.net\/site\/wp-json\/wp\/v2\/types\/post"}],"author":[{"embeddable":true,"href":"https:\/\/debateplural.net\/site\/wp-json\/wp\/v2\/users\/1"}],"replies":[{"embeddable":true,"href":"https:\/\/debateplural.net\/site\/wp-json\/wp\/v2\/comments?post=60363"}],"version-history":[{"count":1,"href":"https:\/\/debateplural.net\/site\/wp-json\/wp\/v2\/posts\/60363\/revisions"}],"predecessor-version":[{"id":60365,"href":"https:\/\/debateplural.net\/site\/wp-json\/wp\/v2\/posts\/60363\/revisions\/60365"}],"wp:featuredmedia":[{"embeddable":true,"href":"https:\/\/debateplural.net\/site\/wp-json\/wp\/v2\/media\/60364"}],"wp:attachment":[{"href":"https:\/\/debateplural.net\/site\/wp-json\/wp\/v2\/media?parent=60363"}],"wp:term":[{"taxonomy":"category","embeddable":true,"href":"https:\/\/debateplural.net\/site\/wp-json\/wp\/v2\/categories?post=60363"},{"taxonomy":"post_tag","embeddable":true,"href":"https:\/\/debateplural.net\/site\/wp-json\/wp\/v2\/tags?post=60363"}],"curies":[{"name":"wp","href":"https:\/\/api.w.org\/{rel}","templated":true}]}}