{"id":60485,"date":"2026-01-19T09:59:29","date_gmt":"2026-01-19T13:59:29","guid":{"rendered":"https:\/\/debateplural.net\/site\/?p=60485"},"modified":"2026-01-19T09:59:31","modified_gmt":"2026-01-19T13:59:31","slug":"el-ansia-por-groenlandia-ilustra-como-se-destruye-el-planeta-para-sacar-beneficio","status":"publish","type":"post","link":"https:\/\/debateplural.net\/site\/2026\/01\/19\/el-ansia-por-groenlandia-ilustra-como-se-destruye-el-planeta-para-sacar-beneficio\/","title":{"rendered":"El ansia por Groenlandia ilustra c\u00f3mo se destruye el planeta para sacar beneficio"},"content":{"rendered":"\n<p>Ra\u00fal Rej\u00f3n (El Diario, 19-1-26)<\/p>\n\n\n\n<p>La amenaza del presidente estadounidense de hacerse con la isla tiene muchos motivos, pero todos pasan por que el \u00c1rtico se derrite debido al calentamiento global: ocurre de manera similar con el aire contaminado o la ruina de ecosistemas para favorecer la producci\u00f3n intensiva de bienes<\/p>\n\n\n\n<p>Destruir el medio ambiente representa un buen negocio para algunos. La amenaza del presidente de EEUU, Donald Trump, de hacerse con la isla de Groenlandia \u201cpor las buenas o por las malas\u201d tiene muchos motivos, pero todos se basan en un \u00fanico hecho: el calentamiento global provocado por los humanos est\u00e1 acabando con el ecosistema helado del \u00c1rtico.<a href=\"https:\/\/www.eldiario.es\/sociedad\/codicia-artico-potencias-detras-destruccion-pugnan-controlar-riquezas-destapadas-deshielo_1_12727843.html\"><\/a><\/p>\n\n\n\n<p>La&nbsp;<a href=\"https:\/\/www.eldiario.es\/sociedad\/codicia-artico-potencias-detras-destruccion-pugnan-controlar-riquezas-destapadas-deshielo_1_12727843.html\" target=\"_blank\" rel=\"noreferrer noopener\"><strong>destrucci\u00f3n ecol\u00f3gica convierte el polo norte en una zona apetitosa<\/strong><\/a>&nbsp;para la explotaci\u00f3n de recursos o el control geopol\u00edtico mundial. Ocurre de manera parecida con la contaminaci\u00f3n del aire que respiramos, la devastaci\u00f3n de bosques o la ruina de ecosistemas enteros para producir bienes a escala industrial.<\/p>\n\n\n\n<p>El \u00c1rtico se derrite porque se recalienta a toda velocidad debido al calentamiento global del planeta. La capa de gases emitidos por las actividades humanas retiene la radiaci\u00f3n del sol que sube las temperaturas. Al tiempo que esos ecosistemas se quiebran, surge m\u00e1s acceso al petr\u00f3leo, gas, minerales, tierras raras, rutas comerciales, turismo y control militar. Actualmente, el 50% del territorio \u00e1rtico es controlado por Rusia. Un 25% por Canad\u00e1 y solo un 10% por EEUU. \u00bfCu\u00e1nto dominio representa la isla de Groenlandia? Aproximadamente un 20% que hoy ejerce Dinamarca. Ese es el salto de control que supondr\u00eda el plan anexionista de Donald Trump. Esa es la lucha por sacar tajada de los que causan la destrucci\u00f3n mediante sus emisiones de gases de efecto invernadero.<\/p>\n\n\n\n<p>De poco sirve que instituciones como el Banco Mundial (BM) o el Fondo Monetario Internacional (FMI) avisen de los enormes peajes econ\u00f3micos que impone el cambio clim\u00e1tico. El FMI, por ejemplo, afirma que \u201cel cambio clim\u00e1tico supone una&nbsp;<a href=\"https:\/\/www.imf.org\/en\/topics\/climate-change\" target=\"_blank\" rel=\"noreferrer noopener\"><strong>gran amenaza para el crecimiento econ\u00f3mico y la prosperidad a largo plazo<\/strong><\/a>\u201d. El Banco Mundial ha calculado que los&nbsp;<a href=\"https:\/\/openknowledge.worldbank.org\/server\/api\/core\/bitstreams\/3b12ad3c-3182-4772-95b3-205076b6bf14\/content\" target=\"_blank\" rel=\"noreferrer noopener\"><strong>da\u00f1os clim\u00e1ticos pueden llevar a la pobreza&nbsp;<\/strong><\/a>hasta a 132 millones de personas en 2030 por impactos sobre la salud, el alza de los precios de los alimentos o los desastres meteorol\u00f3gicos.<\/p>\n\n\n\n<p>Sin embargo, el beneficio m\u00e1s inmediato manda.<\/p>\n\n\n\n<p><strong>Coches de combusti\u00f3n contra el aire que respiramos<\/strong><\/p>\n\n\n\n<p>Como el hielo polar, el aire es una de las v\u00edctimas de este fen\u00f3meno: una buena parte de la c\u00fapula de gases que recalientan el planeta y lo contaminan&nbsp;<a href=\"https:\/\/ourworldindata.org\/co2-emissions-from-transport#:~:text=Three-quarters%20of%20this%20is,of%20total%20CO2%20emissions.\" target=\"_blank\" rel=\"noreferrer noopener\"><strong>proviene de los tubos de escape de coches, furgonetas o camiones<\/strong><\/a>. Provocan, aproximadamente, un quinto de las emisiones mundiales. Si se concreta, son el 30% en Espa\u00f1a, el 12% de toda la Uni\u00f3n Europea.<\/p>\n\n\n\n<p>Pero, al mismo tiempo, la industria del autom\u00f3vil en la UE representa&nbsp;<a href=\"https:\/\/commission.europa.eu\/topics\/business-and-industry\/boosting-european-car-sector_es#:~:text=La%20industria%20automovil%C3%ADstica%20europea%20constituye,ambiente%20para%20las%20generaciones%20venideras.\" target=\"_blank\" rel=\"noreferrer noopener\"><strong>el 7% de su producto interior bruto<\/strong><\/a>, seg\u00fan la Comisi\u00f3n Europea, lo que se traduce en unos 1,2 billones de euros. Tambi\u00e9n le calcula Bruselas una facturaci\u00f3n general de un bill\u00f3n y exportaciones de 170.000 millones de euros.<\/p>\n\n\n\n<p>Con esa palanca, hace bien poco, la i<a href=\"https:\/\/www.eldiario.es\/sociedad\/coche-combustion-contraataca-victorias-bruselas-madrid-zonas-bajas-emisiones_1_12857070.html\" target=\"_blank\" rel=\"noreferrer noopener\"><strong>ndustria automovil\u00edstica consigui\u00f3 que se aguara parte de los planes europeos contra el cambio clim\u00e1tico<\/strong><\/a>: podr\u00e1n venderse coches con motores de combusti\u00f3n (que queman gasolina o gas\u00f3leo) m\u00e1s all\u00e1 de 2030 cuando el Pacto Verde Europeo preve\u00eda sacarlos de las tiendas para esa fecha y recortar as\u00ed esas emisiones contaminantes.<\/p>\n\n\n\n<p>Habr\u00e1 nuevos autom\u00f3viles a la venta de cuyos tubos de escape podr\u00e1n salir no solo CO\u2082 sino micropart\u00edculas y otros gases nocivos como el di\u00f3xido de nitr\u00f3geno \u2013que, a su vez, es la base&nbsp;<a href=\"https:\/\/www.eldiario.es\/sociedad\/olas-calor-disparan-contaminacion-ozono-malo-maximos-decada-espana_1_12699092.html\" target=\"_blank\" rel=\"noreferrer noopener\"><strong>qu\u00edmica para la producci\u00f3n de ozono troposf\u00e9rico<\/strong><\/a>\u2013.<\/p>\n\n\n\n<p><strong>Bosques quemados para el ganado<\/strong><\/p>\n\n\n\n<p>Los incendios de los bosques tropicales no son parte de su ciclo natural como ocurre en los boreales o mediterr\u00e1neos: su humedad intr\u00ednseca los protege. Sin embargo, una masa como la Amazon\u00eda est\u00e1 soportando desde hace d\u00e9cadas una&nbsp;<em>ofensiva&nbsp;<\/em>de fuego destinada a servir al negocio de la carne.<\/p>\n\n\n\n<p>Este bosque perdi\u00f3 unos 8,5 millones de hect\u00e1reas (el 2,8% de su extensi\u00f3n) entre 1999 y 2010 debido a los incendios forestales, seg\u00fan detect\u00f3 un estudio de la NASA. Solo en la Amazon\u00eda brasile\u00f1a, esa p\u00e9rdida creci\u00f3 hasta los 18 millones de hect\u00e1reas entre 2019 y 2025.<\/p>\n\n\n\n<p>Entre 1984 y 2022, desaparecieron unos 80 millones de hect\u00e1reas arb\u00f3reas en la Amazon\u00eda mientras la expansi\u00f3n agr\u00edcola y ganadera ha ocupado all\u00ed unos 84 millones de hect\u00e1reas.<a href=\"https:\/\/www.mdpi.com\/2071-1050\/16\/11\/4526?utm_source=chatgpt.com\" target=\"_blank\" rel=\"noreferrer noopener\"><strong>&nbsp;Queda as\u00ed \u201cilustrada<\/strong><\/a>&nbsp;la interconexi\u00f3n entre el consumo global de carne y la deforestaci\u00f3n en la regi\u00f3n amaz\u00f3nica\u201d, como explicaba esta investigaci\u00f3n internacional.<\/p>\n\n\n\n<p>En este periodo puede constatarse c\u00f3mo se ha sacado provecho econ\u00f3mico de esa destrucci\u00f3n: Brasil es el&nbsp;<a href=\"https:\/\/agriculture.ec.europa.eu\/document\/download\/37916a18-8d73-4aee-bd6d-3675b0f3ca0d_en\" target=\"_blank\" rel=\"noreferrer noopener\"><strong>primer exportador de carne de ternera del mundo<\/strong><\/a>&nbsp;con un mercado internacional de m\u00e1s de 150 pa\u00edses. Su producci\u00f3n de carne ha pasado de 2,1 millones de toneladas en 1960 a m\u00e1s de 41 millones de toneladas de las que m\u00e1s de 10 millones son de vacuno.<\/p>\n\n\n\n<p><a href=\"https:\/\/abiec.com.br\/wp-content\/uploads\/2025\/07\/Beef-Report-2025-ENG-WEB.pdf\" target=\"_blank\" rel=\"noreferrer noopener\"><strong>En 2004, Brasil export\u00f3 aproximadamente un mill\u00f3n de toneladas de carne de ternera, seg\u00fan la asociaci\u00f3n de productores<\/strong><\/a>&nbsp;y en 2025 bati\u00f3 todos sus r\u00e9cords al alcanzar los 3,5 millones con lo que ha m\u00e1s que triplicado las ventas en dos d\u00e9cadas. Paralelamente, los ingresos han pasado de algo m\u00e1s de 1.700 millones de euros en 2004 a 15.900 millones de euros en 2025.<\/p>\n\n\n\n<p>Y no todo es pasto. Los campos abiertos en el bosque h\u00famedo tropical (a los que se ha a\u00f1adido la&nbsp;<a href=\"https:\/\/www.eldiario.es\/sociedad\/destruccion-provoca-expansion-cultivo-soja-bosque-tropical_1_6223305.html\" target=\"_blank\" rel=\"noreferrer noopener\"><strong>destrucci\u00f3n de la sabana tropical de El Cerrado<\/strong><\/a>) a base de abrasarlo tambi\u00e9n se dedican a cultivar intensivamente soja que, en su mayor\u00eda \u2013entre el 70% y el 80% seg\u00fan la FAO o la OCDE\u2013, se dedica a fabricar piensos con los que alimentar, por ejemplo, los cerdos de la industria porcina europea y espa\u00f1ola. Los principales exportadores mundiales son Brasil, EEUU y Paraguay.&nbsp;<a href=\"https:\/\/oec.world\/es\/profile\/hs\/soya-beans\" target=\"_blank\" rel=\"noreferrer noopener\"><strong>Los principales compradores mundiales<\/strong><\/a>: China, Argentina y Espa\u00f1a.<\/p>\n\n\n\n<p><strong>Un mar seco, un mar muerto<\/strong><\/p>\n\n\n\n<p>En Asia central, entre Kazajist\u00e1n y Uzbekist\u00e1n, el regad\u00edo intensivo de campos de algod\u00f3n sec\u00f3 el cuarto lago m\u00e1s grande de la Tierra. El agua extra\u00edda de los r\u00edos Amu Daria y Syr Daria no llegaba al mar de Aral hasta que fue desecado casi por completo. De 68.000 km\u00b2 pas\u00f3 a menos de 7.000. Ahora hay all\u00ed un cementerio de barcos varados que, eso s\u00ed, se vende como un atractivo tur\u00edstico. Mientras, hasta el clima de la zona se ha modificado por la p\u00e9rdida del mar interior.<\/p>\n\n\n\n<p>Es un ejemplo radical de \u201clos impactos ambientales de la agricultura\u201d como los llama la FAO. O la destrucci\u00f3n natural que conlleva el sistema agr\u00edcola intensivo mediante lo que la misma organizaci\u00f3n de la ONU define como \u201cpr\u00e1cticas poco sostenibles\u201d. Utiliza el 70% del agua dulce,&nbsp;<a href=\"https:\/\/ourworldindata.org\/environmental-impacts-of-food\" target=\"_blank\" rel=\"noreferrer noopener\"><strong>ocupa el 50% del suelo habitable del planeta.&nbsp;<\/strong><\/a>Tambi\u00e9n est\u00e1 detr\u00e1s del 26% de las emisiones de gases de efecto invernadero.<\/p>\n\n\n\n<p>Si la muerte del mar de Aral estuvo provocada por la Uni\u00f3n Sovi\u00e9tica, el sistema opuesto de EEUU tambi\u00e9n tiene sus cad\u00e1veres agroecol\u00f3gicos: En al golfo de M\u00e9xico, que Donald Trump llama golfo de Am\u00e9rica, se forma cada verano \u201cuna&nbsp;<a href=\"https:\/\/www.epa.gov\/nutrientpollution\/effects-dead-zones-and-harmful-algal-blooms#:~:text=The%20largest%20dead%20zone%20in,called%20a%20harmful%20algal%20bloom.\" target=\"_blank\" rel=\"noreferrer noopener\"><strong>zona muerta de 16.000 km\u00b2 \u2013casi tanto como toda la provincia de Zaragoza\u2013 como resultado de la contaminaci\u00f3n de nutrientes&nbsp;<\/strong><\/a>vertida desde la cuenca del r\u00edo Mississipi\u201d, como admite la Agencia de Protecci\u00f3n del Medio Ambiente de EEUU.<\/p>\n\n\n\n<p>Los nutrientes son fertilizantes agr\u00edcolas y son aplicados intensivamente en el llamado C\u00edrculo del ma\u00edz, muchos kil\u00f3metros aguas arriba de la desembocadura. De media, los cultivos se quedan un 40% de los fertilizantes a\u00f1adidos (nitr\u00f3geno y f\u00f3sforo). El sobrante se filtra a la corriente hasta llegar al mar en el golfo. El c\u00e1lculo es de 1,5 millones de toneladas de fertilizantes cada a\u00f1o. Entre 1990 y 2023, los estados del C\u00edrculo del ma\u00edz aumentaron en un 26% el uso de fertilizantes, seg\u00fan los datos federales.&nbsp;<a href=\"https:\/\/www.ncga.com\/stay-informed\/media\/the-corn-economy\/issue\/corn-production#:~:text=Corn%20farming%20for%20grain%20generated,approach%20and%20time%20series%20used.\" target=\"_blank\" rel=\"noreferrer noopener\"><strong>La patronal del ma\u00edz afirma que su sector genera unos 150.000 millones de d\u00f3lares<\/strong><\/a>&nbsp;cada curso.<\/p>\n\n\n\n<p>Esos vertidos favorecen un estallido de crecimiento de algas que consumen el ox\u00edgeno y bloquean la luz del sol. Cuando las algas mueren acaban con el ox\u00edgeno lo que hace imposible la vida acu\u00e1tica.<\/p>\n\n\n\n<p>\u00bfLejano? Se trata del mismo patr\u00f3n que ha sucedido en el mar Menor de la Regi\u00f3n de Murcia donde los vertidos de fertilizantes han llevado a la laguna al borde del colapso ecol\u00f3gico. El sector hortofrut\u00edcola de la regi\u00f3n&nbsp;<a href=\"https:\/\/www.proexport.es\/proexport-valora-el-crecimiento-de-las-exportaciones-de-frutas-y-hortalizas-de-la-region-de-murcia-en-2024\/\" target=\"_blank\" rel=\"noreferrer noopener\"><strong>exporta m\u00e1s de dos millones de toneladas y m\u00e1s de 3.000 millones de euro<\/strong><\/a>s, seg\u00fan la Asociaci\u00f3n de productores-exportadores de frutas y hortalizas de la Regi\u00f3n Murcia.<\/p>\n\n\n\n<p>El plan del Ministerio de Transici\u00f3n Ecol\u00f3gica para recuperar el ecosistema tiene un presupuesto de 675 millones de euros p\u00fabicos.<\/p>\n","protected":false},"excerpt":{"rendered":"<p>Ra\u00fal Rej\u00f3n (El Diario, 19-1-26) La amenaza del presidente estadounidense de hacerse con la isla tiene muchos motivos, pero todos pasan por que el \u00c1rtico se derrite debido al calentamiento global: ocurre de manera similar con el aire contaminado o la ruina de ecosistemas para favorecer la producci\u00f3n intensiva de bienes Destruir el medio ambiente [&hellip;]<\/p>\n","protected":false},"author":1,"featured_media":60473,"comment_status":"open","ping_status":"open","sticky":false,"template":"","format":"standard","meta":{"footnotes":""},"categories":[14,12],"tags":[],"class_list":["post-60485","post","type-post","status-publish","format-standard","has-post-thumbnail","hentry","category-internacionales","category-politica-3"],"_links":{"self":[{"href":"https:\/\/debateplural.net\/site\/wp-json\/wp\/v2\/posts\/60485"}],"collection":[{"href":"https:\/\/debateplural.net\/site\/wp-json\/wp\/v2\/posts"}],"about":[{"href":"https:\/\/debateplural.net\/site\/wp-json\/wp\/v2\/types\/post"}],"author":[{"embeddable":true,"href":"https:\/\/debateplural.net\/site\/wp-json\/wp\/v2\/users\/1"}],"replies":[{"embeddable":true,"href":"https:\/\/debateplural.net\/site\/wp-json\/wp\/v2\/comments?post=60485"}],"version-history":[{"count":1,"href":"https:\/\/debateplural.net\/site\/wp-json\/wp\/v2\/posts\/60485\/revisions"}],"predecessor-version":[{"id":60486,"href":"https:\/\/debateplural.net\/site\/wp-json\/wp\/v2\/posts\/60485\/revisions\/60486"}],"wp:featuredmedia":[{"embeddable":true,"href":"https:\/\/debateplural.net\/site\/wp-json\/wp\/v2\/media\/60473"}],"wp:attachment":[{"href":"https:\/\/debateplural.net\/site\/wp-json\/wp\/v2\/media?parent=60485"}],"wp:term":[{"taxonomy":"category","embeddable":true,"href":"https:\/\/debateplural.net\/site\/wp-json\/wp\/v2\/categories?post=60485"},{"taxonomy":"post_tag","embeddable":true,"href":"https:\/\/debateplural.net\/site\/wp-json\/wp\/v2\/tags?post=60485"}],"curies":[{"name":"wp","href":"https:\/\/api.w.org\/{rel}","templated":true}]}}