{"id":6080,"date":"2016-06-21T09:18:48","date_gmt":"2016-06-21T13:18:48","guid":{"rendered":"http:\/\/debateplural.com\/?p=6080"},"modified":"2016-06-23T13:29:35","modified_gmt":"2016-06-23T13:29:35","slug":"que-hara-obama-en-espana-realmente","status":"publish","type":"post","link":"https:\/\/debateplural.net\/site\/2016\/06\/21\/que-hara-obama-en-espana-realmente\/","title":{"rendered":"\u00bfQu\u00e9 har\u00e1 Obama en Espa\u00f1a realmente?"},"content":{"rendered":"<div id=\"attachment_6081\" style=\"width: 651px\" class=\"wp-caption aligncenter\"><img loading=\"lazy\" decoding=\"async\" aria-describedby=\"caption-attachment-6081\" class=\"size-full wp-image-6081\" src=\"http:\/\/tripletecnologia.com\/website\/debateplural\/wp-content\/uploads\/2016\/06\/mariano-rajoy-barack-obama.jpg\" alt=\"Mariano Rajoy - Barack Obama\" width=\"641\" height=\"363\" \/><p id=\"caption-attachment-6081\" class=\"wp-caption-text\">Mariano Rajoy &#8211; Barack Obama<\/p><\/div>\n<p style=\"text-align:justify;\">En el programa provisional de la visita de Barack Obama a Espa\u00f1a ya est\u00e1 descrito el itinerario y la agenda de encuentros del presidente norteamericano. Pero \u00bfcu\u00e1l es realmente el programa a cumplir en esta visita, y a qu\u00e9 agenda pol\u00edtica obedece?.<!--more--><\/p>\n<p style=\"text-align:justify;\">Ya han trascendido los detalles del programa provisional de la visita a <a href=\"http:\/\/localhost\/debateplural\/tag\/espa\u00f1a\">Espa\u00f1a <\/a>del Presidente de los <a href=\"http:\/\/localhost\/debateplural\/tag\/estados-unidos\">Estados Unidos<\/a>, <a href=\"http:\/\/localhost\/debateplural\/tag\/barack-obama\">Barack Obama<\/a>. Est\u00e1 prevista su llegada a Sevilla el 9 de Julio por la noche, tras su participaci\u00f3n en la cumbre de la <a href=\"http:\/\/localhost\/debateplural\/tag\/otan\">OTAN<\/a> que este a\u00f1o se celebra en Varsovia. Al d\u00eda siguiente, almorzar\u00e1 con los Reyes de Espa\u00f1a en el Real Alcazar de Sevilla. Tras un recorrido por la ciudad, se trasladar\u00e1 a Rota (C\u00e1diz), a la base militar norteamericana que recientemente ha recibido cuatro destructores de la clase Arleigh Burke, por lo que ahora cuenta con m\u00e1s de 4.500 residentes estadounidenses (entre militares y sus familias), seg\u00fan informa el diario 'El Pa\u00eds'. Desde Rota volar\u00e1 a Madrid, para entrevistarse con Rajoy en La Moncloa el d\u00eda 11 de Julio, y posteriormente reunirse con los l\u00edderes de las principales formaciones pol\u00edtica: Pablo Iglesias (Unidos Podemos), Pedro Sanchez (PSOE) y Albert Rivera (Ciudadanos).<\/p>\n<p style=\"text-align:justify;\">Un comunicado\u00a0de la embajada estadounidense en Espa\u00f1a afirma que \"la pr\u00f3xima visita del presidente de EE UU Barack Obama a Espa\u00f1a representa un importante paso adelante en la relaci\u00f3n de Estados Unidos con Espa\u00f1a. Esta visita, la primera de un presidente deEEUU en casi 15 a\u00f1os, es un reconocimiento a la cooperaci\u00f3n cada vez m\u00e1s estrecha entre ambos pa\u00edses en una amplia gama de temas\".<\/p>\n<p style=\"text-align:justify;\">En RT nos hemos planteado en qu\u00e9 temas se da realmente esa \"cooperaci\u00f3n cada vez m\u00e1s estrecha\" entre Estados Unidos y Espa\u00f1a, y sobre todo, acerca de cu\u00e1l es la agenda real y significativa del presidente norteamericano en esta vista a Espa\u00f1a; en concreto, cu\u00e1l es el sentido de sus entrevistas con los l\u00edderes pol\u00edticos locales.<\/p>\n<p style=\"text-align:justify;\">Para ello, hemos consultado con dos expertos en pol\u00edtica internacional. Uno de ellos es Fernando Morag\u00f3n, actual Presidente del Observatorio Hispano-Ruso de Eurasia (O.H.R.E), que nos explica que \"Obama est\u00e1 en su \u00faltimo a\u00f1o de mandato, y ha sido un mandato dif\u00edcil para \u00e9l, con un congreso mayoritariamente republicano. Est\u00e1 intentando, entre otras cosas, cerrar su mandato de manera que quede una buena imagen para la posteridad, pero sobre todo est\u00e1 intentando reforzar relaciones con todos los pa\u00edses miembros de la OTAN, y al mismo tiempo aumentar su influencia en ellos. En Espa\u00f1a, por ejemplo, tratar\u00e1 de influir para que se incremente la partida presupuestaria destinada a Defensa, que est\u00e1 muy por debajo de lo que Estados Unidos reclama, el famoso 2% del P.I.B, porque Espa\u00f1a est\u00e1 apenas en un 0,9% actualmente\".<\/p>\n<p style=\"text-align:justify;\">En cuanto a la ronda de contactos que Obama mantendr\u00e1 con los l\u00edderes de los principales partidos pol\u00edticos, opina que \"seguramente, ante el complejo panorama que volver\u00e1n a dejar las elecciones, intentar\u00e1 comprender personalmente cuales son las intenciones de todos y de alguna manera influir en la formaci\u00f3n del nuevo gobierno\u00a0 para que siga siendo pro-norteamericano\".<\/p>\n<p style=\"text-align:justify;\">Morag\u00f3n comenta adem\u00e1s que \"en t\u00e9rminos diplom\u00e1ticos, esta visita tiene mucho de agradecimiento a las concesiones que Espa\u00f1a ha hecho a Estados Unidos en materia de Defensa, como los 4 destructores en Rota o la ampliaci\u00f3n de la base de Mor\u00f3n de la Frontera, en cuanto a n\u00famero de efectivos, durante este mandato de Rajoy. No hay que olvidar que Espa\u00f1a es un pa\u00eds estrat\u00e9gicamente muy importante para los Estados Unidos\".<\/p>\n<p style=\"text-align:justify;\">Tambi\u00e9n hemos consultado con Francisco P\u00e9rez, miembro de la ejecutiva de Izquierda Unida, concretamente responsable de la Secretar\u00eda de Extensi\u00f3n Internacional, que asegura que en Estados Unidos y en el entorno de la OTAN est\u00e1n \"muy preocupados\" por la situaci\u00f3n pol\u00edtica en Espa\u00f1a, ya que est\u00e1 en riesgo una estructura de poder que a los norteamericanos le interesa mantener: \"Hay que pensar que la transici\u00f3n se dise\u00f1\u00f3 en Estados Unidos , en los viajes que Felipe Gonz\u00e1lez y Javier Solana hac\u00edan a Estados Unidos. Se conoce ya algo de esto porque se ha desclasificado material del Departamento de Estado, en Estados Unidos, no en Espa\u00f1a. Esos documentos prueban que se dieron esos contactos en los a\u00f1os 70, antes y despu\u00e9s de la muerte de Franco. Hay toda una arquitectura dise\u00f1ada en Washington, que se mantiene hasta nuestros d\u00edas, que tiene que ver con la aceptaci\u00f3n de la OTAN, con la aceptaci\u00f3n de la monarqu\u00eda y con la renuncia a la rep\u00fablica\u2026y todo eso est\u00e1 ahora entrando en crisis. Por eso es muy probable que Obama est\u00e9 muy preocupado por los cambios que se pueden estar produciendo a ese respecto en Espa\u00f1a, sobretodo en el caso de que Unidos Podemos gane o se configure como una alternativa de poder\".<\/p>\n<p style=\"text-align:justify;\">En opini\u00f3n de P\u00e9rez, se trata de un momento significativo y pol\u00edticamente sensible: \"En todas las encuestas Unidos Podemos aparece ya como primer rival del Partido Popular, de la derecha que gobierna hoy en Espa\u00f1a. Eso quiere decir que se est\u00e1 resquebrajando toda una estructura que nace con la muerte de Franco y que se basa en la econom\u00eda neoliberal, en un estado pol\u00edticamente bipartidista y tambi\u00e9n en la monarqu\u00eda. Todo eso ha entrado en crisis con la \u00faltima recesi\u00f3n econ\u00f3mica. Han entrado en juego dos nuevos partidos emergentes, y sobre todo uno de ellos se est\u00e1 convirtiendo en una alternativa al poder por la izquierda. Eso les preocupa, y es muy probable que el propio Imperio, que el propio Obama est\u00e9 preocupado y quiera hablar cara a cara con los pol\u00edticos para dejar 'atado y bien atado' el asunto\".<\/p>\n","protected":false},"excerpt":{"rendered":"<p>En el programa provisional de la visita de Barack Obama a Espa\u00f1a ya est\u00e1 descrito el itinerario y la agenda de encuentros del presidente norteamericano. Pero \u00bfcu\u00e1l es realmente el programa a cumplir en esta visita, y a qu\u00e9 agenda pol\u00edtica obedece?.<\/p>\n","protected":false},"author":1,"featured_media":6134,"comment_status":"open","ping_status":"open","sticky":false,"template":"","format":"standard","meta":{"footnotes":""},"categories":[14,12],"tags":[19,53,8,38],"class_list":["post-6080","post","type-post","status-publish","format-standard","has-post-thumbnail","hentry","category-internacionales","category-politica-3","tag-barack-obama","tag-espana","tag-estados-unidos","tag-otan"],"_links":{"self":[{"href":"https:\/\/debateplural.net\/site\/wp-json\/wp\/v2\/posts\/6080"}],"collection":[{"href":"https:\/\/debateplural.net\/site\/wp-json\/wp\/v2\/posts"}],"about":[{"href":"https:\/\/debateplural.net\/site\/wp-json\/wp\/v2\/types\/post"}],"author":[{"embeddable":true,"href":"https:\/\/debateplural.net\/site\/wp-json\/wp\/v2\/users\/1"}],"replies":[{"embeddable":true,"href":"https:\/\/debateplural.net\/site\/wp-json\/wp\/v2\/comments?post=6080"}],"version-history":[{"count":1,"href":"https:\/\/debateplural.net\/site\/wp-json\/wp\/v2\/posts\/6080\/revisions"}],"predecessor-version":[{"id":6135,"href":"https:\/\/debateplural.net\/site\/wp-json\/wp\/v2\/posts\/6080\/revisions\/6135"}],"wp:featuredmedia":[{"embeddable":true,"href":"https:\/\/debateplural.net\/site\/wp-json\/wp\/v2\/media\/6134"}],"wp:attachment":[{"href":"https:\/\/debateplural.net\/site\/wp-json\/wp\/v2\/media?parent=6080"}],"wp:term":[{"taxonomy":"category","embeddable":true,"href":"https:\/\/debateplural.net\/site\/wp-json\/wp\/v2\/categories?post=6080"},{"taxonomy":"post_tag","embeddable":true,"href":"https:\/\/debateplural.net\/site\/wp-json\/wp\/v2\/tags?post=6080"}],"curies":[{"name":"wp","href":"https:\/\/api.w.org\/{rel}","templated":true}]}}