{"id":61021,"date":"2026-03-09T11:58:57","date_gmt":"2026-03-09T15:58:57","guid":{"rendered":"https:\/\/debateplural.net\/site\/?p=61021"},"modified":"2026-03-09T11:58:58","modified_gmt":"2026-03-09T15:58:58","slug":"iran-y-su-resistencia-como-victoria","status":"publish","type":"post","link":"https:\/\/debateplural.net\/site\/2026\/03\/09\/iran-y-su-resistencia-como-victoria\/","title":{"rendered":"Ir\u00e1n y su resistencia como victoria"},"content":{"rendered":"\n<p>Oleg Yasinsky (Russia Today, 6-3-26)<\/p>\n\n\n\n<p>La nueva guerra contra Ir\u00e1n no es nueva y no es solo contra Ir\u00e1n. El monstruo, enloquecido por la impunidad y la sangre, no se detendr\u00e1 por s\u00ed mismo. La verdadera dimensi\u00f3n del mal que va por nosotros supera la capacidad de nuestra imaginaci\u00f3n. Esperar a llegar a alg\u00fan acuerdo con \u00e9l es una locura o una traici\u00f3n.<\/p>\n\n\n\n<p>La pregunta es una sola: \u00bftodas las dem\u00e1s v\u00edctimas que inevitablemente seguir\u00e1n a Ir\u00e1n har\u00e1n algo o esperar\u00e1n pacientemente su turno para convertirse en polvo y cenizas? Es importante comprender que detr\u00e1s de los misiles de Estados Unidos e Israel act\u00faa toda una civilizaci\u00f3n que durante d\u00e9cadas se nos ha impuesto como un referente de valores humanistas. Es precisamente esta civilizaci\u00f3n la que ha creado una cultura de ignorancia, una simbiosis entre el culto al poder y el desprecio por la vida, con su muy peculiar sentido del humor basado en el mal de los otros, por ejemplo, se r\u00eden cuando alguien tropieza y cae.<\/p>\n\n\n\n<p>Vemos c\u00f3mo los visitantes de las fiestas de Epstein con sus amigos y socios, ante los ojos del mundo entero, con sa\u00f1a y carcajadas de enfermos mentales, violan un pa\u00eds tras otro, mientras que los dem\u00e1s gobiernos guardan un silencio c\u00f3mplice, eligiendo la guerra y la verg\u00fcenza.<\/p>\n\n\n\n<blockquote class=\"wp-block-quote is-layout-flow wp-block-quote-is-layout-flow\">\n<p>La pregunta de hoy no es si Ir\u00e1n resistir\u00e1 o cu\u00e1nto tiempo resistir\u00e1, sino \u00bfqueda alguien en el mundo que no comprenda que esta guerra es desde hace tiempo mundial y no es solo contra Ir\u00e1n?<\/p>\n<\/blockquote>\n\n\n\n<p>Para las multitudes que, gracias a la democracia digital, est\u00e1n a punto de perder la capacidad de distinguir entre Epstein y Einstein, hablar de memoria hist\u00f3rica o \u00e9tica es una tarea bastante ingrata. Para mantener a flote la esperanza, necesitamos anclas internas de mucho peso. Por eso el sistema con tanta insistencia intenta sintonizarnos con frecuencias de vulgaridad y estupidez para impedir que nuestra mirada se fije en las verdades prohibidas, capaces de cambiar el mundo.&nbsp;<\/p>\n\n\n\n<p>El panorama actual es el reflejo del sol negro de esta civilizaci\u00f3n que se inclina hacia el ocaso. Para salvar la diversidad de colores, matices, sombras, notas, letras y figuras, debemos comprender que hay momentos en la historia en los que solo nos quedan dos colores: el blanco y el negro. La vida y la muerte, la luz y la oscuridad, y cualquier ilusi\u00f3n de ubicarnos \"fuera de esto\" es una trampa.<\/p>\n\n\n\n<p>Occidente tiene la obsesi\u00f3n de mostrar coquetamente a los dem\u00e1s que sus cr\u00edmenes son relativos, lo que debe suponer que cualquier lucha contra ellos es totalmente opcional. Por eso, la f\u00e1brica de su pseudoarte contempor\u00e1neo crea modas y tendencias en las que se excluyen por completo cualquier elemento de \u00e9tica o sentido. La defensa de la justicia y la dignidad ha sido declarada t\u00e1citamente como algo anticuado y aburrido, con el fin de liberar las estanter\u00edas del megamercado planetario para la oferta renovada de toda una variedad de asesinatos y suicidios.<\/p>\n\n\n\n<p>El 15 de octubre de 2010, Fidel Castro escribi\u00f3 en sus 'Reflexiones': \"No albergo la menor duda de que un ataque de Estados Unidos e Israel contra la Rep\u00fablica Isl\u00e1mica de Ir\u00e1n se tornar\u00eda inevitablemente en un conflicto nuclear global\". Hoy est\u00e1 cada vez m\u00e1s claro que si Estados Unidos no logra un resultado militar en Ir\u00e1n con armas convencionales, estar\u00eda dispuesto a utilizar otras. Por supuesto, su prensa democr\u00e1tica mundial, como hace 80 a\u00f1os, escribir\u00e1 que se trata de \"una medida necesaria para acercar la paz y salvar las vidas de soldados estadounidenses\", y el ej\u00e9rcito mercenario de los \"l\u00edderes de opini\u00f3n p\u00fablica\" le contar\u00eda al mundo sobre ese \"enemigo tan vil y peligroso\" contra el cual se vieron obligadas a luchar \"las fuerzas del bien\".<\/p>\n\n\n\n<blockquote class=\"wp-block-quote is-layout-flow wp-block-quote-is-layout-flow\">\n<p>Un asco especial provocan hoy las \"condenas a la agresi\u00f3n de Estados Unidos e Israel contra Ir\u00e1n\", si est\u00e1n acompa\u00f1adas de comentarios pol\u00edticamente correctos sobre la \"condena del reaccionario r\u00e9gimen clerical de Teher\u00e1n\". Es similar a que alguien estuviera observando el asesinato de una persona por delincuentes y comentara lo mala persona que es la v\u00edctima.<\/p>\n<\/blockquote>\n\n\n\n<p>El asesinado ayatol\u00e1 Jamene\u00ed declar\u00f3 en repetidas ocasiones que la fabricaci\u00f3n, almacenamiento y uso de armas nucleares eran 'haram', es decir, algo prohibido por el islam. Estas declaraciones se presentaron como su 'fatwa', o sea, una ley religiosa de obligatorio cumplimiento. Los iran\u00edes se han referido a ella en numerosas ocasiones en las negociaciones internacionales, las que, como vemos, para EE.UU. nunca fueron negociaciones. Es l\u00f3gico suponer que el nuevo Gobierno iran\u00ed, en las nuevas circunstancias actuales, podr\u00eda cambiar radicalmente su postura al respecto.<\/p>\n\n\n\n<p>La actual direcci\u00f3n iran\u00ed, tras el asesinato de sus predecesores, ser\u00e1 m\u00e1s decidida y radical. Tambi\u00e9n resulta evidente que el principal y por ahora \u00fanico beneficiario de esta guerra sea Netanyahu, cuya carrera pol\u00edtica se salva, una vez m\u00e1s, gracias a un nuevo genocidio. Sin duda, aprovechar\u00e1 al m\u00e1ximo esta situaci\u00f3n, prendiendo fuego y avivando todos los materiales inflamables de la regi\u00f3n.<\/p>\n\n\n\n<p>El principal e indiscutible logro de Trump y Netanyahu es el crecimiento sin precedentes del odio en el mundo contra sus Estados y el gran deseo de la gente de diferentes continentes y credos de ver arder sus bases militares, naves y aviones. Occidente e Israel realizan un acto p\u00fablico de humillaci\u00f3n demostrativa de los musulmanes para avivar las llamas infernales del odio religioso, dando clases al mundo sobre \"la amenaza terrorista para la democracia\".<\/p>\n\n\n\n<p>Fue por \u00f3rdenes de Occidente que, hace unos meses, el gobierno terrorista de Siria liber\u00f3 de sus c\u00e1rceles a decenas de miles de combatientes del ISIS, expertos en cortar cabezas donde y a quienes les ordenen sus amos. Y, hace apenas unas semanas, EE.UU. le entreg\u00f3 al r\u00e9gimen sirio a sus antiguos \"aliados\" kurdos, que defendieron fielmente los intereses del imperio, siendo a la vez vacas sagradas de las \"izquierdas no autoritarias\". Ahora llegan noticias de que \"la CIA suministrar\u00e1 armas a las tropas kurdas para iniciar operaciones militares en el oeste de Ir\u00e1n\" contra su gobierno.<\/p>\n\n\n\n<blockquote class=\"wp-block-quote is-layout-flow wp-block-quote-is-layout-flow\">\n<p>Para destruir la soberan\u00eda iran\u00ed, ya est\u00e1 listo todo el tradicional proyecto de desgarrarla en pedazos entre nuevas \"autonom\u00edas\" por signos nacionales y religiosos.<\/p>\n<\/blockquote>\n\n\n\n<p>Es bueno recordar que los distintos movimientos kurdos siempre han sido considerados por Israel como un elemento importante de su \"estrategia perif\u00e9rica\", destinada a socavar la estabilidad de sus vecinos. Por eso, las autoridades israel\u00edes de extrema derecha siempre se han mostrado tan ben\u00e9volas con la autonom\u00eda de izquierda de Rojava en Siria y, durante el refer\u00e9ndum de 2017 sobre la independencia del Kurdist\u00e1n iraqu\u00ed, declararon abiertamente \"su apoyo al derecho de los kurdos a la soberan\u00eda\". Hoy, los kurdos tienen la oportunidad hist\u00f3rica de encontrarse por primera vez en la misma trinchera que los miembros del ISIS liberados de las prisiones sirias.<\/p>\n\n\n\n<p>Se est\u00e1 creando un nivel de caos generalizado que nadie es capaz de controlar. Esta guerra contra Ir\u00e1n no es una demostraci\u00f3n de fuerza, sino de la extrema debilidad de un sistema que ya no es capaz de mantener su poder sobre el mundo por ning\u00fan otro m\u00e9todo.<\/p>\n\n\n\n<p>Mi admiraci\u00f3n por todos aquellos, que desde las estepas de Donbass hasta los cayos cubanos y los desiertos iran\u00edes, renunciando a la cordura, la prudencia, las evaluaciones de correlaci\u00f3n de fuerzas y a su propio miedo, muriendo y matando, en palabras del poeta ruso Andr\u00e9i Dobrynin, \"devuelven a los llegados del infierno de vuelta a su infierno\". La \u00fanica fuerza de paz real y eficiente que existe hoy en d\u00eda en el mundo son sus corazones y sus armas.<\/p>\n\n\n\n<p>No faltan hoy quienes aseguran que no existe manera de luchar contra el imperio en el siglo XXI. Lo curioso es que entre los que lo afirman, muchos se presentan como luchadores y revolucionarios. Ir\u00e1n, con su pueblo y su Gobierno, nos demuestra que siempre es posible decir 'no'.<\/p>\n\n\n\n<p>Las tres civilizaciones ancestrales del Viejo Mundo: la china, la rusa y la iran\u00ed, cada una a su manera y desde su realidad est\u00e1n resistiendo. \u00bfPor qu\u00e9? \u00bfNo ser\u00e1 porque toda la historia de estos pueblos fue pura resistencia ante todo tipo de humillaciones, vej\u00e1menes e invasiones, construyendo casi en un nivel gen\u00e9tico la uni\u00f3n de las generaciones con su tierra y los huesos de quienes siempre la defendieron? Una espiritualidad que siempre prefiere la \u00e9tica a la comodidad, moviliza la memoria contra el olvido y lo divino contra lo profano, sin importar el envoltorio religioso o sem\u00e1ntico.<\/p>\n\n\n\n<blockquote class=\"wp-block-quote is-layout-flow wp-block-quote-is-layout-flow\">\n<p>El gran problema y la gran tragedia de muchos pueblos de \u00c1frica y Am\u00e9rica Latina es que siguen gobernados por sus \u00e9lites completamente occidentalizadas, que han perdido cualquier capacidad de sentir los verdaderos mundos y sue\u00f1os de los vivos y muertos a quienes representan.<\/p>\n<\/blockquote>\n\n\n\n<p>Hace pocos d\u00edas, despu\u00e9s de los ataques militares de EE.UU. e Israel contra Ir\u00e1n, durante una&nbsp;reuni\u00f3n de emergencia del Consejo de Seguridad de Naciones Unidas&nbsp;en Nueva York, el&nbsp;representante&nbsp;estadounidense ante la ONU, Mike Waltz, respondi\u00f3 a Amir-Saeid Iravani, embajador iran\u00ed ante el organismo internacional:&nbsp;<strong>\"Deber\u00eda tener cuidado con sus palabras mientras se encuentra en suelo estadounidense\".<\/strong><\/p>\n\n\n\n<p>Es un secreto a voces: durante varias d\u00e9cadas, todas las grandes instituciones internacionales, destinadas a velar por la prosperidad y la justicia de todo el mundo ten\u00edan sus sedes centrales&nbsp;\u00fanicamente&nbsp;en capitales occidentales, en pa\u00edses cuyo suelo nunca fue seguro para sus contradictores. A los representantes de los gobiernos indeseables simplemente se les negaba la visa. Ahora, en la nueva era de cinismo total inaugurada por Trump, en vez de planear costosos operativos para secuestrar presidentes de otros pa\u00edses, seguramente bastar\u00e1 con detenerlos en las oficinas de los organismos internacionales, ya que todas se encuentran en \"pa\u00edses civilizados\".&nbsp;<\/p>\n\n\n\n<p>Por eso es tan importante este 'no' de Ir\u00e1n, que retumba por todo el planeta como un eco de dignidad y esperanza. Un 'no' m\u00e1gico, que anima, despierta, cura la depresi\u00f3n y el cinismo. Hasta ahora, Occidente le dec\u00eda a la cara al Sur Global: \"Somos esto, lo hacemos porque podemos, \u00bfy qu\u00e9?\". Ahora, por fin, est\u00e1n viendo este \"y qu\u00e9\". Cada d\u00eda de resistencia de Ir\u00e1n le recuerda a la humanidad su derecho sagrado a ese 'no', que un d\u00eda brotar\u00e1 con un 's\u00ed' de amor, hermandad y un mundo m\u00e1s humano y m\u00e1s digno para todos.<\/p>\n","protected":false},"excerpt":{"rendered":"<p>Oleg Yasinsky (Russia Today, 6-3-26) La nueva guerra contra Ir\u00e1n no es nueva y no es solo contra Ir\u00e1n. El monstruo, enloquecido por la impunidad y la sangre, no se detendr\u00e1 por s\u00ed mismo. La verdadera dimensi\u00f3n del mal que va por nosotros supera la capacidad de nuestra imaginaci\u00f3n. Esperar a llegar a alg\u00fan acuerdo [&hellip;]<\/p>\n","protected":false},"author":1,"featured_media":21903,"comment_status":"open","ping_status":"open","sticky":false,"template":"","format":"standard","meta":{"footnotes":""},"categories":[14,12],"tags":[],"class_list":["post-61021","post","type-post","status-publish","format-standard","has-post-thumbnail","hentry","category-internacionales","category-politica-3"],"_links":{"self":[{"href":"https:\/\/debateplural.net\/site\/wp-json\/wp\/v2\/posts\/61021"}],"collection":[{"href":"https:\/\/debateplural.net\/site\/wp-json\/wp\/v2\/posts"}],"about":[{"href":"https:\/\/debateplural.net\/site\/wp-json\/wp\/v2\/types\/post"}],"author":[{"embeddable":true,"href":"https:\/\/debateplural.net\/site\/wp-json\/wp\/v2\/users\/1"}],"replies":[{"embeddable":true,"href":"https:\/\/debateplural.net\/site\/wp-json\/wp\/v2\/comments?post=61021"}],"version-history":[{"count":1,"href":"https:\/\/debateplural.net\/site\/wp-json\/wp\/v2\/posts\/61021\/revisions"}],"predecessor-version":[{"id":61022,"href":"https:\/\/debateplural.net\/site\/wp-json\/wp\/v2\/posts\/61021\/revisions\/61022"}],"wp:featuredmedia":[{"embeddable":true,"href":"https:\/\/debateplural.net\/site\/wp-json\/wp\/v2\/media\/21903"}],"wp:attachment":[{"href":"https:\/\/debateplural.net\/site\/wp-json\/wp\/v2\/media?parent=61021"}],"wp:term":[{"taxonomy":"category","embeddable":true,"href":"https:\/\/debateplural.net\/site\/wp-json\/wp\/v2\/categories?post=61021"},{"taxonomy":"post_tag","embeddable":true,"href":"https:\/\/debateplural.net\/site\/wp-json\/wp\/v2\/tags?post=61021"}],"curies":[{"name":"wp","href":"https:\/\/api.w.org\/{rel}","templated":true}]}}