{"id":61033,"date":"2026-03-10T15:21:00","date_gmt":"2026-03-10T19:21:00","guid":{"rendered":"https:\/\/debateplural.net\/site\/?p=61033"},"modified":"2026-03-10T15:21:01","modified_gmt":"2026-03-10T19:21:01","slug":"guerra-contra-los-ninos","status":"publish","type":"post","link":"https:\/\/debateplural.net\/site\/2026\/03\/10\/guerra-contra-los-ninos\/","title":{"rendered":"Guerra contra los ni\u00f1os"},"content":{"rendered":"\n<p>David Brooks (La Jornada, 10-3-26)<\/p>\n\n\n\n<p>Las principales v\u00edctimas de las ofensivas de Estados Unidos e Israel han sido los peque\u00f1os, como en una escuela de Ir\u00e1n, donde murieron unas 170 ni\u00f1as.<\/p>\n\n\n\n<p>El gobierno de Estados Unidos,&nbsp;seg\u00fan investigaciones independientes, asesin\u00f3 a al menos 168 ni\u00f1as en una escuela primaria en Ir\u00e1n, es c\u00f3mplice del asesinato de m\u00e1s de 20.000 ni\u00f1os y ni\u00f1as en Gaza y hasta la fecha ha secuestrado y encarcelado a casi 4.000 peque\u00f1os inmigrantes dentro de su propio pa\u00eds. Es una guerra no declarada contra ni\u00f1os.<\/p>\n\n\n\n<p>\u201cLa tolerancia por la matanza de ni\u00f1os parece estar ampli\u00e1ndose\u201d, concluye James Elder, vocero global de Unicef. \u201cEs como si se le est\u00e1 solicitando a la sociedad absorber todo esto y seguir adelante\u2026 Pero si un ni\u00f1o puede ser asesinado y no se siente como una p\u00e9rdida para todos nosotros, creo que hemos perdido m\u00e1s de lo que estamos conscientes\u201d, dijo en entrevista con Al Jazeera.<\/p>\n\n\n\n<p>Estas estad\u00edsticas no incluyen a decenas de miles de ni\u00f1os m\u00e1s que han sido heridos por balas y bombas que ahora caen sobre \u201cinfraestructura civil\u201d en Ir\u00e1n y contin\u00faa en Gaza, ni hablar del impacto sobre la salud mental (los traumas de ser testigo, perseguido o encarcelado a los cuatro, cinco, siete o nueve a\u00f1os).<\/p>\n\n\n\n<p>Altos funcionarios del gobierno como aquellos agentes y soldados y contratistas que implementan estas pol\u00edticas de guerra contra ni\u00f1os no tienen problema en justificarlo. El embajador estadunidense en Israel dijo que no sabe cu\u00e1ntos ni\u00f1os han muerto en Gaza, pero que muchos de ellos hab\u00edan sido armados por Hamas, dejando entender que por lo tanto merecen morir. Otros dicen que \u201cel enemigo\u201d usa a ni\u00f1os y otros civiles como escudos humanos.<\/p>\n\n\n\n<p>O mienten. Al comandante en jefe estadunidense y su secretario de Guerra se les pregunt\u00f3 este fin de semana sobre la destrucci\u00f3n de la escuela primaria en Ir\u00e1n despu\u00e9s de que algunos medios reportaron que todo indica que fue un ataque estadunidense: no s\u00f3lo dijeron que el caso a\u00fan est\u00e1 bajo investigaci\u00f3n, sino que todo indicaba que fue el gobierno de Ir\u00e1n. El jefe del Pent\u00e1gono asegur\u00f3 que \u201cnosotros, claro, nunca atacamos objetivos civiles\u201d.<\/p>\n\n\n\n<p>Las que unos momentos antes estaban jugando, bromeando y estudiando hace una semana en la escuela primaria en el sur de Ir\u00e1n ya no podr\u00e1n so\u00f1ar. Y el mundo acaba de perder hijas de una de las cunas de la civilizaci\u00f3n humana que seguramente estaban fascinadas con todo, con letras, n\u00fameros, juegos, chismes y bromas. Algunas seguramente contemplaban ser cient\u00edficas, poetas, participantes en el gran cine iran\u00ed, doctoras, astr\u00f3nomas, diplom\u00e1ticas, revolucionarias, ambientalistas, m\u00fasicas, todo lo que el mundo necesita. Ahora s\u00f3lo queda la foto de 168 peque\u00f1as tumbas.<\/p>\n\n\n\n<p>En Gaza ya no hay palabras. Todo est\u00e1 m\u00e1s que documentado. Y los gritos no funcionan en este mundo demasiado sordo.<\/p>\n\n\n\n<p>En jaulas disfrazadas de centros de detenci\u00f3n en Estados Unidos guardias quitan crayolas a los ni\u00f1os porque empezaron a hacer dibujos tristes sobre su vida junto con sus padres encarcelados acusados de ser \u201cilegales\u201d y con mensajes preguntando por qu\u00e9 estaban ah\u00ed y pidiendo ayuda para poder regresar a sus escuelas y estar con sus amigos. Fueron capturados por hombres enmascarados y armados. Sus padres fueron esposados y a veces golpeados frente a ellos. Los pediatras dicen que padecer\u00e1n traumas f\u00edsicos y mentales el resto de sus vidas, y que deben ser liberados de inmediato.<\/p>\n\n\n\n<p>\u00bfDe qu\u00e9 vale ser periodista si uno reporta estas cosas y no pasa nada? Dicen que contar y documentar estas cosas es para no permitir que sean invisibles, que sean borradas, de que exista evidencia para, alg\u00fan d\u00eda, hacer rendir cuentas a los responsables de todo esto. Ojal\u00e1.<\/p>\n\n\n\n<p>No s\u00f3lo no dejan dormir las notas y audiovisuales de esta guerra, sino tambi\u00e9n que en Estados Unidos y otros pa\u00edses no hay todav\u00eda un ya basta suficientemente masivo y ruidoso como para frenar esta guerra contra el futuro y para que deje de ser noticia.<\/p>\n\n\n\n<p>\u201cHas aventado el peor temor\/que jam\u00e1s se podr\u00eda aventar\/El temor de traer ni\u00f1os a este mundo\/Por amenazar a mis beb\u00e9s\/A\u00fan no nacidos ni nombrados\/No vales la sangre que corre en tus venas\u201d. Bob Dylan, en&nbsp;<em>Maestros de la guerra<\/em>.<\/p>\n","protected":false},"excerpt":{"rendered":"<p>David Brooks (La Jornada, 10-3-26) Las principales v\u00edctimas de las ofensivas de Estados Unidos e Israel han sido los peque\u00f1os, como en una escuela de Ir\u00e1n, donde murieron unas 170 ni\u00f1as. El gobierno de Estados Unidos,&nbsp;seg\u00fan investigaciones independientes, asesin\u00f3 a al menos 168 ni\u00f1as en una escuela primaria en Ir\u00e1n, es c\u00f3mplice del asesinato de [&hellip;]<\/p>\n","protected":false},"author":1,"featured_media":61034,"comment_status":"open","ping_status":"open","sticky":false,"template":"","format":"standard","meta":{"footnotes":""},"categories":[14,12],"tags":[],"class_list":["post-61033","post","type-post","status-publish","format-standard","has-post-thumbnail","hentry","category-internacionales","category-politica-3"],"_links":{"self":[{"href":"https:\/\/debateplural.net\/site\/wp-json\/wp\/v2\/posts\/61033"}],"collection":[{"href":"https:\/\/debateplural.net\/site\/wp-json\/wp\/v2\/posts"}],"about":[{"href":"https:\/\/debateplural.net\/site\/wp-json\/wp\/v2\/types\/post"}],"author":[{"embeddable":true,"href":"https:\/\/debateplural.net\/site\/wp-json\/wp\/v2\/users\/1"}],"replies":[{"embeddable":true,"href":"https:\/\/debateplural.net\/site\/wp-json\/wp\/v2\/comments?post=61033"}],"version-history":[{"count":1,"href":"https:\/\/debateplural.net\/site\/wp-json\/wp\/v2\/posts\/61033\/revisions"}],"predecessor-version":[{"id":61035,"href":"https:\/\/debateplural.net\/site\/wp-json\/wp\/v2\/posts\/61033\/revisions\/61035"}],"wp:featuredmedia":[{"embeddable":true,"href":"https:\/\/debateplural.net\/site\/wp-json\/wp\/v2\/media\/61034"}],"wp:attachment":[{"href":"https:\/\/debateplural.net\/site\/wp-json\/wp\/v2\/media?parent=61033"}],"wp:term":[{"taxonomy":"category","embeddable":true,"href":"https:\/\/debateplural.net\/site\/wp-json\/wp\/v2\/categories?post=61033"},{"taxonomy":"post_tag","embeddable":true,"href":"https:\/\/debateplural.net\/site\/wp-json\/wp\/v2\/tags?post=61033"}],"curies":[{"name":"wp","href":"https:\/\/api.w.org\/{rel}","templated":true}]}}