{"id":61042,"date":"2026-03-10T15:29:16","date_gmt":"2026-03-10T19:29:16","guid":{"rendered":"https:\/\/debateplural.net\/site\/?p=61042"},"modified":"2026-03-10T15:29:18","modified_gmt":"2026-03-10T19:29:18","slug":"el-nuevo-tablero-electoral-en-colombia-entre-la-realeza-politica-y-la-polarizacion","status":"publish","type":"post","link":"https:\/\/debateplural.net\/site\/2026\/03\/10\/el-nuevo-tablero-electoral-en-colombia-entre-la-realeza-politica-y-la-polarizacion\/","title":{"rendered":"El nuevo tablero electoral en Colombia: entre la \"realeza pol\u00edtica\" y la polarizaci\u00f3n"},"content":{"rendered":"\n<p>Ociel Al\u00ed L\u00f3pez (Russia Today, 10-3-26)<\/p>\n\n\n\n<p>La \"izquierda petrista\" se erigi\u00f3&nbsp;el domingo como la gran victoriosa de la jornada electoral legislativa. Especialmente su candidato, Iv\u00e1n Cepeda, quien se consolid\u00f3 tras las consultas interpartidistas (en las que no particip\u00f3), y en el resultado que consigui\u00f3 su partido en el Senado.<\/p>\n\n\n\n<p>El Pacto Hist\u00f3rico, como se denomina a la confluencia de organizaciones progresistas, sali\u00f3 con la votaci\u00f3n m\u00e1s elevada en&nbsp;la c\u00e1mara alta, alcanzando 25 esca\u00f1os, para superar por m\u00e1s de un mill\u00f3n de votos a la derecha del Centro Democr\u00e1tico, formaci\u00f3n del expresidente \u00c1lvaro Uribe. Sin embargo, Cepeda no es el \u00fanico ganador en este tablero.<\/p>\n\n\n\n<h3 class=\"wp-block-heading\"><strong>Crecimiento del Pacto Hist\u00f3rico: \u00bfuna sorpresa?<\/strong><\/h3>\n\n\n\n<p>El Pacto Hist\u00f3rico consigui\u00f3 un importante triunfo en las legislativas de este domingo, especialmente en el Senado, en las que se disput\u00f3 el primer pelda\u00f1o de la escalera hacia la Presidencia de la Rep\u00fablica. Aunque desde hace ya varios meses&nbsp;<a href=\"https:\/\/actualidad.rt.com\/programas\/conversando-correa\/332117-ivan-cepeda-correa-colombia\" target=\"_blank\" rel=\"noreferrer noopener\">Cepeda<\/a>&nbsp;se ubica de primero en las encuestas, el resultado puede calificar como una sorpresa pol\u00edtica, considerando que hablamos de un gobierno, como el del presidente Gustavo Petro, que ha estado bajo un constante asedio y una fuerte criminalizaci\u00f3n, tanto a lo interno del pa\u00eds como en la esfera internacional.<\/p>\n\n\n\n<p>Petro ha administrado una gesti\u00f3n a la que le ha costado mucho gobernar, saboteada desde el Congreso mediante la desaprobaci\u00f3n de las principales reformas que propuso. Adem\u00e1s, enfrent\u00f3 un agobio medi\u00e1tico con esc\u00e1ndalos constantes sobre su figura, por lo que dijo y dej\u00f3 de decir. Petro entregar\u00e1 el cargo en el pr\u00f3ximo agosto.<\/p>\n\n\n\n<blockquote class=\"wp-block-quote is-layout-flow wp-block-quote-is-layout-flow\">\n<p>El resultado puede calificar como una sorpresa pol\u00edtica, considerando que hablamos de un gobierno que ha estado bajo un constante asedio y una fuerte criminalizaci\u00f3n.<\/p>\n<\/blockquote>\n\n\n\n<p>El triunfo del petrismo no solo se mide en la superaci\u00f3n de votos a la derecha, sino tambi\u00e9n a lo interno del progresismo, ya que otras facciones del mismo, representadas en figuras como el excongresista Roy Barreras y el exalcalde de Medell\u00edn, Daniel Quintero, en las primarias organizadas por la \"izquierda independiente\", lograron resultados \u00ednfimos. Adem\u00e1s sus partidos quedaron fuera de la c\u00e1mara alta. Todo esto termin\u00f3 fortaleciendo al actual candidato del&nbsp;Pacto Hist\u00f3rico y evidencia una debilidad en otras fuerzas de izquierda, permitiendo al petrismo un posicionamiento definitivo de cara al evento presidencial.&nbsp;<strong>Lejos de dividirse, este bloque se ha cohesionado<\/strong>&nbsp;y ha crecido significativamente en relaci\u00f3n con las parlamentarias de hace cuatro a\u00f1os, cuando consigui\u00f3 5 curules menos en el Senado de las obtenidas en la reciente jornada electoral.<\/p>\n\n\n\n<h3 class=\"wp-block-heading\"><strong>El uribismo en la pelea<\/strong><\/h3>\n\n\n\n<p>No obstante, la \u00fanica ganadora no es la izquierda. La \"derecha uribista\" demostr\u00f3 una resiliencia notable. En las consultas del domingo, la senadora&nbsp;<strong>Paloma Valencia<\/strong>&nbsp;\u2014nieta del expresidente Guillermo Le\u00f3n Valencia y figura del&nbsp;<em>statu quo<\/em>&nbsp;tradicional\u2014 result\u00f3 la gran vencedora entre los sectores derechistas que buscaban una candidatura com\u00fan. Aunque el uribismo ha dado se\u00f1ales de decadencia en el pasado, especialmente a partir de la gesti\u00f3n del expresidente Iv\u00e1n Duque, en este proceso el Centro Democr\u00e1tico logr\u00f3 aglutinar a otras derechas y mantuvo una porci\u00f3n clave del legislativo.<\/p>\n\n\n\n<p>Actualmente, la derecha cuenta con otra figura de peso como presidenciable: adem\u00e1s de Paloma, respaldada por la institucionalidad, cuenta con&nbsp;<a href=\"https:\/\/actualidad.rt.com\/actualidad\/571691-tigre-hello-kitty-outsider-presidencia-colombia\" target=\"_blank\" rel=\"noreferrer noopener\">Abelardo de la Espriella<\/a>. Este \u00faltimo, un candidato de derecha populista y radical, act\u00faa como un&nbsp;<em>outsider<\/em>&nbsp;\"incorrecto\" al estilo Bukele,&nbsp; que utiliza las redes para polarizar de forma agresiva. La candidatura de De la Espriella, que parec\u00eda correr en solitario, tiene ahora en Valencia una competidora feroz para la primera vuelta del 31 de mayo. Lo m\u00e1s probable es que&nbsp;<strong>el electorado de derecha deba decantarse por uno de los dos<\/strong>&nbsp;para enfrentar el hipot\u00e9tico balotaje del 21 de junio, en tanto no se estima la renuncia de ninguno de los candidatos mencionados.<\/p>\n\n\n\n<blockquote class=\"wp-block-quote is-layout-flow wp-block-quote-is-layout-flow\">\n<p>En este proceso, el Centro Democr\u00e1tico logr\u00f3 aglutinar a otras derechas y mantuvo una porci\u00f3n clave del legislativo.<\/p>\n<\/blockquote>\n\n\n\n<p>Tampoco se espera que ninguna fuerza pol\u00edtica gane en primera vuelta, ya que se requiere que el que ocupe el primer lugar obtenga la mitad m\u00e1s uno de los votos v\u00e1lidos. Los resultados de las legislativas y las internas de los sectores que realizaron primarias este domingo, no vislumbran el escenario de prescindir del balotaje.<\/p>\n\n\n\n<p>Ante este panorama, Colombia da un paso m\u00e1s hacia la polarizaci\u00f3n. El Pacto Hist\u00f3rico y el Centro Democr\u00e1tico est\u00e1n creciendo y horadando al centro y al liberalismo. Sin embargo, estos \u00faltimos est\u00e1n lejos de ser derrotados. El Partido Liberal (13 curules), el Conservador (10 esca\u00f1os) y el Partido de la U (9 asientos) mantienen un \"ecosistema\" que seguir\u00e1 teniendo peso legislativo clave, aunque con un visible desgaste. Para cualquier opci\u00f3n, ya sea Cepeda,&nbsp; Valencia o De la Espriella, se&nbsp;<strong>dificultar\u00e1 gobernar ante el poder\u00edo que a\u00fan conservan<\/strong>&nbsp;<strong>estas fuerzas de \"centro\"<\/strong>&nbsp;en las c\u00e1maras.<\/p>\n\n\n\n<p>La confrontaci\u00f3n que&nbsp;el domingo se hizo m\u00e1s pronunciada entre ambos polos ideol\u00f3gicos tiene mucho que ver con el perfil de sus protagonistas. Por un lado, Iv\u00e1n Cepeda: un izquierdista riguroso, letrado, abogado y defensor de derechos humanos; una figura de una izquierda seria, aunque para algunos dogm\u00e1tica. Por otro, Paloma Valencia: heredera de la pol\u00edtica tradicional y representante del uribismo m\u00e1s f\u00e9rreo.<\/p>\n\n\n\n<p>Ambos l\u00edderes poseen una suerte de \"realeza\" dentro de sus respectivos sectores, lo que garantiza una&nbsp;<strong>batalla electoral de contrastes profundos y ra\u00edces hist\u00f3ricas e ideol\u00f3gicas<\/strong>.<\/p>\n\n\n\n<p>Los n\u00fameros de votos que exhibieron estos bandos a\u00fan no dan para hacer afirmaciones concluyentes. Petro gan\u00f3 en 2022 con m\u00e1s de once millones de votos, por lo que puede estimarse que el resultado de las elecciones parlamentarias e internas no develan qui\u00e9n podr\u00eda ganar las elecciones. Es probable que Paloma juegue a ganar m\u00e1s hacia el centro y modere un poco su discurso, pero para ello tiene que competir con otro candidato derechista que no da tregua en su verbo belicoso y le puede robar el poderoso voto radical.<\/p>\n\n\n\n<p>Cepeda, con un pi\u00e9 en el balotaje, tambi\u00e9n tendr\u00e1 que enamorar a centristas y liberales, y sobre todo, entusiasmar a las bases populares del petrismo que&nbsp;pudiesen optar por la abstenci\u00f3n si la campa\u00f1a no les satisface.<\/p>\n\n\n\n<p>En Colombia a\u00fan nada est\u00e1 escrito, solo que la carrera presidencial ha comenzado, y en agosto, un nuevo l\u00edder ocupar\u00e1 el Palacio de Nari\u00f1o.<\/p>\n","protected":false},"excerpt":{"rendered":"<p>Ociel Al\u00ed L\u00f3pez (Russia Today, 10-3-26) La \"izquierda petrista\" se erigi\u00f3&nbsp;el domingo como la gran victoriosa de la jornada electoral legislativa. Especialmente su candidato, Iv\u00e1n Cepeda, quien se consolid\u00f3 tras las consultas interpartidistas (en las que no particip\u00f3), y en el resultado que consigui\u00f3 su partido en el Senado. El Pacto Hist\u00f3rico, como se denomina [&hellip;]<\/p>\n","protected":false},"author":1,"featured_media":61043,"comment_status":"open","ping_status":"open","sticky":false,"template":"","format":"standard","meta":{"footnotes":""},"categories":[14,12],"tags":[],"class_list":["post-61042","post","type-post","status-publish","format-standard","has-post-thumbnail","hentry","category-internacionales","category-politica-3"],"_links":{"self":[{"href":"https:\/\/debateplural.net\/site\/wp-json\/wp\/v2\/posts\/61042"}],"collection":[{"href":"https:\/\/debateplural.net\/site\/wp-json\/wp\/v2\/posts"}],"about":[{"href":"https:\/\/debateplural.net\/site\/wp-json\/wp\/v2\/types\/post"}],"author":[{"embeddable":true,"href":"https:\/\/debateplural.net\/site\/wp-json\/wp\/v2\/users\/1"}],"replies":[{"embeddable":true,"href":"https:\/\/debateplural.net\/site\/wp-json\/wp\/v2\/comments?post=61042"}],"version-history":[{"count":1,"href":"https:\/\/debateplural.net\/site\/wp-json\/wp\/v2\/posts\/61042\/revisions"}],"predecessor-version":[{"id":61044,"href":"https:\/\/debateplural.net\/site\/wp-json\/wp\/v2\/posts\/61042\/revisions\/61044"}],"wp:featuredmedia":[{"embeddable":true,"href":"https:\/\/debateplural.net\/site\/wp-json\/wp\/v2\/media\/61043"}],"wp:attachment":[{"href":"https:\/\/debateplural.net\/site\/wp-json\/wp\/v2\/media?parent=61042"}],"wp:term":[{"taxonomy":"category","embeddable":true,"href":"https:\/\/debateplural.net\/site\/wp-json\/wp\/v2\/categories?post=61042"},{"taxonomy":"post_tag","embeddable":true,"href":"https:\/\/debateplural.net\/site\/wp-json\/wp\/v2\/tags?post=61042"}],"curies":[{"name":"wp","href":"https:\/\/api.w.org\/{rel}","templated":true}]}}