{"id":61054,"date":"2026-03-11T12:56:05","date_gmt":"2026-03-11T16:56:05","guid":{"rendered":"https:\/\/debateplural.net\/site\/?p=61054"},"modified":"2026-03-11T12:56:06","modified_gmt":"2026-03-11T16:56:06","slug":"designacion-de-nuevo-lider-en-iran-genera-sorpresa-y-desconcierto-en-occidente","status":"publish","type":"post","link":"https:\/\/debateplural.net\/site\/2026\/03\/11\/designacion-de-nuevo-lider-en-iran-genera-sorpresa-y-desconcierto-en-occidente\/","title":{"rendered":"Designaci\u00f3n de nuevo L\u00edder en Ir\u00e1n genera sorpresa y desconcierto en Occidente"},"content":{"rendered":"\n<p>Xavier Villar (Hispantv, 10-3-26)<\/p>\n\n\n\n<p>La designaci\u00f3n del ayatol\u00e1 Seyed Moytaba Jamenei como nuevo wali e faqih de Ir\u00e1n, (lo que se conoce como L\u00edder), ha generado en los c\u00edrculos anal\u00edticos occidentales una mezcla de sorpresa y desconcierto.<\/p>\n\n\n\n<p>La figura del hijo del L\u00edder fallecido se describe a menudo como enigm\u00e1tica o sombr\u00eda, y desde estas descripciones se ha interpretado su elecci\u00f3n como un hecho extraordinario, condicionado por la urgencia de la guerra o por la l\u00f3gica interna del aparato de seguridad.<\/p>\n\n\n\n<p>Esta lectura refleja, m\u00e1s que la naturaleza del proceso sucesorio, las limitaciones de los marcos anal\u00edticos desde los cuales se observa la pol\u00edtica iran\u00ed. Muchos an\u00e1lisis parten de la premisa de que el liderazgo pol\u00edtico se explica principalmente por la personalidad del individuo. Cuando esa premisa se aplica a un sistema cuya legitimidad se articula de manera distinta, la consecuencia es una percepci\u00f3n de opacidad que tiene m\u00e1s que ver con el m\u00e9todo de an\u00e1lisis que con la realidad.<\/p>\n\n\n\n<p>La pregunta inicial suele formularse de manera biogr\u00e1fica: qui\u00e9n es Seyed Moytaba Jamenei. Se examinan sus apariciones p\u00fablicas, su vida personal o sus posiciones pol\u00edticas expl\u00edcitas, con la expectativa de encontrar all\u00ed la clave de su liderazgo. Pero en un sistema pol\u00edtico-teol\u00f3gico estructurado en torno a la doctrina de la Velayat-e Faqih, la cuesti\u00f3n central no es la identidad individual, sino la funci\u00f3n doctrinal que se le atribuye y el marco institucional en el que esa funci\u00f3n se ejerce.<\/p>\n\n\n\n<p>Incluso los an\u00e1lisis m\u00e1s matizados mantienen en ocasiones el supuesto de que la autoridad del l\u00edder depende principalmente de su prestigio clerical o de su carisma religioso. Desde esta perspectiva, Seyed Moytaba Jamenei aparece como una excepci\u00f3n. Sin embargo, la evoluci\u00f3n institucional de la Rep\u00fablica Isl\u00e1mica durante m\u00e1s de cuatro d\u00e9cadas ha transformado esa relaci\u00f3n. La autoridad del wali se construye a partir de la&nbsp;<strong>convergencia entre legitimidad doctrinal, reconocimiento institucional y competencia pol\u00edtica<\/strong>, integrados en una funci\u00f3n destinada a garantizar continuidad.<\/p>\n\n\n\n<h2 class=\"wp-block-heading\"><strong>La funci\u00f3n del faqih y los criterios constitucionales<\/strong><\/h2>\n\n\n\n<p>Comprender la designaci\u00f3n de Seyed Moytaba Jamenei exige regresar al marco constitucional que regula la sucesi\u00f3n del L\u00edder Supremo. El art\u00edculo 109 de la Constituci\u00f3n establece que el candidato debe reunir erudici\u00f3n isl\u00e1mica, justicia y piedad, as\u00ed como visi\u00f3n pol\u00edtica y social, capacidad administrativa y cualidades de liderazgo. Estos criterios reflejan una concepci\u00f3n chi\u00ed duodecimana de la autoridad pol\u00edtica: el gobierno leg\u00edtimo s\u00f3lo puede ejercerse cuando confluyen&nbsp;<strong>conocimiento religioso, integridad moral y competencia pol\u00edtica<\/strong>.<\/p>\n\n\n\n<p>La Asamblea de Expertos, integrada por ochenta y ocho cl\u00e9rigos elegidos por voto popular, tiene la responsabilidad de evaluar a los candidatos y discernir en qui\u00e9n se encarnan con mayor claridad estas cualidades. Su labor no es meramente procedimental, sino un&nbsp;<strong>acto de discernimiento pol\u00edtico y teol\u00f3gico<\/strong>, destinado a preservar la continuidad institucional.<\/p>\n\n\n\n<p>En esta ocasi\u00f3n, el proceso se desarroll\u00f3 en circunstancias excepcionales. El asesinato del ayatol\u00e1 Al\u00ed Khamenei, junto a miembros de su familia, en un bombardeo dirigido a su entorno inmediato, introdujo un elemento de crisis que alter\u00f3 las condiciones normales de deliberaci\u00f3n. Para la sociedad iran\u00ed, el ataque no fue percibido \u00fanicamente como la eliminaci\u00f3n de un dirigente pol\u00edtico, sino como una agresi\u00f3n directa contra un&nbsp;<strong>s\u00edmbolo central de continuidad institucional<\/strong>.<\/p>\n\n\n\n<p>A ese contexto se sumaron declaraciones de Washington que advert\u00edan que la sucesi\u00f3n de Seyed Moytaba Jamenei ser\u00eda \u201cinaceptable\u201d y que cualquier nuevo l\u00edder podr\u00eda convertirse en objetivo si no obten\u00eda la aprobaci\u00f3n estadounidense. Lejos de desestabilizar la deliberaci\u00f3n interna, estas amenazas reforzaron la percepci\u00f3n de que la decisi\u00f3n deb\u00eda ser&nbsp;<strong>un acto de soberan\u00eda institucional<\/strong>. La Asamblea de Expertos subray\u00f3 que el proceso continu\u00f3 pese al bombardeo de sus oficinas y a las presiones externas, consolidando el mensaje de autonom\u00eda del sistema.<\/p>\n\n\n\n<p>En ese marco, la elecci\u00f3n del nuevo l\u00edder no se reduce a la designaci\u00f3n de un individuo. Representa tambi\u00e9n la&nbsp;<strong>afirmaci\u00f3n de que la continuidad institucional y la toma de decisiones soberana permanecen intactas<\/strong>&nbsp;incluso en condiciones de m\u00e1xima presi\u00f3n externa. La legitimidad no proviene del consenso internacional, ni de la percepci\u00f3n medi\u00e1tica externa, sino de la funci\u00f3n y la estructura que el sistema reconoce como esenciales para su estabilidad.<\/p>\n\n\n\n<h2 class=\"wp-block-heading\"><strong>El perfil teol\u00f3gico, pol\u00edtico y funcional de Seyed Moytaba Jamenei<\/strong><\/h2>\n\n\n\n<p>La percepci\u00f3n de que Seyed Moytaba Jamenei carece de preparaci\u00f3n teol\u00f3gica suficiente se repite con frecuencia en el debate medi\u00e1tico, aunque rara vez se examina con detalle su trayectoria. Nacido en Mashad en 1969, particip\u00f3 en la guerra Ir\u00e1n-Irak siendo apenas un adolescente. Esa experiencia molde\u00f3 en su generaci\u00f3n una conciencia pol\u00edtica s\u00f3lida y una lealtad al proyecto revolucionario compartida por buena parte de la \u00e9lite que hoy dirige el pa\u00eds.<\/p>\n\n\n\n<p>A finales de los a\u00f1os noventa se traslad\u00f3 a Qom para iniciar estudios formales en la principal ciudad clerical chi\u00ed. All\u00ed sigui\u00f3 el itinerario acad\u00e9mico de las hawzas, culminando en el&nbsp;<strong>dars-e kharej<\/strong>, el nivel m\u00e1s avanzado de la educaci\u00f3n religiosa. Este nivel acredita la capacidad de ijtihad, la facultad de emitir juicios independientes sobre cuestiones jur\u00eddicas a partir de las fuentes isl\u00e1micas, requisito tradicional para cualquier liderazgo clerical.<\/p>\n\n\n\n<p>Su perfil p\u00fablico reducido ha sido interpretado como opacidad, pero responde a la l\u00f3gica interna del sistema: la influencia se ejerce a trav\u00e9s de los engranajes de la instituci\u00f3n m\u00e1s que de la visibilidad medi\u00e1tica. Durante a\u00f1os, Seyed Moytaba Jamenei ha estado presente en los debates estrat\u00e9gicos y en los circuitos de lealtad que sostienen la estructura de poder. Su rol, discreto pero constante, refleja un&nbsp;<strong>perfil funcional central<\/strong>, m\u00e1s que meramente simb\u00f3lico.<\/p>\n\n\n\n<p>La cuesti\u00f3n de la sucesi\u00f3n familiar, a menudo presentada como contradicci\u00f3n con los ideales revolucionarios, requiere un an\u00e1lisis matizado. La doctrina de la Velayat-e Faqih no establece una prohibici\u00f3n expl\u00edcita respecto a que el liderazgo recaiga en un familiar del l\u00edder anterior. La legitimidad del wali faqih depende de su capacidad para ejercer la funci\u00f3n doctrinal y pol\u00edtica que define el cargo. Que en este caso coincidan linaje y funci\u00f3n puede entenderse como una contingencia hist\u00f3rica, no como una infracci\u00f3n del principio fundamental.<\/p>\n\n\n\n<p>Las reservas que el ayatol\u00e1 Ali Jamenei hab\u00eda expresado respecto a la participaci\u00f3n de sus hijos en la sucesi\u00f3n respond\u00edan a criterios pol\u00edticos en circunstancias normales, m\u00e1s que a restricciones doctrinales. La guerra y el asesinato del l\u00edder modificaron de forma significativa esas condiciones, y la Asamblea de Expertos ajust\u00f3 su decisi\u00f3n priorizando la continuidad institucional y la preservaci\u00f3n de la funci\u00f3n del faqih dentro del contexto excepcional.<\/p>\n\n\n\n<p>Es previsible que bajo la nueva conducci\u00f3n se observen cambios en la pol\u00edtica iran\u00ed, incluida la posible revisi\u00f3n de doctrinas estrat\u00e9gicas como la nuclear. Sin embargo, estas modificaciones no depender\u00e1n exclusivamente del nuevo wali, sino que surgir\u00e1n del&nbsp;<strong>entramado institucional<\/strong>: la coordinaci\u00f3n entre la Asamblea de Expertos, el Consejo de Guardianes, el Consejo de Discernimiento, el poder ejecutivo, el parlamento y otros \u00f3rganos de seguridad y asesoramiento doctrinal. Los cambios reflejar\u00e1n acuerdos institucionales y estrat\u00e9gicos m\u00e1s amplios, m\u00e1s que decisiones unilaterales, asegurando que cualquier ajuste se articule dentro de los equilibrios existentes y de la continuidad del sistema.<\/p>\n\n\n\n<h2 class=\"wp-block-heading\"><strong>La arquitectura institucional y la continuidad del sistema<\/strong><\/h2>\n\n\n\n<p>El \u00e9nfasis excesivo en la figura individual del l\u00edder suele ocultar un principio central de la pol\u00edtica iran\u00ed: la densidad institucional del sistema. La Rep\u00fablica Isl\u00e1mica funciona a trav\u00e9s de una red de \u00f3rganos con competencias diferenciadas que interact\u00faan entre s\u00ed y generan&nbsp;<strong>resiliencia frente a crisis<\/strong>.<\/p>\n\n\n\n<p>La Asamblea de Expertos es solo uno de esos nodos. El Consejo de Guardianes supervisa la compatibilidad de la legislaci\u00f3n con la Constituci\u00f3n y la ley isl\u00e1mica; el Consejo de Discernimiento del Inter\u00e9s del Sistema interviene en situaciones de conflicto o bloqueo institucional; el poder ejecutivo, el parlamento y el sistema judicial cumplen funciones diferenciadas de legitimidad y supervisi\u00f3n.<\/p>\n\n\n\n<p>El entramado se extiende tambi\u00e9n al \u00e1mbito econ\u00f3mico y social. Las bonyads gestionan recursos significativos y redes de asistencia social que consolidan v\u00ednculos entre el Estado y la poblaci\u00f3n. El Cuerpo de Guardianes de la Revoluci\u00f3n&nbsp;Isl\u00e1mica act\u00faa como garante de la soberan\u00eda y del proyecto revolucionario, manteniendo cohesi\u00f3n interna y relaci\u00f3n directa con el wali faqih. Tras la designaci\u00f3n de Seyed Moytaba Jamenei, emiti\u00f3 un reconocimiento expl\u00edcito a su formaci\u00f3n y conocimiento pol\u00edtico, lo que subraya su&nbsp;<strong>aceptaci\u00f3n funcional dentro del sistema<\/strong>, sin necesidad de atribuirle un protagonismo excepcional.<\/p>\n\n\n\n<p>Este entramado explica por qu\u00e9 la desaparici\u00f3n de un l\u00edder no produce un vac\u00edo de poder. El sistema est\u00e1 dise\u00f1ado para activar mecanismos de sucesi\u00f3n y garantizar continuidad. La elecci\u00f3n de Seyed Moytaba Jamenei representa la&nbsp;<strong>activaci\u00f3n prevista de un procedimiento institucional<\/strong>, no un reemplazo improvisado. La legitimidad se deriva de la funci\u00f3n y de la aceptaci\u00f3n institucional, m\u00e1s que de la visibilidad p\u00fablica o del carisma individual.<\/p>\n\n\n\n<p>Comprender este proceso requiere abandonar la mirada centrada en el individuo y aproximarse al sistema seg\u00fan sus propios par\u00e1metros. Desde esta perspectiva, la designaci\u00f3n del nuevo wali faqih es coherente con la l\u00f3gica interna del sistema: la autoridad es&nbsp;<strong>funci\u00f3n, no atributo personal<\/strong>, y mientras esa funci\u00f3n se mantenga, la continuidad institucional est\u00e1 asegurada.<\/p>\n\n\n\n<p>La figura de Seyed Moytaba Jamenei seguir\u00e1 siendo percibida como un \u201cmisterio\u201d para quienes busquen explicaciones en su biograf\u00eda o en su visibilidad p\u00fablica. El verdadero misterio se disuelve cuando se comprende que su relevancia reside en&nbsp;<strong>la funci\u00f3n doctrinal que encarna y en la legitimidad institucional que posee<\/strong>.<\/p>\n\n\n\n<p>Durante m\u00e1s de cuatro d\u00e9cadas, la Rep\u00fablica Isl\u00e1mica ha demostrado capacidad para absorber crisis y mantener continuidad. La guerra, el asesinato del l\u00edder y de su familia, y las presiones externas no han alterado esa capacidad; la han activado. La elecci\u00f3n de Seyed Moytaba Jamenei reafirma que la&nbsp;<strong>decisi\u00f3n sobre el liderazgo corresponde \u00fanicamente a las instituciones iran\u00edes<\/strong>, y no a presiones externas.<\/p>\n\n\n\n<p>Desde este enfoque, la designaci\u00f3n no es un enigma personal ni un acto propagand\u00edstico, sino un acto de&nbsp;<strong>soberan\u00eda institucional<\/strong>, de reafirmaci\u00f3n del sistema y de su l\u00f3gica doctrinal interna. Mientras se analice Ir\u00e1n proyectando categor\u00edas externas centradas en el individuo o el carisma, la pol\u00edtica del pa\u00eds seguir\u00e1 pareciendo opaca. El verdadero misterio est\u00e1 en la mirada del observador, no en el sistema que observa.<\/p>\n","protected":false},"excerpt":{"rendered":"<p>Xavier Villar (Hispantv, 10-3-26) La designaci\u00f3n del ayatol\u00e1 Seyed Moytaba Jamenei como nuevo wali e faqih de Ir\u00e1n, (lo que se conoce como L\u00edder), ha generado en los c\u00edrculos anal\u00edticos occidentales una mezcla de sorpresa y desconcierto. La figura del hijo del L\u00edder fallecido se describe a menudo como enigm\u00e1tica o sombr\u00eda, y desde estas [&hellip;]<\/p>\n","protected":false},"author":1,"featured_media":61055,"comment_status":"open","ping_status":"open","sticky":false,"template":"","format":"standard","meta":{"footnotes":""},"categories":[14,12],"tags":[],"class_list":["post-61054","post","type-post","status-publish","format-standard","has-post-thumbnail","hentry","category-internacionales","category-politica-3"],"_links":{"self":[{"href":"https:\/\/debateplural.net\/site\/wp-json\/wp\/v2\/posts\/61054"}],"collection":[{"href":"https:\/\/debateplural.net\/site\/wp-json\/wp\/v2\/posts"}],"about":[{"href":"https:\/\/debateplural.net\/site\/wp-json\/wp\/v2\/types\/post"}],"author":[{"embeddable":true,"href":"https:\/\/debateplural.net\/site\/wp-json\/wp\/v2\/users\/1"}],"replies":[{"embeddable":true,"href":"https:\/\/debateplural.net\/site\/wp-json\/wp\/v2\/comments?post=61054"}],"version-history":[{"count":1,"href":"https:\/\/debateplural.net\/site\/wp-json\/wp\/v2\/posts\/61054\/revisions"}],"predecessor-version":[{"id":61056,"href":"https:\/\/debateplural.net\/site\/wp-json\/wp\/v2\/posts\/61054\/revisions\/61056"}],"wp:featuredmedia":[{"embeddable":true,"href":"https:\/\/debateplural.net\/site\/wp-json\/wp\/v2\/media\/61055"}],"wp:attachment":[{"href":"https:\/\/debateplural.net\/site\/wp-json\/wp\/v2\/media?parent=61054"}],"wp:term":[{"taxonomy":"category","embeddable":true,"href":"https:\/\/debateplural.net\/site\/wp-json\/wp\/v2\/categories?post=61054"},{"taxonomy":"post_tag","embeddable":true,"href":"https:\/\/debateplural.net\/site\/wp-json\/wp\/v2\/tags?post=61054"}],"curies":[{"name":"wp","href":"https:\/\/api.w.org\/{rel}","templated":true}]}}