{"id":61059,"date":"2026-03-12T09:41:58","date_gmt":"2026-03-12T13:41:58","guid":{"rendered":"https:\/\/debateplural.net\/site\/?p=61059"},"modified":"2026-03-12T09:41:59","modified_gmt":"2026-03-12T13:41:59","slug":"el-asesinato-del-multilateralismo","status":"publish","type":"post","link":"https:\/\/debateplural.net\/site\/2026\/03\/12\/el-asesinato-del-multilateralismo\/","title":{"rendered":"El asesinato del multilateralismo"},"content":{"rendered":"\n<p>Aram Aharonian (CLAE, 12-3-26)<\/p>\n\n\n\n<p>La presidenta de la Comisi\u00f3n Europea, Ursula von der Leyen, ha vuelto a ser noticia al recular y afirmar que la UE \u00absiempre respetar\u00e1 el derecho internacional\u00bb. Por su parte, el presidente de Estados Unidos, Donald Trump, sigue insistiendo en que la guerra acabar\u00e1 cuando \u00e9l lo diga, pese a que el conflicto se est\u00e1 alargando demasiado.&nbsp;<\/p>\n\n\n\n<p>S\u00ed, son tiempos de la posverdad, las&nbsp;<em>fake news<\/em>&nbsp;y el periodismo en tiempo real que se ha convertido en una f\u00e1brica de noticias falsas y desinformaci\u00f3n, en manos de grandes conglomerados empresariales que siguen el paso de los dirigentes de sus pa\u00edses (entre otras cosas para poder sobrevivir). S\u00ed, son tiempos finales del multilateralismo y se est\u00e1 armando el coronamiento de Donald, el hegem\u00f3n.<\/p>\n\n\n\n<p>Las redes sociales est\u00e1n llenas de bromas sobre los comunicados vac\u00edos con los que la Uni\u00f3n Europea responde a las crisis mundiales que se suceden con ritmo fren\u00e9tico en la era Trump 2.0. El ataque estadounidense-israel\u00ed contra Ir\u00e1n tambi\u00e9n motiv\u00f3 una serie de reuniones sin conclusiones concretas y comunicados llenos de hipocres\u00eda.<\/p>\n\n\n\n<p>Pero el premio a la m\u00e1s caradura se lo llev\u00f3 la presidenta de la Comisi\u00f3n Europea Ursula von der Leyen, que mientras callaba ante la agresi\u00f3n inicial de Washington y Tel Aviv contra Ir\u00e1n, obviamente ilegal, en la que asesinaron al Jefe de Estado y bombardearon ciudades, calificaba de \u00abinaceptables\u00bb las represalias defensivas iran\u00edes.<\/p>\n\n\n\n<p>Fue la en\u00e9sima muestra de la sumisi\u00f3n de Von der Leyen a las aventuras imperialistas de Donald Trump y Benjam\u00edn Netanyahu, que se reprodujo con diversos matices en las principales capitales europeas.<\/p>\n\n\n\n<p>Ambos parecen olvidar que Trump lanz\u00f3 su ataque cuando el gobierno iran\u00ed hab\u00eda aceptado importantes concesiones en las negociaciones destinadas a parar su programa nuclear, seg\u00fan&nbsp;explic\u00f3 el ministro&nbsp;de Exteriores de Om\u00e1n, que hizo de mediador.&nbsp; Tambi\u00e9n olvida que Trump ya dinamit\u00f3 durante su primer mandato el acuerdo con Teher\u00e1n para evitar que adquiriese armas nucleares (impulsado en buena medida por Europa), sin que los l\u00edderes europeos moviesen un dedo para reactivar la v\u00eda diplom\u00e1tica.<\/p>\n\n\n\n<h4 class=\"wp-block-heading\"><strong>Gaza, Venezuela, Cuba\u2026 e Ir\u00e1n<\/strong><\/h4>\n\n\n\n<p>En nombre de la democracia -quiz\u00e1s- el canciller alem\u00e1n, Friedrich Merz, aprovech\u00f3 su reuni\u00f3n con Trump en la Casa Blanca pocos d\u00edas despu\u00e9s del inicio de los bombardeos para manifestar su \u00absinton\u00eda\u00bb con el objetivo de derribar el r\u00e9gimen iran\u00ed, una de las cambiantes justificaciones con las que el republicano ha defendido su nueva guerra. Merz renunci\u00f3 a \u00absermonear\u00bb a Trump (es decir, a defender la legalidad internacional).&nbsp;<\/p>\n\n\n\n<p>Igual que el presidente polaco, Karol Nawrocki, Merz ha apoyado el ataque ilegal aduciendo que Ir\u00e1n es una amenaza a la seguridad internacional por su empe\u00f1o en adquirir armas nucleares. \u00bfSer\u00e1 m\u00e1s peligrosa la amenaza de usar una bomba at\u00f3mica en manos de un ayatol\u00e1 que en las de Trump?<\/p>\n\n\n\n<p>&nbsp;Mientras la maquinaria propagand\u00edstica de Trump queda atrapada (Fox News es descubierta por im\u00e1genes falsas, Alexandria Ocasio-Cortez critica a los medios corporativos, Anthropic demanda al r\u00e9gimen), el primer ministro brit\u00e1nico, Keir Starmer, se ha mostrado fiel a la volubilidad que le caracteriza. Mientras el Pent\u00e1gono mantenga&nbsp;m\u00e1s de doscientas bases, decenas de miles de militares y armas nucleares en Europa, la autonom\u00eda estrat\u00e9gica ser\u00e1 una quimera, ya de por s\u00ed vapuleada por la compra masiva de armamento a Estados Unidos, otro elemento clave de dependencia.<\/p>\n\n\n\n<p>Su gobierno deneg\u00f3 la utilizaci\u00f3n de su base en Diego Garc\u00eda (oc\u00e9ano \u00cdndico) para los primeros bombardeos, por las dudas sobre la legalidad del ataque, pero despu\u00e9s abrieron las puertas a los aviones estadounidenses. Demasiado tarde para Trump, que se mostr\u00f3 \u00abmuy decepcionado\u00bb con Starmer por su retraso en el cumplimiento de sus deseos.<\/p>\n\n\n\n<p>Emmanuel Macron, consciente del antiamericanismo arraigado en la sociedad francesa, ha intentado hacer equilibrio, pero trastabilla demasiado. Hay que reconocer que fue uno de los pocos l\u00edderes europeos, junto al espa\u00f1ol Pedro S\u00e1nchez, en se\u00f1alar expl\u00edcitamente que la guerra de Trump y Netanyahu \u00abest\u00e1 fuera del Derecho internacional\u00bb. Pero -hete aqu\u00ed siempre hay un&nbsp;<em>pero<\/em>\u2013&nbsp; a la vez ha permitido el uso de bases francesas para la ofensiva. Macron, que se enfrenta a unas elecciones municipales con malas perspectivas, ha intentado tapar la incoherencia de su posicionamiento anunciando un incremento del armamento nuclear franc\u00e9s y ofreciendo ampliar su paraguas nuclear a otros pa\u00edses europeos.<\/p>\n\n\n\n<p>Para Pablo Casta\u00f1o, del diario espa\u00f1ol&nbsp;<em>P\u00fablico<\/em>, es el cl\u00e1sico recurso al belicismo para tapar las verg\u00fcenzas, al que se est\u00e1n haciendo adictos los l\u00edderes m\u00e1s impopulares de Europa. Los mismos que reivindican el derecho internacional para defender a Ucrania, pero lo olvidan en Gaza, Venezuela o Ir\u00e1n. Recuerda que en enero pareci\u00f3 que la amenaza directa de Trump de apropiarse de Groenlandia consigui\u00f3 convencer a las \u00e9lites europeas de que Estados Unidos ya no es un aliado, sino un rival que se puede convertir r\u00e1pidamente en enemigo.<\/p>\n\n\n\n<p>En esa ocasi\u00f3n, recordemos, el Parlamento Europeo suspendi\u00f3&nbsp;el humillante acuerdo comercial impuesto por Trump a Von der Leyen en julio de 2025 y la UE respondi\u00f3&nbsp;de forma conjunta a la en\u00e9sima ronda de amenazas comerciales del estadounidense. Sin embargo, la aquiescencia al secuestro de Nicol\u00e1s Maduro y la cacofon\u00eda tras el bombardeo de Ir\u00e1n confirman que Europa sigue oscilando entre el desconcierto y la sumisi\u00f3n al intervencionismo imperialistas de Trump, a\u00f1ade Casta\u00f1o.<\/p>\n\n\n\n<h4 class=\"wp-block-heading\"><strong>Adi\u00f3s al multilateralismo<\/strong><\/h4>\n\n\n\n<p>En su intervenci\u00f3n en el Foro Econ\u00f3mico Mundial de Davos, el primer ministro canadiense Mark Carney describi\u00f3 el final del multilateralismo como una ruptura y no como una crisis pasajera: es que cuando la econom\u00eda se convierte en arma, la pol\u00edtica deja de fingir. Mark Carney se anim\u00f3 a decir algo que en los foros globales se evita: el mundo ya no est\u00e1 cambiando de fase, est\u00e1 rompi\u00e9ndose. dej\u00f3 una frase que resume la \u00e9poca:&nbsp;<em>si no te sientas a la mesa, acabas en el men\u00fa<\/em>. Mientras, las potencias intermedias \u2014ni imperios ni sat\u00e9lites\u2014 empiezan a moverse juntas porque negociar en solitario frente a un hegem\u00f3n es aceptar las condiciones del m\u00e1s grande.&nbsp;<\/p>\n\n\n\n<p>Mientras, han aumentado los ataques a buques en el estrecho de Ormuz, e Ir\u00e1n ha advertido que no dejar\u00e1 pasar el petr\u00f3leo de EEUU e Israel. La subida del precio del petr\u00f3leo contin\u00faa y EEUU a\u00fan no ha logrado apoderarse de \u00e9l. Ante esta situaci\u00f3n, la Agencia Internacional de Energ\u00eda ha decidido librar 400 millones de barriles, en lo que es la mayor intervenci\u00f3n de la reserva de petr\u00f3leo conocida hasta la fecha.<\/p>\n\n\n\n<p>Recapitulemos:&nbsp;Mark Carney subi\u00f3 al atril para decir algo que en los foros globales se evita y que los gobernantes del norte no quieren o\u00edr: el mundo ya no est\u00e1 cambiando de fase, est\u00e1 rompi\u00e9ndose.<\/p>\n","protected":false},"excerpt":{"rendered":"<p>Aram Aharonian (CLAE, 12-3-26) La presidenta de la Comisi\u00f3n Europea, Ursula von der Leyen, ha vuelto a ser noticia al recular y afirmar que la UE \u00absiempre respetar\u00e1 el derecho internacional\u00bb. Por su parte, el presidente de Estados Unidos, Donald Trump, sigue insistiendo en que la guerra acabar\u00e1 cuando \u00e9l lo diga, pese a que [&hellip;]<\/p>\n","protected":false},"author":1,"featured_media":53654,"comment_status":"open","ping_status":"open","sticky":false,"template":"","format":"standard","meta":{"footnotes":""},"categories":[14,12],"tags":[],"class_list":["post-61059","post","type-post","status-publish","format-standard","has-post-thumbnail","hentry","category-internacionales","category-politica-3"],"_links":{"self":[{"href":"https:\/\/debateplural.net\/site\/wp-json\/wp\/v2\/posts\/61059"}],"collection":[{"href":"https:\/\/debateplural.net\/site\/wp-json\/wp\/v2\/posts"}],"about":[{"href":"https:\/\/debateplural.net\/site\/wp-json\/wp\/v2\/types\/post"}],"author":[{"embeddable":true,"href":"https:\/\/debateplural.net\/site\/wp-json\/wp\/v2\/users\/1"}],"replies":[{"embeddable":true,"href":"https:\/\/debateplural.net\/site\/wp-json\/wp\/v2\/comments?post=61059"}],"version-history":[{"count":1,"href":"https:\/\/debateplural.net\/site\/wp-json\/wp\/v2\/posts\/61059\/revisions"}],"predecessor-version":[{"id":61060,"href":"https:\/\/debateplural.net\/site\/wp-json\/wp\/v2\/posts\/61059\/revisions\/61060"}],"wp:featuredmedia":[{"embeddable":true,"href":"https:\/\/debateplural.net\/site\/wp-json\/wp\/v2\/media\/53654"}],"wp:attachment":[{"href":"https:\/\/debateplural.net\/site\/wp-json\/wp\/v2\/media?parent=61059"}],"wp:term":[{"taxonomy":"category","embeddable":true,"href":"https:\/\/debateplural.net\/site\/wp-json\/wp\/v2\/categories?post=61059"},{"taxonomy":"post_tag","embeddable":true,"href":"https:\/\/debateplural.net\/site\/wp-json\/wp\/v2\/tags?post=61059"}],"curies":[{"name":"wp","href":"https:\/\/api.w.org\/{rel}","templated":true}]}}