{"id":61885,"date":"2026-08-31T12:05:19","date_gmt":"2026-08-31T16:05:19","guid":{"rendered":"https:\/\/debateplural.net\/site\/?p=61885"},"modified":"2026-08-31T12:05:21","modified_gmt":"2026-08-31T16:05:21","slug":"fidel-lo-avizoro-la-especie-humana-esta-en-peligro-de-extincion","status":"publish","type":"post","link":"https:\/\/debateplural.net\/site\/2026\/08\/31\/fidel-lo-avizoro-la-especie-humana-esta-en-peligro-de-extincion\/","title":{"rendered":"Fidel lo avizor\u00f3: la especie humana est\u00e1 en peligro de extinci\u00f3n"},"content":{"rendered":"\n<p>Hedelberto L\u00f3pez Blanch (Rebeli\u00f3n, 31-8-26)<\/p>\n\n\n\n<p>La noticia aunque avisada en los \u00faltimos a\u00f1os por cient\u00edficos y l\u00edderes pol\u00edticos, resulta alarmante: Las p\u00e9rdidas derivadas de cat\u00e1strofes naturales alcanzaron los 100 000 millones de d\u00f3lares durante el primer semestre del 2026 de acuerdo con un estudio realizado por el Swiss Re Institute.<\/p>\n\n\n\n<p>Entre los principales desastres naturales analizados se encuentran<a href=\"https:\/\/noticiaslatam.lat\/20260816\/1174679437.html\" target=\"_blank\" rel=\"noreferrer noopener\">&nbsp;los terremotos de Venezuela, Colombia<\/a>&nbsp;e Indonesia, los cuales \u00abson un triste recordatorio de que los sismos siguen siendo un riesgo constante en gran parte de Am\u00e9rica Latina y la poblaci\u00f3n mundial, con el potencial de devastar vidas, comunidades y econom\u00edas locales en cuesti\u00f3n de instantes\u00bb.<\/p>\n\n\n\n<p>En Europa las olas de calor y sequ\u00eda han sido sumamente da\u00f1inas para muchos ciudadanos y han disparado la mortalidad en varias naciones como en Alemania que los fallecimientos relacionados con el calor de este verano ascienden a 14 000 personas.<\/p>\n\n\n\n<p>Alrededor de&nbsp;<strong>9 600 de esas muertes se registraron<\/strong>&nbsp;en una sola semana a finales de junio, cuando Alemania sufri\u00f3 temperaturas superiores a los 40 \u00b0C, seg\u00fan el Instituto Robert Koch.<\/p>\n\n\n\n<p><strong>En cuanto a Espa\u00f1a, el&nbsp;<\/strong>Instituto Nacional de Salud P\u00fablica registr\u00f3 casi 4 500 muertes relacionadas con el calor desde el 1 de junio, mientras las autoridades sanitarias francesas&nbsp;<strong>informaron de m\u00e1s de 7 300 muertes durante el mismo per\u00edodo<\/strong><strong>.<\/strong><\/p>\n\n\n\n<p>Por eso cada d\u00eda retumban con m\u00e1s fuerza por el orbe, las visionarias palabras del l\u00edder de la Revoluci\u00f3n Cubana en la cumbre de la Tierra realizada en R\u00edo de Janeiro, Brasil en 1992 cuando vaticin\u00f3:<\/p>\n\n\n\n<p>\u201cUna importante especie biol\u00f3gica est\u00e1 en riesgo de desaparecer por la r\u00e1pida y progresiva liquidaci\u00f3n de sus condiciones naturales de vida: el hombre. Ahora tomamos conciencia de este problema cuando casi es tarde para impedirlo. Es necesario se\u00f1alar que las sociedades desarrolladas son las responsables fundamentales de la atroz destrucci\u00f3n del medio ambiente\u201d.&nbsp;<\/p>\n\n\n\n<p>Un estudio liderado por la&nbsp;<a href=\"https:\/\/peru21.pe\/noticias\/universidad-de-oxford\"><strong>Universidad<\/strong><strong>&nbsp;de Oxford<\/strong><\/a><strong>,<\/strong>&nbsp;publicado en la revista Nature Sustainability indic\u00f3 que si el&nbsp;<strong><a href=\"https:\/\/peru21.pe\/noticias\/calentamiento-global\"><strong>calentamiento global<\/strong><\/a>&nbsp;<\/strong>alcanza 2\u00b0C, aproximadamente 3 790 millones de personas vivir\u00e1n bajo condiciones t\u00e9rmicas severas para mediados de siglo.<\/p>\n\n\n\n<p>La cifra representa casi el doble de la poblaci\u00f3n afectada en 2010, evidenciando que la crisis clim\u00e1tica avanza a un ritmo mucho m\u00e1s acelerado de lo que las proyecciones anteriores suger\u00edan.<\/p>\n\n\n\n<p>Entre las zonas m\u00e1s cr\u00edticas se destaca la Am\u00e9rica Latina incluso si no se supera el l\u00edmite de 1.5\u00b0C del calentamiento.<\/p>\n\n\n\n<p>Los investigadores recalcan que el calor extremo no es solo una cuesti\u00f3n desesperante y advierten que impactar\u00e1 directamente en la salud p\u00fablica ya que habr\u00e1 un aumento de la mortalidad por golpes de calor y enfermedades cardiovasculares.<\/p>\n\n\n\n<p>Asimismo aparecen otras afectaciones pues las sucesivas olas de calor y la intensa sequ\u00eda que azotan Europa han llevado a la agricultura a una crisis sin precedentes, con p\u00e9rdidas que atacan especialmente a los cultivos de hortalizas y cereales, donde se esperan cosechas \u00abcatastr\u00f3ficas\u00bb, seg\u00fan un reciente&nbsp;informe del diario brit\u00e1nico The Guardian.&nbsp;<\/p>\n\n\n\n<p>En Francia, la producci\u00f3n de algunas verduras se ha desplomado: el br\u00f3coli registra ca\u00eddas del 60 %, los guisantes del 40 % y las alcachofas de entre el 50 % y el 100 %. Adem\u00e1s, la cosecha de ma\u00edz podr\u00eda reducirse un 35 % respecto al 2025, hasta unos 9 millones de toneladas, un nivel no visto desde 1980.<\/p>\n\n\n\n<p>El impacto tambi\u00e9n alcanza a la ganader\u00eda, seg\u00fan The Guardian. Los productores franceses reportan descensos de entre el 10 % y el 15 % en la producci\u00f3n de leche, mientras que la de heno para alimentar al ganado en invierno se sit\u00faa alrededor de un 30 % por debajo de la media hist\u00f3rica. La producci\u00f3n de huevos tambi\u00e9n ha ca\u00eddo, con cerca de un mill\u00f3n menos al d\u00eda debido a la elevada mortalidad de aves durante las olas de calor.<\/p>\n\n\n\n<p>La situaci\u00f3n se repite en otros pa\u00edses. M\u00e1s del 60 % de las tierras agr\u00edcolas de Italia sufren alg\u00fan grado de sequ\u00eda, con p\u00e9rdidas superiores a los 3 000 millones de euros (m\u00e1s de 3 400 millones de d\u00f3lares). En Espa\u00f1a, las cosechas de cereales han registrado fuertes descensos en varias regiones y el sector vitin\u00edcola prev\u00e9 una ca\u00edda del 20 % en la producci\u00f3n del 2026.<\/p>\n\n\n\n<p>Otra investigaci\u00f3n de DTU Space, publicada en el Journal of Geophysical Research, Solid Earth, asegura que el cambio clim\u00e1tico esta afectando al \u00c1rtico a un ritmo acelerado con p\u00e9rdida de grandes cantidades de hielo en Groenlandia. Agrega que ya son 28 a\u00f1os consecutivos en los que ese territorio&nbsp;<strong>ha perdido m\u00e1s hielo del que produce<\/strong>&nbsp;y supone una amenaza seria para los entornos humanos y naturales en todo el mundo.<\/p>\n\n\n\n<p>La capa de hielo de Groenlandia es&nbsp;<strong>uno de los mayores recursos de agua dulce del planeta<\/strong>, contiene el equivalente a&nbsp;<a href=\"https:\/\/es.euronews.com\/green\/2025\/10\/09\/la-subida-del-nivel-del-mar-amenaza-mas-de-100-millones-de-edificios-cual-es-la-situacion-\" target=\"_blank\" rel=\"noreferrer noopener\">un crecimiento global del nivel del mar<\/a>&nbsp;de 7,4 metros y cada cent\u00edmetro de aumento expone a unos seis millones de personas a inundaciones costeras.<\/p>\n\n\n\n<p>Las inundaciones de \u00e1reas tan densamente pobladas provocar\u00eda un desplazamiento masivo de personas (refugiados clim\u00e1ticos) de las zonas bajas.<\/p>\n\n\n\n<p>Al potenciarse las temperaturas de los mares, los huracanes ser\u00e1n cada vez m\u00e1s violentos y peligrosos, dejando a su paso destrucci\u00f3n de ciudades, cultivos, desmantelamiento de infraestructuras, hambre y enfermedades.<\/p>\n\n\n\n<p>Por eso, una y otra vez, hay que volver a releer aquel prof\u00e9tico discurso de Fidel Castro en R\u00edo de Janeiro cuando con mucha fuerza y convicci\u00f3n afirm\u00f3: \u201cLos bosques desaparecen, los desiertos se extienden, miles de millones de toneladas de tierra f\u00e9rtil van a parar cada a\u00f1o al mar. Numerosas especies se extinguen. La presi\u00f3n poblacional y la pobreza conducen a esfuerzos desesperados para sobrevivir aun a costa de la naturaleza. No es posible culpar de esto a los pa\u00edses del Tercer Mundo, colonias ayer, naciones explotadas y saqueadas hoy por un orden econ\u00f3mico mundial injusto.\u201d<\/p>\n\n\n\n<p>Y solo nos queda preguntar: \u00bfAcabar\u00e1n los pa\u00edses desarrollados, m\u00e1ximo culpables de ese peligro, de tomar conciencia o esperar\u00e1n a que el tiempo se acabe para todos?<\/p>\n","protected":false},"excerpt":{"rendered":"<p>Hedelberto L\u00f3pez Blanch (Rebeli\u00f3n, 31-8-26) La noticia aunque avisada en los \u00faltimos a\u00f1os por cient\u00edficos y l\u00edderes pol\u00edticos, resulta alarmante: Las p\u00e9rdidas derivadas de cat\u00e1strofes naturales alcanzaron los 100 000 millones de d\u00f3lares durante el primer semestre del 2026 de acuerdo con un estudio realizado por el Swiss Re Institute. Entre los principales desastres naturales [&hellip;]<\/p>\n","protected":false},"author":1,"featured_media":61886,"comment_status":"open","ping_status":"open","sticky":false,"template":"","format":"standard","meta":{"footnotes":""},"categories":[14,12],"tags":[],"class_list":["post-61885","post","type-post","status-publish","format-standard","has-post-thumbnail","hentry","category-internacionales","category-politica-3"],"_links":{"self":[{"href":"https:\/\/debateplural.net\/site\/wp-json\/wp\/v2\/posts\/61885"}],"collection":[{"href":"https:\/\/debateplural.net\/site\/wp-json\/wp\/v2\/posts"}],"about":[{"href":"https:\/\/debateplural.net\/site\/wp-json\/wp\/v2\/types\/post"}],"author":[{"embeddable":true,"href":"https:\/\/debateplural.net\/site\/wp-json\/wp\/v2\/users\/1"}],"replies":[{"embeddable":true,"href":"https:\/\/debateplural.net\/site\/wp-json\/wp\/v2\/comments?post=61885"}],"version-history":[{"count":1,"href":"https:\/\/debateplural.net\/site\/wp-json\/wp\/v2\/posts\/61885\/revisions"}],"predecessor-version":[{"id":61887,"href":"https:\/\/debateplural.net\/site\/wp-json\/wp\/v2\/posts\/61885\/revisions\/61887"}],"wp:featuredmedia":[{"embeddable":true,"href":"https:\/\/debateplural.net\/site\/wp-json\/wp\/v2\/media\/61886"}],"wp:attachment":[{"href":"https:\/\/debateplural.net\/site\/wp-json\/wp\/v2\/media?parent=61885"}],"wp:term":[{"taxonomy":"category","embeddable":true,"href":"https:\/\/debateplural.net\/site\/wp-json\/wp\/v2\/categories?post=61885"},{"taxonomy":"post_tag","embeddable":true,"href":"https:\/\/debateplural.net\/site\/wp-json\/wp\/v2\/tags?post=61885"}],"curies":[{"name":"wp","href":"https:\/\/api.w.org\/{rel}","templated":true}]}}