{"id":61888,"date":"2026-08-31T14:18:45","date_gmt":"2026-08-31T18:18:45","guid":{"rendered":"https:\/\/debateplural.net\/site\/?p=61888"},"modified":"2026-08-31T14:18:47","modified_gmt":"2026-08-31T18:18:47","slug":"verguenza-parlamentarios-chilenos-en-la-palestina-ocupada","status":"publish","type":"post","link":"https:\/\/debateplural.net\/site\/2026\/08\/31\/verguenza-parlamentarios-chilenos-en-la-palestina-ocupada\/","title":{"rendered":"Verg\u00fcenza: Parlamentarios chilenos en la Palestina ocupada"},"content":{"rendered":"\n<p>Pablo Jofre Leal (Hispantv, 30-8-26)<\/p>\n\n\n\n<p>El viaje realizado entre el 21 y el 30 de agosto de 2026 por una comitiva de 11 parlamentarios chilenos a los territorios palestinos ocupados, para reunirse con cargos pol\u00edticos y militares de la entidad israel\u00ed, representa una afrenta directa a la obligaci\u00f3n de acatamiento de los derechos humanos y del derecho internacional.<\/p>\n\n\n\n<p>Esta vergonzosa visita, caracterizada como un periplo pol\u00edtico y tur\u00edstico destinado a asimilar la visi\u00f3n de mundo del sionismo bajo la estrategia de la Hasbar\u00e1 (1) cristaliza la m\u00e1s abyecta bancarrota moral de quienes ostentan representaci\u00f3n popular. Esta instrumentalizaci\u00f3n comunicacional busca sistem\u00e1ticamente suavizar la imagen internacional de Israel y despojar de peso institucional a las resoluciones de las Naciones Unidas sobre la ocupaci\u00f3n ilegal de tierras palestinas.<\/p>\n\n\n\n<p>Once parlamentarios que decidieron cruzar medio planeta para regalarse una postal de turismo ideol\u00f3gico al r\u00e9gimen sionista israel\u00ed, acompa\u00f1ados del canciller israel\u00ed, Gideon Sa\u2019ar, celebrando una supuesta \"relaci\u00f3n renovada\" mientras el mundo asiste con horror al genocidio en Gaza y la intensificaci\u00f3n del expolio en tierras palestinas en Cisjordania.<\/p>\n\n\n\n<p>En la reuni\u00f3n registrada en la fotograf\u00eda que subi\u00f3 el canciller israel\u00ed, tambi\u00e9n particip\u00f3 el embajador de Chile en Israel, el abogado de ciudadan\u00eda chileno-israel\u00ed y de origen ucraniano Gabriel Zaliasnik. Los parlamentarios de la verg\u00fcenza, diez de ellos pertenecientes a la derecha denominada liberal y la ultraderecha chilena pinochetista, son:<\/p>\n\n\n\n<p>Los diputados Hans Marowski y Pier Karlezi, del Partido Nacional Libertario (PNL); Marco Antonio Sulantay y Daniel Lilayu, de la Uni\u00f3n Dem\u00f3crata Independiente (UDI); Roberto Arroyo, Eileen Urqueta y Zandra Parisi, del Partido de la Gente (PDG); Stephan Schubert y Jos\u00e9 Carlos Meza, del Partido Republicano; Fernando Zamorano, del Partido por la Democracia (PPD); y el \u00fanico senador, Enrique Lee, autodenominado independiente.<\/p>\n\n\n\n<figure class=\"wp-block-image\"><img decoding=\"async\" src=\"https:\/\/cdn.hispantv.com\/hispanmedia\/files\/images\/original\/20260830\/16483937.jpg\" alt=\"\"\/><figcaption class=\"wp-element-caption\">Parlamentarios chilenos con canciller israeli Gideon Sa\u00b4ar y embajador de Chile en la Palestina ocupada<\/figcaption><\/figure>\n\n\n\n<p>Se trat\u00f3 de un viaje impresentable, efectuado en pleno genocidio contra el pueblo palestino en Gaza, a manos de la entidad israel\u00ed, sus cuerpos militares y los contingentes de colonos extranjeros ilegalmente asentados en Cisjordania que asesinan y roban. Visitar los territorios ocupados sin denunciar el r\u00e9gimen de dominaci\u00f3n colonial y la expansi\u00f3n de los asentamientos constituye una grave incongruencia con la hist\u00f3rica solidaridad internacional de la sociedad chilena con los pueblos en resistencia y una validaci\u00f3n indirecta de cr\u00edmenes que vulneran de forma flagrante el derecho internacional humanitario.<\/p>\n\n\n\n<p>Un periplo efectuado bajo la coartada de una \"semana distrital\" que desnuda el cinismo de un sector pol\u00edtico dispuesto a legitimar la ocupaci\u00f3n, el apartheid y el exterminio sistem\u00e1tico del pueblo palestino a cambio de la fotograf\u00eda oficial y el confort de los hoteles de cinco estrellas.<\/p>\n\n\n\n<p>Es, evidentemente, la desnaturalizaci\u00f3n de lo que se conoce en Chile como la \u201csemana distrital\u201d: periodo legislativo dise\u00f1ado exclusivamente para que los diputados y senadores recorran sus respectivas circunscripciones o distritos, escuchen las demandas de la ciudadan\u00eda, fiscalicen en terreno y atiendan los problemas cotidianos de quienes los eligieron en las urnas.<\/p>\n\n\n\n<p>La elecci\u00f3n popular de los congresistas no ha sido para dedicarse al goce de viajes internacionales y menos a\u00fan a una visita de car\u00e1cter geopol\u00edtico, que significa apoyar a una entidad genocida como la israel\u00ed. Utilizar tiempo protegido por ley y recursos institucionales para una agenda geopol\u00edtica al margen del v\u00ednculo con el electorado erosiona la legitimidad del Congreso. Con un costo estimado de al menos 15.000 d\u00f3lares por invitado en pasajes, estad\u00eda y traslados, el financiamiento opaco de este periplo carece de cualquier beneficio para la sociedad chilena y evidencia una priorizaci\u00f3n de las agendas de \u00e9lite por sobre las demandas sociales urgentes.<\/p>\n\n\n\n<p><strong>Subordinaci\u00f3n geopol\u00edtica y complicidad diplom\u00e1tica<\/strong><\/p>\n\n\n\n<p>La visita incluy\u00f3 reuniones con el mencionado canciller israel\u00ed Gideon Sa\u2019ar y la participaci\u00f3n del embajador de Chile en Israel, el abogado de ciudadan\u00eda chileno-israel\u00ed Gabriel Zaliasnik, adem\u00e1s de figuras asesoras vinculadas a los intereses del sionismo regional. Estas gestiones configuran un alineamiento ideol\u00f3gico y diplom\u00e1tico que subordina los intereses nacionales a los ejes de Washington y Tel Aviv.<\/p>\n\n\n\n<p>El cl\u00edmax entreguista y desvergonzado de esta delegaci\u00f3n ocurri\u00f3 al entregar una medalla conmemorativa de la C\u00e1mara de Diputados a Roni Kaplan, un personaje vinculado a la maquinaria b\u00e9lica del ej\u00e9rcito de ocupaci\u00f3n israel\u00ed sobre quien pesan cuestionamientos por cr\u00edmenes de guerra. Entregar s\u00edmbolos patrios chilenos a un propagandista de la ofensiva militar es un insulto a la memoria de las m\u00e1s de 250.000 v\u00edctimas mortales en Gaza y a la resistencia hist\u00f3rica del pueblo palestino frente al muro de apartheid y la usurpaci\u00f3n de tierras.<\/p>\n\n\n\n<p>Esta actuaci\u00f3n parlamentaria sintoniza con el giro dr\u00e1stico y alarmante de la pol\u00edtica exterior bajo la administraci\u00f3n de Jos\u00e9 Antonio Kast. Rompiendo con la hist\u00f3rica tradici\u00f3n multilateral y de respeto a los derechos humanos de la diplomacia chilena, el actual gobierno ha profundizado v\u00ednculos inaceptables con reg\u00edmenes autocr\u00e1ticos y potencias hegem\u00f3nicas.<\/p>\n\n\n\n<p>Este estrechar de relaciones configura un alineamiento ideol\u00f3gico y diplom\u00e1tico profundamente imbricado. Este dise\u00f1o no constituye un hecho aislado ni una simple coincidencia protocolar, sino la ejecuci\u00f3n deliberada de una agenda orientada a blindar una alianza geopol\u00edtica incondicional. Prueba de ello es la designaci\u00f3n de un embajador en Washington, Andr\u00e9s Ergas, perteneciente a la comunidad jud\u00eda chilena, que subraya la voluntad de tender puentes directos con los c\u00edrculos de poder e influencia sionista en el hemisferio norte, alineando los intereses geopol\u00edticos nacionales de manera subordinada a los ejes de Washington y Tel Aviv.<\/p>\n\n\n\n<p>La elecci\u00f3n de un ex presidente de la comunidad jud\u00eda chilena, con doble nacionalidad chilena e israel\u00ed, como es Gabriel Zaliasnik, para encabezar la embajada en Israel disuelve las fronteras tradicionales entre la diplomacia de un Estado soberano y los intereses corporativos de una di\u00e1spora organizada, operando en la pr\u00e1ctica como un comisionado de los intereses del Estado ocupante.<\/p>\n\n\n\n<p>Sumemos la incorporaci\u00f3n de Eitan Bloch, coordinador de las comunidades sionistas del Cono Sur sudamericano, exasesor de la embajada de Israel en Chile y de diputados como el dem\u00f3crata cristiano Gabriel Silber, miembro de la comunidad jud\u00eda sionista en el pa\u00eds austral y uno de los principales lobistas de empresas israel\u00edes. La labor de Bloch como uno de los asesores principales en materia internacional de Kast evidencia que la toma de decisiones estrat\u00e9gicas en pol\u00edtica exterior ha sido delegada o fuertemente influenciada por cuadros org\u00e1nicos vinculados directamente a la defensa y promoci\u00f3n del sionismo regional e internacional.<\/p>\n\n\n\n<p>Este entramado de nombramientos y asesor\u00edas estrat\u00e9gicas consolida una estructura de complicidad institucional donde los canales diplom\u00e1ticos de la Rep\u00fablica de Chile quedan al servicio de la normalizaci\u00f3n y legitimaci\u00f3n de pol\u00edticas de ocupaci\u00f3n y cr\u00edmenes de guerra y de lesa humanidad en Asia occidental, en el genocidio contra Palestina, en la agresi\u00f3n contra El L\u00edbano y Siria, y en las guerras contra Ir\u00e1n junto a Estados Unidos. Esta realidad vulnera los principios hist\u00f3ricos de autodeterminaci\u00f3n y derecho internacional que Chile tiene que cautelar&nbsp;<strong>(2)<\/strong><\/p>\n\n\n\n<p>Bajo la administraci\u00f3n de Jos\u00e9 Antonio Kast, la pol\u00edtica exterior chilena ha sufrido un giro dr\u00e1stico y alarmante, aline\u00e1ndose de manera subordinada con reg\u00edmenes autocr\u00e1ticos, potencias hegem\u00f3nicas y proyectos de extrema derecha que desprecian la soberan\u00eda de los pueblos del Sur Global. Este alineamiento sit\u00faa al pa\u00eds de forma vergonzosa en el lado incorrecto de la historia.<\/p>\n\n\n\n<p>El actual gobierno ha profundizado lazos inaceptables con reg\u00edmenes que aplastan el derecho a la autodeterminaci\u00f3n, como el respaldo velado u omiso a la monarqu\u00eda marroqu\u00ed en su ilegal ocupaci\u00f3n del pueblo saharaui, y la vergonzosa legitimaci\u00f3n del r\u00e9gimen israel\u00ed, avalando su maquinaria de apartheid y genocidio contra el pueblo palestino. Se ha consolidado una pol\u00edtica de sumisi\u00f3n ante los intereses geopol\u00edticos de Washington, una potencia que hist\u00f3ricamente ha tratado a Am\u00e9rica Latina como su patio trasero y ha saboteado los procesos democr\u00e1ticos de la regi\u00f3n.<\/p>\n\n\n\n<p>La diplomacia chilena estrecha posiciones y coordina agendas con gobiernos de corte autoritario \u2014bajo el mandato de Washington\u2014 que destruyen los derechos sociales, destacando la afinidad con la administraci\u00f3n ultraderechista de Javier Milei en Argentina, figuras de la ultraderecha colombiana como Abelardo de la Espriella, y el modelo punitivista de Nayib Bukele en El Salvador, fundamentalmente.<\/p>\n\n\n\n<figure class=\"wp-block-image\"><img decoding=\"async\" src=\"https:\/\/cdn.hispantv.com\/hispanmedia\/files\/images\/original\/20260830\/16584382.jpg\" alt=\"\"\/><figcaption class=\"wp-element-caption\">La ultraderecha en Latinoam\u00e9rica aliados del sionismo<\/figcaption><\/figure>\n\n\n\n<p>Esta deriva internacional transforma a Chile en c\u00f3mplice activo de la opresi\u00f3n global, sepultando la tradici\u00f3n solidaria y humanitaria que alguna vez caracteriz\u00f3 su diplomacia y se expresa en la visita despreciable de parlamentarios chilenos al territorio palestino ocupado.<\/p>\n\n\n\n<p>La ciudadan\u00eda anota nombres y silencios. Porque disfrazar de misi\u00f3n oficial un viaje de lavado de imagen no solo es un acto de profunda inmoralidad pol\u00edtica; es la prueba m\u00e1s dolorosa de que a ciertos representantes les importa infinitamente m\u00e1s la foto de protocolo y la mezquindad ideol\u00f3gica que la decencia humana m\u00e1s b\u00e1sica.<\/p>\n\n\n\n<p>Al final, cuando se apaguen los focos de la diplomacia de ocasi\u00f3n y se guarden los trajes de gala, quedar\u00e1 una verdad inalterable: la historia no juzgar\u00e1 a estos legisladores por los acuerdos firmados en despachos clandestinos ni por las excusas de una semana distrital, sino por el peso de su silencio ante la agon\u00eda ajena.<\/p>\n\n\n\n<p>Estos 11 parlamentarios caminaron sobre las ruinas de la dignidad humana y aplaudieron con indiferencia el dolor de los inocentes, cambiando el honor de representar a un pueblo solidario por el ef\u00edmero aplauso del opresor. Y mientras el mundo siga contando los muertos bajo los escombros, los nombres de quienes eligieron ser c\u00f3mplices de la barbarie permanecer\u00e1n grabados con la tinta imborrable de la verg\u00fcenza, record\u00e1ndonos que no hay inmunidad parlamentaria<\/p>\n","protected":false},"excerpt":{"rendered":"<p>Pablo Jofre Leal (Hispantv, 30-8-26) El viaje realizado entre el 21 y el 30 de agosto de 2026 por una comitiva de 11 parlamentarios chilenos a los territorios palestinos ocupados, para reunirse con cargos pol\u00edticos y militares de la entidad israel\u00ed, representa una afrenta directa a la obligaci\u00f3n de acatamiento de los derechos humanos y [&hellip;]<\/p>\n","protected":false},"author":1,"featured_media":61889,"comment_status":"open","ping_status":"open","sticky":false,"template":"","format":"standard","meta":{"footnotes":""},"categories":[14,12],"tags":[],"class_list":["post-61888","post","type-post","status-publish","format-standard","has-post-thumbnail","hentry","category-internacionales","category-politica-3"],"_links":{"self":[{"href":"https:\/\/debateplural.net\/site\/wp-json\/wp\/v2\/posts\/61888"}],"collection":[{"href":"https:\/\/debateplural.net\/site\/wp-json\/wp\/v2\/posts"}],"about":[{"href":"https:\/\/debateplural.net\/site\/wp-json\/wp\/v2\/types\/post"}],"author":[{"embeddable":true,"href":"https:\/\/debateplural.net\/site\/wp-json\/wp\/v2\/users\/1"}],"replies":[{"embeddable":true,"href":"https:\/\/debateplural.net\/site\/wp-json\/wp\/v2\/comments?post=61888"}],"version-history":[{"count":1,"href":"https:\/\/debateplural.net\/site\/wp-json\/wp\/v2\/posts\/61888\/revisions"}],"predecessor-version":[{"id":61890,"href":"https:\/\/debateplural.net\/site\/wp-json\/wp\/v2\/posts\/61888\/revisions\/61890"}],"wp:featuredmedia":[{"embeddable":true,"href":"https:\/\/debateplural.net\/site\/wp-json\/wp\/v2\/media\/61889"}],"wp:attachment":[{"href":"https:\/\/debateplural.net\/site\/wp-json\/wp\/v2\/media?parent=61888"}],"wp:term":[{"taxonomy":"category","embeddable":true,"href":"https:\/\/debateplural.net\/site\/wp-json\/wp\/v2\/categories?post=61888"},{"taxonomy":"post_tag","embeddable":true,"href":"https:\/\/debateplural.net\/site\/wp-json\/wp\/v2\/tags?post=61888"}],"curies":[{"name":"wp","href":"https:\/\/api.w.org\/{rel}","templated":true}]}}